{"id":11715,"date":"2013-12-11T12:22:45","date_gmt":"2013-12-11T12:22:45","guid":{"rendered":"http:\/\/www.agriatv.hu\/?p=11715"},"modified":"2013-12-11T12:22:45","modified_gmt":"2013-12-11T12:22:45","slug":"halalos-tuz-adacson","status":"publish","type":"post","link":"https:\/\/www.agriatv.hu\/?p=11715","title":{"rendered":"Hal\u00e1los t\u0171z Ad\u00e1cson"},"content":{"rendered":"<p style=\"text-align: justify;\"><b><a href=\"https:\/\/www.agriatv.hu\/wp-content\/uploads\/2013\/12\/1211adacs_tuz_v.jpg\"><img loading=\"lazy\" decoding=\"async\" class=\"alignleft size-medium wp-image-11716\" alt=\"1211adacs_tuz_v\" src=\"https:\/\/www.agriatv.hu\/wp-content\/uploads\/2013\/12\/1211adacs_tuz_v-300x240.jpg\" width=\"140\" height=\"91\" \/><\/a>December 11-\u00e9n, szerd\u00e1n reggel h\u00e9t \u00f3ra el\u0151tt \u00e9rkezett a bejelent\u00e9s a Heves Megyei Katasztr\u00f3fav\u00e9delmi Igazgat\u00f3s\u00e1g \u00fcgyelet\u00e9re, miszerint Ad\u00e1cson kigyulladt egy csal\u00e1di h\u00e1z.<\/b><\/p>\n<p style=\"text-align: justify;\">A gy\u00f6ngy\u00f6si t\u0171zolt\u00f3k h\u00e1rom g\u00e9pj\u00e1rm\u0171vel \u00e9s tizenk\u00e9t f\u0151vel vonultak a t\u0171zesethez. M\u00e9g az egys\u00e9gek ki\u00e9rkez\u00e9se el\u0151tt egy szem\u00e9lyt \u00e9s egy prop\u00e1n-but\u00e1n g\u00e1zpalackot kihoztak az \u00e9p\u00fcletb\u0151l. A t\u0171zesetben egy n\u0151 a helysz\u00ednen \u00e9let\u00e9t vesztette. A t\u0171zolt\u00f3k k\u00e9t v\u00edzsug\u00e1rral avatkoztak be, a tet\u0151szerkezet megbont\u00e1s\u00e1t k\u00f6vet\u0151en tudj\u00e1k elv\u00e9gezni a v\u00e9gleges t\u0171zolt\u00e1st, amely m\u00e9g folyamatban van.<\/p>\n<p style=\"text-align: justify;\">A szakemberek t\u0171zeseti helysz\u00edni szeml\u00e9t folytatnak le, a t\u0171zeset k\u00f6r\u00fclm\u00e9nyeinek a felt\u00e1r\u00e1s\u00e1ra pedig vizsg\u00e1lat indul.<div class=\"wordtube\">\n<div class=\"wordtube single1091\" id=\"WT1_1\" style=\"width:320px; height:240px;\">\n<a href=\"http:\/\/www.macromedia.com\/go\/getflashplayer\">Get the Flash Player<\/a> to see the wordTube Media Player.\n<\/div><\/div>\n\t<script type=\"text\/javascript\" defer=\"defer\">\nvar WT1_1 = {\n\tparams : {\n\t\twmode : \"opaque\",\n\t\tallowscriptaccess : \"always\",\n\t\tallownetworking : \"all\",\n\t\tallowfullscreen : \"true\"},\n\tflashvars : {\n\t\tfile : \"http%3A%2F%2Fwww.agriatv.hu%2Fwp-content%2Fuploads%2F2013%2F12%2F1211adacs_tuz.flv\",\n\t\tvolume : \"80\",\n\t\tbufferlength : \"5\",\n\t\tquality : \"false\",\n\t\t'logo.hide' : \"false\",\n\t\timage : \"http%3A%2F%2Fwww.agriatv.hu%2Fwp-content%2Fuploads%2F2013%2F12%2F1211adacs_tuz.jpg\",\n\t\ttitle : \"1211adacs_tuz.flv\",\n\t\tlinktarget : \"_self\"},\n\tattr : {\n\t\tid : \"WT1\",\n\t\tname : \"WT1\"},\n\tstart : function() {\n\t\tswfobject.embedSWF(\"https:\/\/www.agriatv.hu\/\/player.swf\", \"WT1_1\", \"320\", \"240\", \"9.0.0\", false, this.flashvars, this.params , this.attr );\n\t}\n}\nWT1_1.start();\n\t<\/script>\n<\/p>\n","protected":false},"excerpt":{"rendered":"<p>December 11-\u00e9n, szerd\u00e1n reggel h\u00e9t \u00f3ra el\u0151tt \u00e9rkezett a bejelent\u00e9s a Heves Megyei Katasztr\u00f3fav\u00e9delmi Igazgat\u00f3s\u00e1g \u00fcgyelet\u00e9re, miszerint Ad\u00e1cson kigyulladt egy csal\u00e1di h\u00e1z.<br \/>\nA gy\u00f6ngy\u00f6si t\u0171zolt\u00f3k h\u00e1rom g\u00e9pj\u00e1rm\u0171vel \u00e9s tizenk\u00e9t f\u0151vel vonultak a t\u0171zesethez. M\u00e9g az egys\u00e9gek ki\u00e9rkez\u00e9se el\u0151tt egy szem\u00e9lyt \u00e9s egy prop\u00e1n-but\u00e1n g\u00e1zpalackot kihoztak az \u00e9p\u00fcletb\u0151l. A t\u0171zesetben egy n\u0151 a helysz\u00ednen \u00e9let\u00e9t vesztette. A [&#8230;]<\/p>\n","protected":false},"author":4,"featured_media":0,"comment_status":"closed","ping_status":"closed","sticky":false,"template":"","format":"standard","meta":{"footnotes":""},"categories":[5],"tags":[1757,771,484,161],"class_list":["post-11715","post","type-post","status-publish","format-standard","hentry","category-kek-hirek","tag-adacs","tag-halal","tag-tuz","tag-tuzolto"],"_links":{"self":[{"href":"https:\/\/www.agriatv.hu\/index.php?rest_route=\/wp\/v2\/posts\/11715","targetHints":{"allow":["GET"]}}],"collection":[{"href":"https:\/\/www.agriatv.hu\/index.php?rest_route=\/wp\/v2\/posts"}],"about":[{"href":"https:\/\/www.agriatv.hu\/index.php?rest_route=\/wp\/v2\/types\/post"}],"author":[{"embeddable":true,"href":"https:\/\/www.agriatv.hu\/index.php?rest_route=\/wp\/v2\/users\/4"}],"replies":[{"embeddable":true,"href":"https:\/\/www.agriatv.hu\/index.php?rest_route=%2Fwp%2Fv2%2Fcomments&post=11715"}],"version-history":[{"count":1,"href":"https:\/\/www.agriatv.hu\/index.php?rest_route=\/wp\/v2\/posts\/11715\/revisions"}],"predecessor-version":[{"id":11717,"href":"https:\/\/www.agriatv.hu\/index.php?rest_route=\/wp\/v2\/posts\/11715\/revisions\/11717"}],"wp:attachment":[{"href":"https:\/\/www.agriatv.hu\/index.php?rest_route=%2Fwp%2Fv2%2Fmedia&parent=11715"}],"wp:term":[{"taxonomy":"category","embeddable":true,"href":"https:\/\/www.agriatv.hu\/index.php?rest_route=%2Fwp%2Fv2%2Fcategories&post=11715"},{"taxonomy":"post_tag","embeddable":true,"href":"https:\/\/www.agriatv.hu\/index.php?rest_route=%2Fwp%2Fv2%2Ftags&post=11715"}],"curies":[{"name":"wp","href":"https:\/\/api.w.org\/{rel}","templated":true}]}}