{"id":11734,"date":"2013-12-14T19:51:59","date_gmt":"2013-12-14T19:51:59","guid":{"rendered":"http:\/\/www.agriatv.hu\/?p=11734"},"modified":"2013-12-14T19:53:28","modified_gmt":"2013-12-14T19:53:28","slug":"suhogott-a-fejsze-szallt-a-forgacs","status":"publish","type":"post","link":"https:\/\/www.agriatv.hu\/?p=11734","title":{"rendered":"Suhogott a fejsze, sz\u00e1llt a forg\u00e1cs"},"content":{"rendered":"<p style=\"text-align: justify;\"><a href=\"https:\/\/www.agriatv.hu\/wp-content\/uploads\/2013\/12\/1214favago.Still002.jpg\"><img loading=\"lazy\" decoding=\"async\" class=\"alignleft  wp-image-11735\" alt=\"1214favago.Still002\" src=\"https:\/\/www.agriatv.hu\/wp-content\/uploads\/2013\/12\/1214favago.Still002-300x240.jpg\" width=\"155\" height=\"96\" \/><\/a>Hivat\u00e1sos, a fav\u00e1g\u00e1sban j\u00e1rtas emberek m\u00e9rt\u00e9k \u00f6ssze tud\u00e1sukat az I. M\u00e1tra kup\u00e1n. Z\u00fagott a motoros f\u0171r\u00e9sz, lecsaptak a borotva\u00e9les fejsz\u00e9k, sz\u00e1llt a forg\u00e1cs a n\u00e9z\u0151k \u00f6r\u00f6m\u00e9re. M\u00edg a nagyok a dobog\u00f3n mutatt\u00e1k meg tud\u00e1sukat, a kicsik k\u00f6z\u00f6tt volt aki saj\u00e1t f\u0171r\u00e9sz\u00e9vel munk\u00e1lkodott.<div class=\"wordtube\">\n<div class=\"wordtube single1096\" id=\"WT1_1\" style=\"width:320px; height:240px;\">\n<a href=\"http:\/\/www.macromedia.com\/go\/getflashplayer\">Get the Flash Player<\/a> to see the wordTube Media Player.\n<\/div><\/div>\n\t<script type=\"text\/javascript\" defer=\"defer\">\nvar WT1_1 = {\n\tparams : {\n\t\twmode : \"opaque\",\n\t\tallowscriptaccess : \"always\",\n\t\tallownetworking : \"all\",\n\t\tallowfullscreen : \"true\"},\n\tflashvars : {\n\t\tfile : \"http%3A%2F%2Fwww.agriatv.hu%2Fwp-content%2Fuploads%2F2013%2F12%2F1214favago.flv\",\n\t\tvolume : \"80\",\n\t\tbufferlength : \"5\",\n\t\tquality : \"false\",\n\t\t'logo.hide' : \"false\",\n\t\timage : \"http%3A%2F%2Fwww.agriatv.hu%2Fwp-content%2Fuploads%2F2013%2F12%2F1214favago.Still010.jpg\",\n\t\ttitle : \"1214favago.flv\",\n\t\tlinktarget : \"_self\"},\n\tattr : {\n\t\tid : \"WT1\",\n\t\tname : \"WT1\"},\n\tstart : function() {\n\t\tswfobject.embedSWF(\"https:\/\/www.agriatv.hu\/\/player.swf\", \"WT1_1\", \"320\", \"240\", \"9.0.0\", false, this.flashvars, this.params , this.attr );\n\t}\n}\nWT1_1.start();\n\t<\/script>\n<\/p>\n","protected":false},"excerpt":{"rendered":"<p>Hivat\u00e1sos, a fav\u00e1g\u00e1sban j\u00e1rtas emberek m\u00e9rt\u00e9k \u00f6ssze tud\u00e1sukat az I. M\u00e1tra kup\u00e1n. Z\u00fagott a motoros f\u0171r\u00e9sz, lecsaptak a borotva\u00e9les fejsz\u00e9k, sz\u00e1llt a forg\u00e1cs a n\u00e9z\u0151k \u00f6r\u00f6m\u00e9re. M\u00edg a nagyok a dobog\u00f3n mutatt\u00e1k meg tud\u00e1sukat, a kicsik k\u00f6z\u00f6tt volt aki saj\u00e1t f\u0171r\u00e9sz\u00e9vel munk\u00e1lkodott.<\/p>\n","protected":false},"author":4,"featured_media":0,"comment_status":"closed","ping_status":"closed","sticky":false,"template":"","format":"standard","meta":{"footnotes":""},"categories":[6,11,4],"tags":[1900,1377,314],"class_list":["post-11734","post","type-post","status-publish","format-standard","hentry","category-belfold","category-sport","category-szabadido","tag-favago","tag-matraderecske","tag-verseny"],"_links":{"self":[{"href":"https:\/\/www.agriatv.hu\/index.php?rest_route=\/wp\/v2\/posts\/11734","targetHints":{"allow":["GET"]}}],"collection":[{"href":"https:\/\/www.agriatv.hu\/index.php?rest_route=\/wp\/v2\/posts"}],"about":[{"href":"https:\/\/www.agriatv.hu\/index.php?rest_route=\/wp\/v2\/types\/post"}],"author":[{"embeddable":true,"href":"https:\/\/www.agriatv.hu\/index.php?rest_route=\/wp\/v2\/users\/4"}],"replies":[{"embeddable":true,"href":"https:\/\/www.agriatv.hu\/index.php?rest_route=%2Fwp%2Fv2%2Fcomments&post=11734"}],"version-history":[{"count":3,"href":"https:\/\/www.agriatv.hu\/index.php?rest_route=\/wp\/v2\/posts\/11734\/revisions"}],"predecessor-version":[{"id":11738,"href":"https:\/\/www.agriatv.hu\/index.php?rest_route=\/wp\/v2\/posts\/11734\/revisions\/11738"}],"wp:attachment":[{"href":"https:\/\/www.agriatv.hu\/index.php?rest_route=%2Fwp%2Fv2%2Fmedia&parent=11734"}],"wp:term":[{"taxonomy":"category","embeddable":true,"href":"https:\/\/www.agriatv.hu\/index.php?rest_route=%2Fwp%2Fv2%2Fcategories&post=11734"},{"taxonomy":"post_tag","embeddable":true,"href":"https:\/\/www.agriatv.hu\/index.php?rest_route=%2Fwp%2Fv2%2Ftags&post=11734"}],"curies":[{"name":"wp","href":"https:\/\/api.w.org\/{rel}","templated":true}]}}