{"id":11751,"date":"2013-12-17T18:53:05","date_gmt":"2013-12-17T18:53:05","guid":{"rendered":"http:\/\/www.agriatv.hu\/?p=11751"},"modified":"2013-12-17T18:55:21","modified_gmt":"2013-12-17T18:55:21","slug":"lekopte-tarkon-utotte-a-birot-a-kapus","status":"publish","type":"post","link":"https:\/\/www.agriatv.hu\/?p=11751","title":{"rendered":"Lek\u00f6pte, tark\u00f3n \u00fct\u00f6tte a b\u00edr\u00f3t a kapus"},"content":{"rendered":"<p style=\"text-align: justify;\"><a href=\"https:\/\/www.agriatv.hu\/wp-content\/uploads\/2013\/12\/1217csany_foci_v.jpg\"><img loading=\"lazy\" decoding=\"async\" class=\"alignleft  wp-image-11752\" alt=\"1217csany_foci_v\" src=\"https:\/\/www.agriatv.hu\/wp-content\/uploads\/2013\/12\/1217csany_foci_v-300x240.jpg\" width=\"130\" height=\"76\" \/><\/a>V\u00e1dat emelt a Hatvani J\u00e1r\u00e1si \u00dcgy\u00e9szs\u00e9g egy gar\u00e1zda magatart\u00e1st tan\u00fas\u00edt\u00f3 ifj\u00fa futballkapus ellen \u2013 adott t\u00e1j\u00e9koztat\u00e1st dr. Konkoly Thege L\u00e1szl\u00f3 f\u0151\u00fcgy\u00e9szs\u00e9gi \u00fcgy\u00e9sz, a Heves Megyei F\u0151\u00fcgy\u00e9szs\u00e9g sajt\u00f3sz\u00f3viv\u0151je.<\/p>\n<p style=\"text-align: justify;\">2012.\u00a0szeptember 8-\u00e1n ker\u00fclt sor Zagyvasz\u00e1nt\u00f3n a megyei II. oszt\u00e1ly\u00fa bajnoks\u00e1gban lej\u00e1tszott U-19 koroszt\u00e1lyos labdar\u00fag\u00f3-m\u00e9rk\u0151z\u00e9sre. A cs\u00e1nyi csapat volt a helyiek vend\u00e9ge.<\/p>\n<p style=\"text-align: justify;\">Az els\u0151 f\u00e9lid\u0151 46. perc\u00e9ben a cs\u00e1nyi egy\u00fcttes 1-0-ra vezetett, amikor a j\u00e1t\u00e9kvezet\u0151 b\u00fcntet\u0151r\u00fag\u00e1st \u00edt\u00e9lt a hazaiak jav\u00e1ra, s azzal a zagyvasz\u00e1nt\u00f3iak egyenl\u00edtettek. A v\u00e1dirat szerint ekkor a 21 \u00e9ves L. Oliv\u00e9r, a vend\u00e9gek h\u00e1l\u00f3\u0151re a 16-oson k\u00edv\u00fclre futva lek\u00f6pte a b\u00edr\u00f3t, becsm\u00e9relte \u0151t, majd teny\u00e9rrel tark\u00f3n v\u00e1gta. A megt\u00e1madott sportt\u00e1rs ki\u00e1ll\u00edtotta. Lef\u00fajta a f\u00e9lid\u0151t, de a fiatal kapus az \u00f6lt\u00f6z\u0151be igyekv\u0151 s\u00edpmestert k\u00f6ny\u00f6kkel a v\u00e1ll\u00e1n is meg\u00fct\u00f6tte.<\/p>\n<p style=\"text-align: justify;\">L. Oliv\u00e9r kih\u00edv\u00f3an k\u00f6z\u00f6ss\u00e9gellenes, er\u0151szakos magatart\u00e1sa a focip\u00e1ly\u00e1n alkalmas volt arra, hogy a jelenl\u00e9v\u0151kben riadalmat \u00e9s megbotr\u00e1nkoz\u00e1st keltsen. Ez\u00e9rt \u0151t az \u00fcgy\u00e9szs\u00e9g nyilv\u00e1nos rendezv\u00e9nyen elk\u00f6vetett gar\u00e1zdas\u00e1g b\u0171ntett\u00e9vel v\u00e1dolja, ami\u00e9rt a b\u00edr\u00f3s\u00e1g ak\u00e1r h\u00e1rom \u00e9vi szabads\u00e1gveszt\u00e9s-b\u00fcntet\u00e9ssel is s\u00fajthatja.<\/p>\n<p style=\"text-align: justify;\">\u2013 Ez rem\u00e9lhet\u0151en nemcsak m\u00e1s j\u00e1t\u00e9kosokat tarthat vissza a j\u00f6v\u0151ben az el\u0151\u00edr\u00e1sokat figyelmen k\u00edv\u00fcl hagy\u00f3, s devi\u00e1ns viselked\u00e9st\u0151l, hanem a renitens szurkol\u00f3kat is \u2013 k\u00f6z\u00f6lte a sajt\u00f3sz\u00f3viv\u0151.<\/p>\n<p style=\"text-align: justify;\">L. Oliv\u00e9rt fegyelmi \u00faton a Heves Megyei Labdar\u00fag\u00f3 Sz\u00f6vets\u00e9g is felel\u0151ss\u00e9gre vonta.<div class=\"wordtube\">\n<div class=\"wordtube single1099\" id=\"WT1_1\" style=\"width:320px; height:240px;\">\n<a href=\"http:\/\/www.macromedia.com\/go\/getflashplayer\">Get the Flash Player<\/a> to see the wordTube Media Player.\n<\/div><\/div>\n\t<script type=\"text\/javascript\" defer=\"defer\">\nvar WT1_1 = {\n\tparams : {\n\t\twmode : \"opaque\",\n\t\tallowscriptaccess : \"always\",\n\t\tallownetworking : \"all\",\n\t\tallowfullscreen : \"true\"},\n\tflashvars : {\n\t\tfile : \"http%3A%2F%2Fwww.agriatv.hu%2Fwp-content%2Fuploads%2F2013%2F12%2F1217csany_foci.flv\",\n\t\tvolume : \"80\",\n\t\tbufferlength : \"5\",\n\t\tquality : \"false\",\n\t\t'logo.hide' : \"false\",\n\t\timage : \"http%3A%2F%2Fwww.agriatv.hu%2Fwp-content%2Fuploads%2F2013%2F12%2F1217csany_foci.jpg\",\n\t\ttitle : \"1217csany_foci.flv\",\n\t\tlinktarget : \"_self\"},\n\tattr : {\n\t\tid : \"WT1\",\n\t\tname : \"WT1\"},\n\tstart : function() {\n\t\tswfobject.embedSWF(\"https:\/\/www.agriatv.hu\/\/player.swf\", \"WT1_1\", \"320\", \"240\", \"9.0.0\", false, this.flashvars, this.params , this.attr );\n\t}\n}\nWT1_1.start();\n\t<\/script>\n<\/p>\n","protected":false},"excerpt":{"rendered":"<p>V\u00e1dat emelt a Hatvani J\u00e1r\u00e1si \u00dcgy\u00e9szs\u00e9g egy gar\u00e1zda magatart\u00e1st tan\u00fas\u00edt\u00f3 ifj\u00fa futballkapus ellen \u2013 adott t\u00e1j\u00e9koztat\u00e1st dr. Konkoly Thege L\u00e1szl\u00f3 f\u0151\u00fcgy\u00e9szs\u00e9gi \u00fcgy\u00e9sz, a Heves Megyei F\u0151\u00fcgy\u00e9szs\u00e9g sajt\u00f3sz\u00f3viv\u0151je.<br \/>\n2012.\u00a0szeptember 8-\u00e1n ker\u00fclt sor Zagyvasz\u00e1nt\u00f3n a megyei II. oszt\u00e1ly\u00fa bajnoks\u00e1gban lej\u00e1tszott U-19 koroszt\u00e1lyos labdar\u00fag\u00f3-m\u00e9rk\u0151z\u00e9sre. A cs\u00e1nyi csapat volt a helyiek vend\u00e9ge.<br \/>\nAz els\u0151 f\u00e9lid\u0151 46. perc\u00e9ben a cs\u00e1nyi egy\u00fcttes 1-0-ra [&#8230;]<\/p>\n","protected":false},"author":4,"featured_media":0,"comment_status":"closed","ping_status":"closed","sticky":false,"template":"","format":"standard","meta":{"footnotes":""},"categories":[5,11],"tags":[1902,1039,1430,447],"class_list":["post-11751","post","type-post","status-publish","format-standard","hentry","category-kek-hirek","category-sport","tag-csany","tag-foci","tag-garazdasag","tag-ugyeszseg"],"_links":{"self":[{"href":"https:\/\/www.agriatv.hu\/index.php?rest_route=\/wp\/v2\/posts\/11751","targetHints":{"allow":["GET"]}}],"collection":[{"href":"https:\/\/www.agriatv.hu\/index.php?rest_route=\/wp\/v2\/posts"}],"about":[{"href":"https:\/\/www.agriatv.hu\/index.php?rest_route=\/wp\/v2\/types\/post"}],"author":[{"embeddable":true,"href":"https:\/\/www.agriatv.hu\/index.php?rest_route=\/wp\/v2\/users\/4"}],"replies":[{"embeddable":true,"href":"https:\/\/www.agriatv.hu\/index.php?rest_route=%2Fwp%2Fv2%2Fcomments&post=11751"}],"version-history":[{"count":2,"href":"https:\/\/www.agriatv.hu\/index.php?rest_route=\/wp\/v2\/posts\/11751\/revisions"}],"predecessor-version":[{"id":11754,"href":"https:\/\/www.agriatv.hu\/index.php?rest_route=\/wp\/v2\/posts\/11751\/revisions\/11754"}],"wp:attachment":[{"href":"https:\/\/www.agriatv.hu\/index.php?rest_route=%2Fwp%2Fv2%2Fmedia&parent=11751"}],"wp:term":[{"taxonomy":"category","embeddable":true,"href":"https:\/\/www.agriatv.hu\/index.php?rest_route=%2Fwp%2Fv2%2Fcategories&post=11751"},{"taxonomy":"post_tag","embeddable":true,"href":"https:\/\/www.agriatv.hu\/index.php?rest_route=%2Fwp%2Fv2%2Ftags&post=11751"}],"curies":[{"name":"wp","href":"https:\/\/api.w.org\/{rel}","templated":true}]}}