{"id":11788,"date":"2013-11-15T13:53:01","date_gmt":"2013-11-15T13:53:01","guid":{"rendered":"http:\/\/www.agriatv.hu\/?p=11788"},"modified":"2013-12-20T13:54:11","modified_gmt":"2013-12-20T13:54:11","slug":"evk-ih-kozlemeny-a-videki-gazdasag-es-a-lakossag-szamara-nyujtott-alapszolgaltatasok-fejleszteserol","status":"publish","type":"post","link":"https:\/\/www.agriatv.hu\/?p=11788","title":{"rendered":"EVK: IH K\u00f6zlem\u00e9ny a vid\u00e9ki gazdas\u00e1g \u00e9s a lakoss\u00e1g sz\u00e1m\u00e1ra ny\u00fajtott alapszolg\u00e1ltat\u00e1sok fejleszt\u00e9s\u00e9r\u0151l"},"content":{"rendered":"<p><a href=\"https:\/\/www.agriatv.hu\/wp-content\/uploads\/2013\/10\/egervidek.jpg\"><img loading=\"lazy\" decoding=\"async\" class=\"alignleft size-full wp-image-11203\" alt=\"egervidek\" src=\"https:\/\/www.agriatv.hu\/wp-content\/uploads\/2013\/10\/egervidek.jpg\" width=\"178\" height=\"55\" \/><\/a>Tisztelt \u00c9rdekl\u0151d\u0151k!<\/p>\n<p>T\u00e1j\u00e9koztatjuk \u00d6n\u00f6ket, hogy megjelent az Eur\u00f3pai Mez\u0151gazdas\u00e1gi Vid\u00e9kfejleszt\u00e9si Alapb\u00f3l ny\u00fajtand\u00f3, a vid\u00e9ki gazdas\u00e1g \u00e9s a lakoss\u00e1g sz\u00e1m\u00e1ra ny\u00fajtott alapszolg\u00e1ltat\u00e1sok fejleszt\u00e9s\u00e9re<br \/>\n2013-t\u00f3l ig\u00e9nybe vehet\u0151 t\u00e1mogat\u00e1sok r\u00e9szletes felt\u00e9teleir\u0151l sz\u00f3l\u00f3 103\/2013. (XI.18.) VM rendeletr\u0151l, valamint a kist\u00e9rs\u00e9gi k\u00f6zleked\u00e9si szolg\u00e1ltat\u00e1sok fejleszt\u00e9se keret\u00e9ben a k\u00f6telez\u0151 arculati elemek alkalmaz\u00e1s\u00e1ra vonatkoz\u00f3 Arculati \u00fatmutat\u00f3r\u00f3l, tov\u00e1bb\u00e1 a \u201eG\u00e9pj\u00e1rm\u0171 katal\u00f3gus a kist\u00e9rs\u00e9gi k\u00f6zleked\u00e9si szolg\u00e1ltat\u00e1sok fejleszt\u00e9s\u00e9hez\u201d c\u00edm\u0171 katal\u00f3gusr\u00f3l sz\u00f3l\u00f3 IH k\u00f6zlem\u00e9ny.<\/p>\n<p>A mell\u00e9kletekben megtal\u00e1lhat\u00f3 az IH k\u00f6zlem\u00e9ny, az Arculati K\u00e9zik\u00f6nyv valamint a G\u00e9pkatal\u00f3gus.<\/p>\n<p>F\u00e1jlok:<\/p>\n<p><a href=\"http:\/\/www.evk-egyesulet.hu\/sites\/default\/files\/IH%20k%C3%B6zlem%C3%A9ny%20321_2013.docx\">IH k\u00f6zlem\u00e9ny 321_2013.docx<\/a><\/p>\n<p><a href=\"http:\/\/www.evk-egyesulet.hu\/sites\/default\/files\/G%C3%A9pkatal%C3%B3gus_2013_VMnek%20g%C3%A9pk%C3%B3dokkal.xlsx\">G\u00e9pkatal\u00f3gus_2013_VMnek g\u00e9pk\u00f3dokkal.xlsx<\/a><\/p>\n<p><a href=\"http:\/\/www.evk-egyesulet.hu\/sites\/default\/files\/2013XI_Kist%C3%A9rs%C3%A9gi%20k%C3%B6zleked%C3%A9si%20szolg%C3%A1ltat%C3%A1sok.zip\">2013XI_Kist\u00e9rs\u00e9gi k\u00f6zleked\u00e9si szolg\u00e1ltat\u00e1sok.zip<\/a><\/p>\n<p><sub>\u201eEur\u00f3pai Mez\u0151gazdas\u00e1gi Vid\u00e9kfejleszt\u00e9si Alap: a vid\u00e9ki ter\u00fcletekbe beruh\u00e1z\u00f3 Eur\u00f3pa\u201d\u00a0\u00a0\u00a0\u00a0 <\/sub><\/p>\n<p><b><span style=\"text-decoration: underline;\">Forr\u00e1s:<\/span><\/b> <a href=\"http:\/\/www.evk-egyesulet.hu\">www.evk-egyesulet.hu<\/a><\/p>\n","protected":false},"excerpt":{"rendered":"<p>Tisztelt \u00c9rdekl\u0151d\u0151k!<br \/>\nT\u00e1j\u00e9koztatjuk \u00d6n\u00f6ket, hogy megjelent az Eur\u00f3pai Mez\u0151gazdas\u00e1gi Vid\u00e9kfejleszt\u00e9si Alapb\u00f3l ny\u00fajtand\u00f3, a vid\u00e9ki gazdas\u00e1g \u00e9s a lakoss\u00e1g sz\u00e1m\u00e1ra ny\u00fajtott alapszolg\u00e1ltat\u00e1sok fejleszt\u00e9s\u00e9re<br \/>\n2013-t\u00f3l ig\u00e9nybe vehet\u0151 t\u00e1mogat\u00e1sok r\u00e9szletes felt\u00e9teleir\u0151l sz\u00f3l\u00f3 103\/2013. (XI.18.) VM rendeletr\u0151l, valamint a kist\u00e9rs\u00e9gi k\u00f6zleked\u00e9si szolg\u00e1ltat\u00e1sok fejleszt\u00e9se keret\u00e9ben a k\u00f6telez\u0151 arculati elemek alkalmaz\u00e1s\u00e1ra vonatkoz\u00f3 Arculati \u00fatmutat\u00f3r\u00f3l, tov\u00e1bb\u00e1 a \u201eG\u00e9pj\u00e1rm\u0171 katal\u00f3gus a kist\u00e9rs\u00e9gi k\u00f6zleked\u00e9si szolg\u00e1ltat\u00e1sok fejleszt\u00e9s\u00e9hez\u201d [&#8230;]<\/p>\n","protected":false},"author":4,"featured_media":0,"comment_status":"closed","ping_status":"closed","sticky":false,"template":"","format":"standard","meta":{"footnotes":""},"categories":[6],"tags":[1615],"class_list":["post-11788","post","type-post","status-publish","format-standard","hentry","category-belfold","tag-evk"],"_links":{"self":[{"href":"https:\/\/www.agriatv.hu\/index.php?rest_route=\/wp\/v2\/posts\/11788","targetHints":{"allow":["GET"]}}],"collection":[{"href":"https:\/\/www.agriatv.hu\/index.php?rest_route=\/wp\/v2\/posts"}],"about":[{"href":"https:\/\/www.agriatv.hu\/index.php?rest_route=\/wp\/v2\/types\/post"}],"author":[{"embeddable":true,"href":"https:\/\/www.agriatv.hu\/index.php?rest_route=\/wp\/v2\/users\/4"}],"replies":[{"embeddable":true,"href":"https:\/\/www.agriatv.hu\/index.php?rest_route=%2Fwp%2Fv2%2Fcomments&post=11788"}],"version-history":[{"count":1,"href":"https:\/\/www.agriatv.hu\/index.php?rest_route=\/wp\/v2\/posts\/11788\/revisions"}],"predecessor-version":[{"id":11789,"href":"https:\/\/www.agriatv.hu\/index.php?rest_route=\/wp\/v2\/posts\/11788\/revisions\/11789"}],"wp:attachment":[{"href":"https:\/\/www.agriatv.hu\/index.php?rest_route=%2Fwp%2Fv2%2Fmedia&parent=11788"}],"wp:term":[{"taxonomy":"category","embeddable":true,"href":"https:\/\/www.agriatv.hu\/index.php?rest_route=%2Fwp%2Fv2%2Fcategories&post=11788"},{"taxonomy":"post_tag","embeddable":true,"href":"https:\/\/www.agriatv.hu\/index.php?rest_route=%2Fwp%2Fv2%2Ftags&post=11788"}],"curies":[{"name":"wp","href":"https:\/\/api.w.org\/{rel}","templated":true}]}}