{"id":11825,"date":"2013-12-23T22:32:29","date_gmt":"2013-12-23T22:32:29","guid":{"rendered":"http:\/\/www.agriatv.hu\/?p=11825"},"modified":"2013-12-23T22:36:11","modified_gmt":"2013-12-23T22:36:11","slug":"sultcsirke-a-menhelyi-kutyaknak","status":"publish","type":"post","link":"https:\/\/www.agriatv.hu\/?p=11825","title":{"rendered":"S\u00fcltcsirke a menhelyi kuty\u00e1knak"},"content":{"rendered":"<p style=\"text-align: justify;\"><a href=\"https:\/\/www.agriatv.hu\/wp-content\/uploads\/2013\/12\/1222menhely_v.jpg\"><img loading=\"lazy\" decoding=\"async\" class=\"alignleft  wp-image-11826\" alt=\"1222menhely_v\" src=\"https:\/\/www.agriatv.hu\/wp-content\/uploads\/2013\/12\/1222menhely_v-300x240.jpg\" width=\"155\" height=\"92\" \/><\/a>Kar\u00e1csonyi meglepet\u00e9s-eb\u00e9dk\u00e9nt csirk\u00e9ket s\u00fct\u00f6ttek az egri kutyamenhely lak\u00f3inak. A telepen jelenleg 58 kuty\u00e1t \u00e1polnak, van amelyiket gazd\u00e1ja engedett el \u00e9s van amelyiket az altat\u00e1s el\u0151l mentettek meg az \u00e1llatv\u00e9d\u0151k. Az egyes\u00fclet adom\u00e1nyokb\u00f3l tudja fenntartani a telepet, melyet most is b\u0151v\u00edtenek. <div class=\"wordtube\">\n<div class=\"wordtube single1110\" id=\"WT1_1\" style=\"width:320px; height:240px;\">\n<a href=\"http:\/\/www.macromedia.com\/go\/getflashplayer\">Get the Flash Player<\/a> to see the wordTube Media Player.\n<\/div><\/div>\n\t<script type=\"text\/javascript\" defer=\"defer\">\nvar WT1_1 = {\n\tparams : {\n\t\twmode : \"opaque\",\n\t\tallowscriptaccess : \"always\",\n\t\tallownetworking : \"all\",\n\t\tallowfullscreen : \"true\"},\n\tflashvars : {\n\t\tfile : \"http%3A%2F%2Fwww.agriatv.hu%2Fwp-content%2Fuploads%2F2013%2F12%2F1222menhely.flv\",\n\t\tvolume : \"80\",\n\t\tbufferlength : \"5\",\n\t\tquality : \"false\",\n\t\t'logo.hide' : \"false\",\n\t\timage : \"http%3A%2F%2Fwww.agriatv.hu%2Fwp-content%2Fuploads%2F2013%2F12%2F1222menhely.jpg\",\n\t\ttitle : \"1222menhely.flv\",\n\t\tlinktarget : \"_self\"},\n\tattr : {\n\t\tid : \"WT1\",\n\t\tname : \"WT1\"},\n\tstart : function() {\n\t\tswfobject.embedSWF(\"https:\/\/www.agriatv.hu\/\/player.swf\", \"WT1_1\", \"320\", \"240\", \"9.0.0\", false, this.flashvars, this.params , this.attr );\n\t}\n}\nWT1_1.start();\n\t<\/script>\n<\/p>\n","protected":false},"excerpt":{"rendered":"<p>Kar\u00e1csonyi meglepet\u00e9s-eb\u00e9dk\u00e9nt csirk\u00e9ket s\u00fct\u00f6ttek az egri kutyamenhely lak\u00f3inak. A telepen jelenleg 58 kuty\u00e1t \u00e1polnak, van amelyiket gazd\u00e1ja engedett el \u00e9s van amelyiket az altat\u00e1s el\u0151l mentettek meg az \u00e1llatv\u00e9d\u0151k. Az egyes\u00fclet adom\u00e1nyokb\u00f3l tudja fenntartani a telepet, melyet most is b\u0151v\u00edtenek. <\/p>\n","protected":false},"author":4,"featured_media":0,"comment_status":"closed","ping_status":"closed","sticky":false,"template":"","format":"standard","meta":{"footnotes":""},"categories":[6],"tags":[658,832,1898],"class_list":["post-11825","post","type-post","status-publish","format-standard","hentry","category-belfold","tag-karacsony","tag-kutya","tag-menhely"],"_links":{"self":[{"href":"https:\/\/www.agriatv.hu\/index.php?rest_route=\/wp\/v2\/posts\/11825","targetHints":{"allow":["GET"]}}],"collection":[{"href":"https:\/\/www.agriatv.hu\/index.php?rest_route=\/wp\/v2\/posts"}],"about":[{"href":"https:\/\/www.agriatv.hu\/index.php?rest_route=\/wp\/v2\/types\/post"}],"author":[{"embeddable":true,"href":"https:\/\/www.agriatv.hu\/index.php?rest_route=\/wp\/v2\/users\/4"}],"replies":[{"embeddable":true,"href":"https:\/\/www.agriatv.hu\/index.php?rest_route=%2Fwp%2Fv2%2Fcomments&post=11825"}],"version-history":[{"count":3,"href":"https:\/\/www.agriatv.hu\/index.php?rest_route=\/wp\/v2\/posts\/11825\/revisions"}],"predecessor-version":[{"id":11829,"href":"https:\/\/www.agriatv.hu\/index.php?rest_route=\/wp\/v2\/posts\/11825\/revisions\/11829"}],"wp:attachment":[{"href":"https:\/\/www.agriatv.hu\/index.php?rest_route=%2Fwp%2Fv2%2Fmedia&parent=11825"}],"wp:term":[{"taxonomy":"category","embeddable":true,"href":"https:\/\/www.agriatv.hu\/index.php?rest_route=%2Fwp%2Fv2%2Fcategories&post=11825"},{"taxonomy":"post_tag","embeddable":true,"href":"https:\/\/www.agriatv.hu\/index.php?rest_route=%2Fwp%2Fv2%2Ftags&post=11825"}],"curies":[{"name":"wp","href":"https:\/\/api.w.org\/{rel}","templated":true}]}}