{"id":11944,"date":"2014-01-13T18:49:29","date_gmt":"2014-01-13T18:49:29","guid":{"rendered":"http:\/\/www.agriatv.hu\/?p=11944"},"modified":"2014-01-13T18:49:29","modified_gmt":"2014-01-13T18:49:29","slug":"bantalmazta-az-autobusz-vezetojet","status":"publish","type":"post","link":"https:\/\/www.agriatv.hu\/?p=11944","title":{"rendered":"B\u00e1ntalmazta az aut\u00f3busz vezet\u0151j\u00e9t"},"content":{"rendered":"<div>\n<div>\n<div style=\"text-align: justify;\"><a href=\"https:\/\/www.agriatv.hu\/wp-content\/uploads\/2014\/01\/0113busz_gyongyos_v.jpg\"><img loading=\"lazy\" decoding=\"async\" class=\"alignleft  wp-image-11945\" alt=\"0113busz_gyongyos_v\" src=\"https:\/\/www.agriatv.hu\/wp-content\/uploads\/2014\/01\/0113busz_gyongyos_v-300x240.jpg\" width=\"136\" height=\"82\" \/><\/a>Gyan\u00fas\u00edtottk\u00e9nt hallgatt\u00e1k ki a 24 \u00e9ves f\u00e9rfit.<\/div>\n<\/div>\n<\/div>\n<div>\n<div>\n<div>\n<p style=\"text-align: justify;\">Elj\u00e1r\u00e1s indult egy j\u00e1sz\u00e1roksz\u00e1ll\u00e1si f\u00e9rfi ellen, aki 2014. janu\u00e1r 12-\u00e9n a kora reggeli \u00f3r\u00e1kban, egy gy\u00f6ngy\u00f6si aut\u00f3buszmeg\u00e1ll\u00f3ban el\u0151zetes sz\u00f3v\u00e1lt\u00e1st k\u00f6vet\u0151en b\u00e1ntalmazott egy aut\u00f3busz vezet\u0151t.<\/p>\n<p style=\"text-align: justify;\">A jelenleg rendelkez\u00e9sre \u00e1ll\u00f3 adatok szerint a j\u00e1sz\u00e1roksz\u00e1ll\u00e1si f\u00e9rfi k\u00e9t t\u00e1rs\u00e1val v\u00e1rakozott a meg\u00e1ll\u00f3ban, amikor meg\u00e9rkezett az aut\u00f3busz \u00e9s egyik t\u00e1rsa r\u00e1csapott a j\u00e1rm\u0171 sz\u00e9lv\u00e9d\u0151j\u00e9re, majd ezt k\u00f6vet\u0151en az aut\u00f3busz vezet\u0151je lesz\u00e1ll \u00e9s k\u00e9rd\u0151re vonta a t\u00e1rsas\u00e1got. A j\u00e1sz\u00e1roksz\u00e1ll\u00e1si f\u00e9rfi elmond\u00e1sa szerint azt hitte, hogy az aut\u00f3busz vezet\u0151je b\u00e1ntani akarja t\u00e1rs\u00e1t, ami\u00e9rt r\u00e1csapott az aut\u00f3busz sz\u00e9lv\u00e9d\u0151j\u00e9re, ez\u00e9rt t\u00e1rsa v\u00e9delm\u00e9re kellve b\u00e1ntalmazta a f\u00e9rfit.<\/p>\n<p style=\"text-align: justify;\">A. J\u00f3zsef 24 \u00e9ves j\u00e1sz\u00e1roksz\u00e1ll\u00e1si f\u00e9rfi ellen \u2013 szabadl\u00e1bon hagy\u00e1sa mellett \u2013 gar\u00e1zdas\u00e1g v\u00e9ts\u00e9ge elk\u00f6vet\u00e9s\u00e9nek megalapozott gyan\u00faja miatt ind\u00edtott elj\u00e1r\u00e1st a Gy\u00f6ngy\u00f6si Rend\u0151rkapit\u00e1nys\u00e1g.<div class=\"wordtube\">\n<div class=\"wordtube single1133\" id=\"WT1_1\" style=\"width:320px; height:240px;\">\n<a href=\"http:\/\/www.macromedia.com\/go\/getflashplayer\">Get the Flash Player<\/a> to see the wordTube Media Player.\n<\/div><\/div>\n\t<script type=\"text\/javascript\" defer=\"defer\">\nvar WT1_1 = {\n\tparams : {\n\t\twmode : \"opaque\",\n\t\tallowscriptaccess : \"always\",\n\t\tallownetworking : \"all\",\n\t\tallowfullscreen : \"true\"},\n\tflashvars : {\n\t\tfile : \"http%3A%2F%2Fwww.agriatv.hu%2Fwp-content%2Fuploads%2F2014%2F01%2F0113busz_gyongyos.flv\",\n\t\tvolume : \"80\",\n\t\tbufferlength : \"5\",\n\t\tquality : \"false\",\n\t\t'logo.hide' : \"false\",\n\t\timage : \"http%3A%2F%2Fwww.agriatv.hu%2Fwp-content%2Fuploads%2F2014%2F01%2F0113busz_gyongyos.jpg\",\n\t\ttitle : \"0113busz_gyongyos.flv\",\n\t\tlinktarget : \"_self\"},\n\tattr : {\n\t\tid : \"WT1\",\n\t\tname : \"WT1\"},\n\tstart : function() {\n\t\tswfobject.embedSWF(\"https:\/\/www.agriatv.hu\/\/player.swf\", \"WT1_1\", \"320\", \"240\", \"9.0.0\", false, this.flashvars, this.params , this.attr );\n\t}\n}\nWT1_1.start();\n\t<\/script>\n<\/p>\n<\/div>\n<\/div>\n<\/div>\n","protected":false},"excerpt":{"rendered":"<p>Gyan\u00fas\u00edtottk\u00e9nt hallgatt\u00e1k ki a 24 \u00e9ves f\u00e9rfit.<\/p>\n<p>Elj\u00e1r\u00e1s indult egy j\u00e1sz\u00e1roksz\u00e1ll\u00e1si f\u00e9rfi ellen, aki 2014. janu\u00e1r 12-\u00e9n a kora reggeli \u00f3r\u00e1kban, egy gy\u00f6ngy\u00f6si aut\u00f3buszmeg\u00e1ll\u00f3ban el\u0151zetes sz\u00f3v\u00e1lt\u00e1st k\u00f6vet\u0151en b\u00e1ntalmazott egy aut\u00f3busz vezet\u0151t.<br \/>\nA jelenleg rendelkez\u00e9sre \u00e1ll\u00f3 adatok szerint a j\u00e1sz\u00e1roksz\u00e1ll\u00e1si f\u00e9rfi k\u00e9t t\u00e1rs\u00e1val v\u00e1rakozott a meg\u00e1ll\u00f3ban, amikor meg\u00e9rkezett az aut\u00f3busz \u00e9s egyik t\u00e1rsa r\u00e1csapott a j\u00e1rm\u0171 sz\u00e9lv\u00e9d\u0151j\u00e9re, majd [&#8230;]<\/p>\n","protected":false},"author":4,"featured_media":0,"comment_status":"closed","ping_status":"closed","sticky":false,"template":"","format":"standard","meta":{"footnotes":""},"categories":[5],"tags":[968,235,122,1929],"class_list":["post-11944","post","type-post","status-publish","format-standard","hentry","category-kek-hirek","tag-busz","tag-gyongyos","tag-rendorseg","tag-sofor"],"_links":{"self":[{"href":"https:\/\/www.agriatv.hu\/index.php?rest_route=\/wp\/v2\/posts\/11944","targetHints":{"allow":["GET"]}}],"collection":[{"href":"https:\/\/www.agriatv.hu\/index.php?rest_route=\/wp\/v2\/posts"}],"about":[{"href":"https:\/\/www.agriatv.hu\/index.php?rest_route=\/wp\/v2\/types\/post"}],"author":[{"embeddable":true,"href":"https:\/\/www.agriatv.hu\/index.php?rest_route=\/wp\/v2\/users\/4"}],"replies":[{"embeddable":true,"href":"https:\/\/www.agriatv.hu\/index.php?rest_route=%2Fwp%2Fv2%2Fcomments&post=11944"}],"version-history":[{"count":1,"href":"https:\/\/www.agriatv.hu\/index.php?rest_route=\/wp\/v2\/posts\/11944\/revisions"}],"predecessor-version":[{"id":11946,"href":"https:\/\/www.agriatv.hu\/index.php?rest_route=\/wp\/v2\/posts\/11944\/revisions\/11946"}],"wp:attachment":[{"href":"https:\/\/www.agriatv.hu\/index.php?rest_route=%2Fwp%2Fv2%2Fmedia&parent=11944"}],"wp:term":[{"taxonomy":"category","embeddable":true,"href":"https:\/\/www.agriatv.hu\/index.php?rest_route=%2Fwp%2Fv2%2Fcategories&post=11944"},{"taxonomy":"post_tag","embeddable":true,"href":"https:\/\/www.agriatv.hu\/index.php?rest_route=%2Fwp%2Fv2%2Ftags&post=11944"}],"curies":[{"name":"wp","href":"https:\/\/api.w.org\/{rel}","templated":true}]}}