{"id":12269,"date":"2014-03-01T22:55:21","date_gmt":"2014-03-01T22:55:21","guid":{"rendered":"http:\/\/www.agriatv.hu\/?p=12269"},"modified":"2014-03-02T08:59:00","modified_gmt":"2014-03-02T08:59:00","slug":"balese-a-33-ason-egy-ember-eletet-meghalt","status":"publish","type":"post","link":"https:\/\/www.agriatv.hu\/?p=12269","title":{"rendered":"Baleset a 33-ason, egy ember meghalt"},"content":{"rendered":"<p style=\"text-align: justify;\"><a href=\"https:\/\/www.agriatv.hu\/wp-content\/uploads\/2014\/03\/0301baleset_poroszlo_v.jpg\"><img loading=\"lazy\" decoding=\"async\" class=\"alignleft  wp-image-12270\" alt=\"0301baleset_poroszlo_v\" src=\"https:\/\/www.agriatv.hu\/wp-content\/uploads\/2014\/03\/0301baleset_poroszlo_v-300x240.jpg\" width=\"124\" height=\"74\" \/><\/a>Szombaton d\u00e9lel\u0151tt k\u00e9t szem\u00e9lyaut\u00f3 \u00fctk\u00f6z\u00f6tt \u00f6ssze front\u00e1lisan a 33-as f\u0151\u00fat 21-es kilom\u00e9ter\u00e9n\u00e9l, Poroszl\u00f3 k\u00f6zel\u00e9ben. A balesetben\u00a0az egyik\u00a0szem\u00e9ly k\u00f6nny\u0171, m\u00edg egy\u00a0m\u00e1sik s\u00falyos\u00a0s\u00e9r\u00fcl\u00e9st szenvedett, egy pedig a helysz\u00ednen \u00e9let\u00e9t vesztette.\u00a0A ment\u0151k a s\u00e9r\u00fclteket k\u00f3rh\u00e1zba sz\u00e1ll\u00edtott\u00e1k. Az esethez F\u00fczesabonyb\u00f3l vonultak a t\u0171zolt\u00f3k,\u00a0akik \u00e1ramtalan\u00edtott\u00e1k a j\u00e1rm\u0171veket, t\u00e1j\u00e9koztatott Antal Erika, a Heves Megyei Katasztr\u00f3fav\u00e9delem sz\u00f3viv\u0151je.<\/p>\n<p style=\"text-align: justify;\">A rend\u0151rs\u00e9g a baleset k\u00f6r\u00fclm\u00e9nyeit vizsg\u00e1lja. <div class=\"wordtube\">\n<div class=\"wordtube single1182\" id=\"WT1_1\" style=\"width:320px; height:240px;\">\n<a href=\"http:\/\/www.macromedia.com\/go\/getflashplayer\">Get the Flash Player<\/a> to see the wordTube Media Player.\n<\/div><\/div>\n\t<script type=\"text\/javascript\" defer=\"defer\">\nvar WT1_1 = {\n\tparams : {\n\t\twmode : \"opaque\",\n\t\tallowscriptaccess : \"always\",\n\t\tallownetworking : \"all\",\n\t\tallowfullscreen : \"true\"},\n\tflashvars : {\n\t\tfile : \"http%3A%2F%2Fwww.agriatv.hu%2Fwp-content%2Fuploads%2F2014%2F03%2F0301baleset_poroszlo.flv\",\n\t\tvolume : \"80\",\n\t\tbufferlength : \"5\",\n\t\tquality : \"false\",\n\t\t'logo.hide' : \"false\",\n\t\timage : \"http%3A%2F%2Fwww.agriatv.hu%2Fwp-content%2Fuploads%2F2014%2F03%2F0301baleset_poroszlo.Still002.jpg\",\n\t\ttitle : \"0301baleset_poroszlo.flv\",\n\t\tlinktarget : \"_self\"},\n\tattr : {\n\t\tid : \"WT1\",\n\t\tname : \"WT1\"},\n\tstart : function() {\n\t\tswfobject.embedSWF(\"https:\/\/www.agriatv.hu\/\/player.swf\", \"WT1_1\", \"320\", \"240\", \"9.0.0\", false, this.flashvars, this.params , this.attr );\n\t}\n}\nWT1_1.start();\n\t<\/script>\n<\/p>\n","protected":false},"excerpt":{"rendered":"<p>Szombaton d\u00e9lel\u0151tt k\u00e9t szem\u00e9lyaut\u00f3 \u00fctk\u00f6z\u00f6tt \u00f6ssze front\u00e1lisan a 33-as f\u0151\u00fat 21-es kilom\u00e9ter\u00e9n\u00e9l, Poroszl\u00f3 k\u00f6zel\u00e9ben. A balesetben\u00a0az egyik\u00a0szem\u00e9ly k\u00f6nny\u0171, m\u00edg egy\u00a0m\u00e1sik s\u00falyos\u00a0s\u00e9r\u00fcl\u00e9st szenvedett, egy pedig a helysz\u00ednen \u00e9let\u00e9t vesztette.\u00a0A ment\u0151k a s\u00e9r\u00fclteket k\u00f3rh\u00e1zba sz\u00e1ll\u00edtott\u00e1k. Az esethez F\u00fczesabonyb\u00f3l vonultak a t\u0171zolt\u00f3k,\u00a0akik \u00e1ramtalan\u00edtott\u00e1k a j\u00e1rm\u0171veket, t\u00e1j\u00e9koztatott Antal Erika, a Heves Megyei Katasztr\u00f3fav\u00e9delem sz\u00f3viv\u0151je.<br \/>\nA rend\u0151rs\u00e9g a baleset k\u00f6r\u00fclm\u00e9nyeit vizsg\u00e1lja. [&#8230;]<\/p>\n","protected":false},"author":4,"featured_media":0,"comment_status":"closed","ping_status":"closed","sticky":false,"template":"","format":"standard","meta":{"footnotes":""},"categories":[5],"tags":[41,771,313,1341,122,458],"class_list":["post-12269","post","type-post","status-publish","format-standard","hentry","category-kek-hirek","tag-baleset","tag-halal","tag-katasztrofavedelem","tag-poroszlo","tag-rendorseg","tag-serult"],"_links":{"self":[{"href":"https:\/\/www.agriatv.hu\/index.php?rest_route=\/wp\/v2\/posts\/12269","targetHints":{"allow":["GET"]}}],"collection":[{"href":"https:\/\/www.agriatv.hu\/index.php?rest_route=\/wp\/v2\/posts"}],"about":[{"href":"https:\/\/www.agriatv.hu\/index.php?rest_route=\/wp\/v2\/types\/post"}],"author":[{"embeddable":true,"href":"https:\/\/www.agriatv.hu\/index.php?rest_route=\/wp\/v2\/users\/4"}],"replies":[{"embeddable":true,"href":"https:\/\/www.agriatv.hu\/index.php?rest_route=%2Fwp%2Fv2%2Fcomments&post=12269"}],"version-history":[{"count":2,"href":"https:\/\/www.agriatv.hu\/index.php?rest_route=\/wp\/v2\/posts\/12269\/revisions"}],"predecessor-version":[{"id":12272,"href":"https:\/\/www.agriatv.hu\/index.php?rest_route=\/wp\/v2\/posts\/12269\/revisions\/12272"}],"wp:attachment":[{"href":"https:\/\/www.agriatv.hu\/index.php?rest_route=%2Fwp%2Fv2%2Fmedia&parent=12269"}],"wp:term":[{"taxonomy":"category","embeddable":true,"href":"https:\/\/www.agriatv.hu\/index.php?rest_route=%2Fwp%2Fv2%2Fcategories&post=12269"},{"taxonomy":"post_tag","embeddable":true,"href":"https:\/\/www.agriatv.hu\/index.php?rest_route=%2Fwp%2Fv2%2Ftags&post=12269"}],"curies":[{"name":"wp","href":"https:\/\/api.w.org\/{rel}","templated":true}]}}