{"id":12273,"date":"2014-03-02T14:14:32","date_gmt":"2014-03-02T14:14:32","guid":{"rendered":"http:\/\/www.agriatv.hu\/?p=12273"},"modified":"2014-03-02T14:14:32","modified_gmt":"2014-03-02T14:14:32","slug":"motorosok-a-siroki-motoros-talalkozoert","status":"publish","type":"post","link":"https:\/\/www.agriatv.hu\/?p=12273","title":{"rendered":"Motorosok a Siroki Motoros Tal\u00e1lkoz\u00f3\u00e9rt"},"content":{"rendered":"<p style=\"text-align: justify;\"><a href=\"https:\/\/www.agriatv.hu\/wp-content\/uploads\/2014\/03\/0228veradas_v.jpg\"><img loading=\"lazy\" decoding=\"async\" class=\"alignleft  wp-image-12274\" alt=\"0228veradas_v\" src=\"https:\/\/www.agriatv.hu\/wp-content\/uploads\/2014\/03\/0228veradas_v-300x240.jpg\" width=\"108\" height=\"61\" \/><\/a>T\u00f6bb mint 130 jelentkez\u0151, k\u00f6zel 70 motoros v\u00e9rad\u00f3 k\u00edv\u00e1nta felh\u00edvni a figyelmet: \u0151k azt szeretn\u00e9k, ha tov\u00e1bbra is lenne tal\u00e1lkoz\u00f3juk Sirokban. A szervez\u0151k kinyilv\u00e1n\u00edtott\u00e1k kor\u00e1bban: p\u00e9nz\u00fcgyi okok miatt id\u00e9n nem rendezik meg az Eur\u00f3pa szerte ismert tal\u00e1lkoz\u00f3t.<\/p>\n<p style=\"text-align: justify;\">A v\u00e9rad\u00e1s l\u00e9trehoz\u00f3i elmondt\u00e1k: b\u00e1r val\u00f3sz\u00edn\u0171leg elmarad a rendezv\u00e9ny, \u0151k m\u00e9gis szerett\u00e9k volna megmutatni, hogy a motorosok \u00f6sszetart\u00f3 csapatot alkotnak.<div class=\"wordtube\">\n<div class=\"wordtube single1183\" id=\"WT1_1\" style=\"width:320px; height:240px;\">\n<a href=\"http:\/\/www.macromedia.com\/go\/getflashplayer\">Get the Flash Player<\/a> to see the wordTube Media Player.\n<\/div><\/div>\n\t<script type=\"text\/javascript\" defer=\"defer\">\nvar WT1_1 = {\n\tparams : {\n\t\twmode : \"opaque\",\n\t\tallowscriptaccess : \"always\",\n\t\tallownetworking : \"all\",\n\t\tallowfullscreen : \"true\"},\n\tflashvars : {\n\t\tfile : \"http%3A%2F%2Fwww.agriatv.hu%2Fwp-content%2Fuploads%2F2014%2F03%2F0228veradas.flv\",\n\t\tvolume : \"80\",\n\t\tbufferlength : \"5\",\n\t\tquality : \"false\",\n\t\t'logo.hide' : \"false\",\n\t\timage : \"http%3A%2F%2Fwww.agriatv.hu%2Fwp-content%2Fuploads%2F2014%2F03%2F0228veradas.Still002.jpg\",\n\t\ttitle : \"0228veradas.flv\",\n\t\tlinktarget : \"_self\"},\n\tattr : {\n\t\tid : \"WT1\",\n\t\tname : \"WT1\"},\n\tstart : function() {\n\t\tswfobject.embedSWF(\"https:\/\/www.agriatv.hu\/\/player.swf\", \"WT1_1\", \"320\", \"240\", \"9.0.0\", false, this.flashvars, this.params , this.attr );\n\t}\n}\nWT1_1.start();\n\t<\/script>\n<\/p>\n","protected":false},"excerpt":{"rendered":"<p>T\u00f6bb mint 130 jelentkez\u0151, k\u00f6zel 70 motoros v\u00e9rad\u00f3 k\u00edv\u00e1nta felh\u00edvni a figyelmet: \u0151k azt szeretn\u00e9k, ha tov\u00e1bbra is lenne tal\u00e1lkoz\u00f3juk Sirokban. A szervez\u0151k kinyilv\u00e1n\u00edtott\u00e1k kor\u00e1bban: p\u00e9nz\u00fcgyi okok miatt id\u00e9n nem rendezik meg az Eur\u00f3pa szerte ismert tal\u00e1lkoz\u00f3t.<br \/>\nA v\u00e9rad\u00e1s l\u00e9trehoz\u00f3i elmondt\u00e1k: b\u00e1r val\u00f3sz\u00edn\u0171leg elmarad a rendezv\u00e9ny, \u0151k m\u00e9gis szerett\u00e9k volna megmutatni, hogy a motorosok \u00f6sszetart\u00f3 csapatot [&#8230;]<\/p>\n","protected":false},"author":4,"featured_media":0,"comment_status":"closed","ping_status":"closed","sticky":false,"template":"","format":"standard","meta":{"footnotes":""},"categories":[6,19,4],"tags":[1967,279,45],"class_list":["post-12273","post","type-post","status-publish","format-standard","hentry","category-belfold","category-egeszseg","category-szabadido","tag-motoros-talalkozo","tag-sirok","tag-veradas"],"_links":{"self":[{"href":"https:\/\/www.agriatv.hu\/index.php?rest_route=\/wp\/v2\/posts\/12273","targetHints":{"allow":["GET"]}}],"collection":[{"href":"https:\/\/www.agriatv.hu\/index.php?rest_route=\/wp\/v2\/posts"}],"about":[{"href":"https:\/\/www.agriatv.hu\/index.php?rest_route=\/wp\/v2\/types\/post"}],"author":[{"embeddable":true,"href":"https:\/\/www.agriatv.hu\/index.php?rest_route=\/wp\/v2\/users\/4"}],"replies":[{"embeddable":true,"href":"https:\/\/www.agriatv.hu\/index.php?rest_route=%2Fwp%2Fv2%2Fcomments&post=12273"}],"version-history":[{"count":1,"href":"https:\/\/www.agriatv.hu\/index.php?rest_route=\/wp\/v2\/posts\/12273\/revisions"}],"predecessor-version":[{"id":12275,"href":"https:\/\/www.agriatv.hu\/index.php?rest_route=\/wp\/v2\/posts\/12273\/revisions\/12275"}],"wp:attachment":[{"href":"https:\/\/www.agriatv.hu\/index.php?rest_route=%2Fwp%2Fv2%2Fmedia&parent=12273"}],"wp:term":[{"taxonomy":"category","embeddable":true,"href":"https:\/\/www.agriatv.hu\/index.php?rest_route=%2Fwp%2Fv2%2Fcategories&post=12273"},{"taxonomy":"post_tag","embeddable":true,"href":"https:\/\/www.agriatv.hu\/index.php?rest_route=%2Fwp%2Fv2%2Ftags&post=12273"}],"curies":[{"name":"wp","href":"https:\/\/api.w.org\/{rel}","templated":true}]}}