{"id":12381,"date":"2014-03-19T20:17:44","date_gmt":"2014-03-19T20:17:44","guid":{"rendered":"http:\/\/www.agriatv.hu\/?p=12381"},"modified":"2014-03-19T20:17:44","modified_gmt":"2014-03-19T20:17:44","slug":"otthonaban-vertek-ossze-eletveszelyesen-megserult","status":"publish","type":"post","link":"https:\/\/www.agriatv.hu\/?p=12381","title":{"rendered":"Otthon\u00e1ban vert\u00e9k \u00f6ssze &#8211; \u00e9letvesz\u00e9lyesen megs\u00e9r\u00fclt"},"content":{"rendered":"<p style=\"text-align: justify;\"><strong><a href=\"https:\/\/www.agriatv.hu\/wp-content\/uploads\/2014\/03\/0319tofalu_rablas_v.jpg\"><img loading=\"lazy\" decoding=\"async\" class=\"alignleft  wp-image-12382\" alt=\"0319tofalu_rablas_v\" src=\"https:\/\/www.agriatv.hu\/wp-content\/uploads\/2014\/03\/0319tofalu_rablas_v-300x240.jpg\" width=\"133\" height=\"85\" \/><\/a>B\u00e1ntalmaztak, majd kiraboltak egy id\u0151s f\u00e9rfit T\u00f3falun kedden kora d\u00e9lut\u00e1n. A rend\u0151r\u00f6k elfogt\u00e1k az elk\u00f6vet\u0151ket.<\/strong><\/p>\n<div id=\"zonakod_1626\" style=\"text-align: justify;\">\u00a0A Heves Megyei Rend\u0151r-f\u0151kapit\u00e1nys\u00e1g B\u0171n\u00fcgyi Oszt\u00e1lya elj\u00e1r\u00e1st ind\u00edtott \u00e9letvesz\u00e9lyt okoz\u00f3 testi s\u00e9rt\u00e9s b\u0171ntette, valamint rabl\u00e1s b\u0171ntette elk\u00f6vet\u00e9s\u00e9nek megalapozott gyan\u00faja miatt ismeretlen tettesek ellen.<\/div>\n<p style=\"text-align: justify;\">A rendelkez\u00e9sre \u00e1ll\u00f3 adatok alapj\u00e1n az ismeretlenek kedden a kora d\u00e9lut\u00e1ni \u00f3r\u00e1kban T\u00f3falun egy 64 \u00e9ves f\u00e9rfi otthon\u00e1ba bementek, ahol b\u00e1ntalmazt\u00e1k, valamint p\u00e9nz \u00e1tad\u00e1s\u00e1ra sz\u00f3l\u00edtott\u00e1k fel a f\u00e9rfit. Az elk\u00f6vet\u0151k\u00a0az \u00e9rt\u00e9kszerz\u00e9st k\u00f6vet\u0151en elmenek\u00fcltek a helysz\u00ednr\u0151l.<\/p>\n<p style=\"text-align: justify;\">A minden r\u00e9szletre kiterjed\u0151 nyomoz\u00e1snak k\u00f6sz\u00f6nhet\u0151en a nyomoz\u00f3k r\u00f6vid id\u0151n bel\u00fcl elfogt\u00e1k L. Ern\u0151 31 \u00e9ves \u00e9s Sz. Attila 20 \u00e9ves t\u00f3falui lakosokat, akik megalapozottan gyan\u00fas\u00edthat\u00f3ak a b\u0171ncselekm\u00e9ny elk\u00f6vet\u00e9s\u00e9vel.<\/p>\n<p style=\"text-align: justify;\">A k\u00e9t f\u00e9rfit a Heves Megyei Rend\u0151r-f\u0151kapit\u00e1nys\u00e1g \u0151rizetbe vette, tov\u00e1bb\u00e1 kezdem\u00e9nyezte el\u0151zetes letart\u00f3ztat\u00e1suk elrendel\u00e9s\u00e9t.<\/p>\n<p style=\"text-align: justify;\">\u00dagy tudjuk, az egyik gyan\u00fas\u00edtott t\u00f6bbsz\u00f6r volt m\u00e1r b\u00f6rt\u00f6nben.<\/p>\n<p style=\"text-align: justify;\">Az utc\u00e1ban lak\u00f3k szerint a h\u00e1z tulajdonos\u00e1t nagyon megvert\u00e9k: \u00fagy tudj\u00e1k, hogy bet\u00f6rt\u00e9k a fej\u00e9t \u00e9s elt\u00f6rt\u00e9k a kez\u00e9t is, csak a gyors orvosi beavatkoz\u00e1snak k\u00f6sz\u00f6nheti \u00e9let\u00e9t.<div class=\"wordtube\">\n<div class=\"wordtube single1205\" id=\"WT1_1\" style=\"width:320px; height:240px;\">\n<a href=\"http:\/\/www.macromedia.com\/go\/getflashplayer\">Get the Flash Player<\/a> to see the wordTube Media Player.\n<\/div><\/div>\n\t<script type=\"text\/javascript\" defer=\"defer\">\nvar WT1_1 = {\n\tparams : {\n\t\twmode : \"opaque\",\n\t\tallowscriptaccess : \"always\",\n\t\tallownetworking : \"all\",\n\t\tallowfullscreen : \"true\"},\n\tflashvars : {\n\t\tfile : \"http%3A%2F%2Fwww.agriatv.hu%2Fwp-content%2Fuploads%2F2014%2F03%2F0319tofalu_rablas.flv\",\n\t\tvolume : \"80\",\n\t\tbufferlength : \"5\",\n\t\tquality : \"false\",\n\t\t'logo.hide' : \"false\",\n\t\timage : \"http%3A%2F%2Fwww.agriatv.hu%2Fwp-content%2Fuploads%2F2014%2F03%2F0319tofalu_rablas.jpg\",\n\t\ttitle : \"0319tofalu_rablas.flv\",\n\t\tlinktarget : \"_self\"},\n\tattr : {\n\t\tid : \"WT1\",\n\t\tname : \"WT1\"},\n\tstart : function() {\n\t\tswfobject.embedSWF(\"https:\/\/www.agriatv.hu\/\/player.swf\", \"WT1_1\", \"320\", \"240\", \"9.0.0\", false, this.flashvars, this.params , this.attr );\n\t}\n}\nWT1_1.start();\n\t<\/script>\n<\/p>\n","protected":false},"excerpt":{"rendered":"<p>B\u00e1ntalmaztak, majd kiraboltak egy id\u0151s f\u00e9rfit T\u00f3falun kedden kora d\u00e9lut\u00e1n. A rend\u0151r\u00f6k elfogt\u00e1k az elk\u00f6vet\u0151ket.<br \/>\n\u00a0A Heves Megyei Rend\u0151r-f\u0151kapit\u00e1nys\u00e1g B\u0171n\u00fcgyi Oszt\u00e1lya elj\u00e1r\u00e1st ind\u00edtott \u00e9letvesz\u00e9lyt okoz\u00f3 testi s\u00e9rt\u00e9s b\u0171ntette, valamint rabl\u00e1s b\u0171ntette elk\u00f6vet\u00e9s\u00e9nek megalapozott gyan\u00faja miatt ismeretlen tettesek ellen.<br \/>\nA rendelkez\u00e9sre \u00e1ll\u00f3 adatok alapj\u00e1n az ismeretlenek kedden a kora d\u00e9lut\u00e1ni \u00f3r\u00e1kban T\u00f3falun egy 64 \u00e9ves f\u00e9rfi otthon\u00e1ba bementek, [&#8230;]<\/p>\n","protected":false},"author":4,"featured_media":0,"comment_status":"closed","ping_status":"closed","sticky":false,"template":"","format":"standard","meta":{"footnotes":""},"categories":[5],"tags":[1025,32,692,122,1756],"class_list":["post-12381","post","type-post","status-publish","format-standard","hentry","category-kek-hirek","tag-eletveszely","tag-nyugdij","tag-rablas","tag-rendorseg","tag-tofalu"],"_links":{"self":[{"href":"https:\/\/www.agriatv.hu\/index.php?rest_route=\/wp\/v2\/posts\/12381","targetHints":{"allow":["GET"]}}],"collection":[{"href":"https:\/\/www.agriatv.hu\/index.php?rest_route=\/wp\/v2\/posts"}],"about":[{"href":"https:\/\/www.agriatv.hu\/index.php?rest_route=\/wp\/v2\/types\/post"}],"author":[{"embeddable":true,"href":"https:\/\/www.agriatv.hu\/index.php?rest_route=\/wp\/v2\/users\/4"}],"replies":[{"embeddable":true,"href":"https:\/\/www.agriatv.hu\/index.php?rest_route=%2Fwp%2Fv2%2Fcomments&post=12381"}],"version-history":[{"count":1,"href":"https:\/\/www.agriatv.hu\/index.php?rest_route=\/wp\/v2\/posts\/12381\/revisions"}],"predecessor-version":[{"id":12383,"href":"https:\/\/www.agriatv.hu\/index.php?rest_route=\/wp\/v2\/posts\/12381\/revisions\/12383"}],"wp:attachment":[{"href":"https:\/\/www.agriatv.hu\/index.php?rest_route=%2Fwp%2Fv2%2Fmedia&parent=12381"}],"wp:term":[{"taxonomy":"category","embeddable":true,"href":"https:\/\/www.agriatv.hu\/index.php?rest_route=%2Fwp%2Fv2%2Fcategories&post=12381"},{"taxonomy":"post_tag","embeddable":true,"href":"https:\/\/www.agriatv.hu\/index.php?rest_route=%2Fwp%2Fv2%2Ftags&post=12381"}],"curies":[{"name":"wp","href":"https:\/\/api.w.org\/{rel}","templated":true}]}}