{"id":12403,"date":"2014-03-22T16:29:20","date_gmt":"2014-03-22T16:29:20","guid":{"rendered":"http:\/\/www.agriatv.hu\/?p=12403"},"modified":"2014-03-22T16:33:04","modified_gmt":"2014-03-22T16:33:04","slug":"brutalis-tuz-felnemet-mellett","status":"publish","type":"post","link":"https:\/\/www.agriatv.hu\/?p=12403","title":{"rendered":"Brut\u00e1lis t\u0171z Feln\u00e9met mellett"},"content":{"rendered":"<p style=\"text-align: justify;\"><a href=\"https:\/\/www.agriatv.hu\/wp-content\/uploads\/2014\/03\/0322felnemet_tuz_v.jpg\"><img loading=\"lazy\" decoding=\"async\" class=\"alignleft  wp-image-12405\" alt=\"0322felnemet_tuz_v\" src=\"https:\/\/www.agriatv.hu\/wp-content\/uploads\/2014\/03\/0322felnemet_tuz_v-300x240.jpg\" width=\"130\" height=\"84\" \/><\/a><strong>Az \u00e9g\u0151 sz\u00e1raz f\u0171 a h\u00e1zakat is vesz\u00e9lyeztette.<\/strong><\/p>\n<p style=\"text-align: justify;\">10-15 hekt\u00e1ron \u00e9gett szombat d\u00e9lut\u00e1n a sz\u00e1raz f\u0171 Eger mellett Feln\u00e9met k\u00f6zel\u00e9ben. A sz\u00e9l miatt a l\u00e1ngok gyorsan terjedtek. A terep miatt a t\u0171zolt\u00f3k csak gyalogosan k\u00f6zel\u00edthett\u00e9k meg a ter\u00fcletet. K\u00e9zi szersz\u00e1mokkal pr\u00f3b\u00e1lt\u00e1k meg eloltani a l\u00e1ngokat, de er\u0151s\u00edt\u00e9st kellett k\u00e9rni\u00fck a hatalmas t\u0171z miatt.<\/p>\n<p style=\"text-align: justify;\">A f\u00fcst\u00f6t \u00e9s a forr\u00f3 perny\u00e9t a sz\u00e9l a k\u00f6zeli h\u00e1zak fel\u00e9 vitte, f\u00e9l\u0151 volt hogy ak\u00e1r lak\u00f3\u00e9p\u00fcletekben is k\u00e1r keletkezhet.<div class=\"wordtube\">\n<div class=\"wordtube single1207\" id=\"WT1_1\" style=\"width:320px; height:240px;\">\n<a href=\"http:\/\/www.macromedia.com\/go\/getflashplayer\">Get the Flash Player<\/a> to see the wordTube Media Player.\n<\/div><\/div>\n\t<script type=\"text\/javascript\" defer=\"defer\">\nvar WT1_1 = {\n\tparams : {\n\t\twmode : \"opaque\",\n\t\tallowscriptaccess : \"always\",\n\t\tallownetworking : \"all\",\n\t\tallowfullscreen : \"true\"},\n\tflashvars : {\n\t\tfile : \"http%3A%2F%2Fwww.agriatv.hu%2Fwp-content%2Fuploads%2F2014%2F03%2F0322felnemet_tuz.flv\",\n\t\tvolume : \"80\",\n\t\tbufferlength : \"5\",\n\t\tquality : \"false\",\n\t\t'logo.hide' : \"false\",\n\t\timage : \"http%3A%2F%2Fwww.agriatv.hu%2Fwp-content%2Fuploads%2F2014%2F03%2F0322felnemet_tuz.jpg\",\n\t\ttitle : \"0322felnemet_tuz.flv\",\n\t\tlinktarget : \"_self\"},\n\tattr : {\n\t\tid : \"WT1\",\n\t\tname : \"WT1\"},\n\tstart : function() {\n\t\tswfobject.embedSWF(\"https:\/\/www.agriatv.hu\/\/player.swf\", \"WT1_1\", \"320\", \"240\", \"9.0.0\", false, this.flashvars, this.params , this.attr );\n\t}\n}\nWT1_1.start();\n\t<\/script>\n<\/p>\n","protected":false},"excerpt":{"rendered":"<p>Az \u00e9g\u0151 sz\u00e1raz f\u0171 a h\u00e1zakat is vesz\u00e9lyeztette.<br \/>\n10-15 hekt\u00e1ron \u00e9gett szombat d\u00e9lut\u00e1n a sz\u00e1raz f\u0171 Eger mellett Feln\u00e9met k\u00f6zel\u00e9ben. A sz\u00e9l miatt a l\u00e1ngok gyorsan terjedtek. A terep miatt a t\u0171zolt\u00f3k csak gyalogosan k\u00f6zel\u00edthett\u00e9k meg a ter\u00fcletet. K\u00e9zi szersz\u00e1mokkal pr\u00f3b\u00e1lt\u00e1k meg eloltani a l\u00e1ngokat, de er\u0151s\u00edt\u00e9st kellett k\u00e9rni\u00fck a hatalmas t\u0171z miatt.<br \/>\nA f\u00fcst\u00f6t \u00e9s a [&#8230;]<\/p>\n","protected":false},"author":4,"featured_media":0,"comment_status":"closed","ping_status":"closed","sticky":false,"template":"","format":"standard","meta":{"footnotes":""},"categories":[5],"tags":[1583,1452,196,197,484,161],"class_list":["post-12403","post","type-post","status-publish","format-standard","hentry","category-kek-hirek","tag-felnemet","tag-haz","tag-kar","tag-szel","tag-tuz","tag-tuzolto"],"_links":{"self":[{"href":"https:\/\/www.agriatv.hu\/index.php?rest_route=\/wp\/v2\/posts\/12403","targetHints":{"allow":["GET"]}}],"collection":[{"href":"https:\/\/www.agriatv.hu\/index.php?rest_route=\/wp\/v2\/posts"}],"about":[{"href":"https:\/\/www.agriatv.hu\/index.php?rest_route=\/wp\/v2\/types\/post"}],"author":[{"embeddable":true,"href":"https:\/\/www.agriatv.hu\/index.php?rest_route=\/wp\/v2\/users\/4"}],"replies":[{"embeddable":true,"href":"https:\/\/www.agriatv.hu\/index.php?rest_route=%2Fwp%2Fv2%2Fcomments&post=12403"}],"version-history":[{"count":3,"href":"https:\/\/www.agriatv.hu\/index.php?rest_route=\/wp\/v2\/posts\/12403\/revisions"}],"predecessor-version":[{"id":12407,"href":"https:\/\/www.agriatv.hu\/index.php?rest_route=\/wp\/v2\/posts\/12403\/revisions\/12407"}],"wp:attachment":[{"href":"https:\/\/www.agriatv.hu\/index.php?rest_route=%2Fwp%2Fv2%2Fmedia&parent=12403"}],"wp:term":[{"taxonomy":"category","embeddable":true,"href":"https:\/\/www.agriatv.hu\/index.php?rest_route=%2Fwp%2Fv2%2Fcategories&post=12403"},{"taxonomy":"post_tag","embeddable":true,"href":"https:\/\/www.agriatv.hu\/index.php?rest_route=%2Fwp%2Fv2%2Ftags&post=12403"}],"curies":[{"name":"wp","href":"https:\/\/api.w.org\/{rel}","templated":true}]}}