{"id":12446,"date":"2014-03-31T19:23:18","date_gmt":"2014-03-31T19:23:18","guid":{"rendered":"http:\/\/www.agriatv.hu\/?p=12446"},"modified":"2014-03-31T19:26:38","modified_gmt":"2014-03-31T19:26:38","slug":"mentohelikopter-vitte-korhazba-a-sikloernyost","status":"publish","type":"post","link":"https:\/\/www.agriatv.hu\/?p=12446","title":{"rendered":"Ment\u0151helikopter vitte k\u00f3rh\u00e1zba a sikl\u00f3erny\u0151st"},"content":{"rendered":"<p style=\"text-align: justify;\"><strong><a href=\"https:\/\/www.agriatv.hu\/wp-content\/uploads\/2014\/03\/0331siklo_eger_v.jpg\"><img loading=\"lazy\" decoding=\"async\" class=\"alignleft  wp-image-12447\" alt=\"0331siklo_eger_v\" src=\"https:\/\/www.agriatv.hu\/wp-content\/uploads\/2014\/03\/0331siklo_eger_v-300x240.jpg\" width=\"120\" height=\"74\" \/><\/a>Balesetet szenvedett egy 30 \u00e9v k\u00f6r\u00fcli f\u00e9rfi vas\u00e1rnap d\u00e9lut\u00e1n sikl\u00f3erny\u0151z\u00e9s k\u00f6zben.<\/strong><\/p>\n<p style=\"text-align: justify;\">A tapasztalt sportol\u00f3 az Eged-hegyen akart elindulni, amikor felsz\u00e1ll\u00e1s k\u00f6zben visszacsap\u00f3dott a szikl\u00e1khoz. Val\u00f3sz\u00edn\u0171leg egy oldalr\u00f3l \u00e9rkez\u0151 sz\u00e9l zavarta meg a man\u0151vert.<\/p>\n<p style=\"text-align: justify;\">A fiatalember l\u00e1ba beakadt a szikl\u00e1k k\u00f6z\u00e9, ahol darabos t\u00f6r\u00e9st szenvedett. \u00dagy tudjuk, egy szabadnapos ment\u0151s seg\u00edtett a bajba ker\u00fclt f\u00e9rfin: felm\u00e9rte a helyzetet \u00e9s seg\u00edts\u00e9get h\u00edvott. Mivel a sportol\u00f3k terepe nehezen megk\u00f6zel\u00edthet\u0151 helyen volt, ez\u00e9rt a helikopteres ment\u00e9s l\u00e1tszott k\u00e9zenfekv\u0151nek.<\/p>\n<p style=\"text-align: justify;\">A balesetet szenvedett f\u00e9rfit a miskolci k\u00f3rh\u00e1zba sz\u00e1ll\u00edtott\u00e1k, ahol t\u00f6r\u00e9s\u00e9t m\u00e9g az \u00e9jszaka folyam\u00e1n stabiliz\u00e1lt\u00e1k.<div class=\"wordtube\">\n<div class=\"wordtube single1215\" id=\"WT1_1\" style=\"width:320px; height:240px;\">\n<a href=\"http:\/\/www.macromedia.com\/go\/getflashplayer\">Get the Flash Player<\/a> to see the wordTube Media Player.\n<\/div><\/div>\n\t<script type=\"text\/javascript\" defer=\"defer\">\nvar WT1_1 = {\n\tparams : {\n\t\twmode : \"opaque\",\n\t\tallowscriptaccess : \"always\",\n\t\tallownetworking : \"all\",\n\t\tallowfullscreen : \"true\"},\n\tflashvars : {\n\t\tfile : \"http%3A%2F%2Fwww.agriatv.hu%2Fwp-content%2Fuploads%2F2014%2F03%2F0331siklo_eger.flv\",\n\t\tvolume : \"80\",\n\t\tbufferlength : \"5\",\n\t\tquality : \"false\",\n\t\t'logo.hide' : \"false\",\n\t\timage : \"http%3A%2F%2Fwww.agriatv.hu%2Fwp-content%2Fuploads%2F2014%2F03%2F0331siklo_eger.Still005.jpg\",\n\t\ttitle : \"0331siklo_eger.flv\",\n\t\tlinktarget : \"_self\"},\n\tattr : {\n\t\tid : \"WT1\",\n\t\tname : \"WT1\"},\n\tstart : function() {\n\t\tswfobject.embedSWF(\"https:\/\/www.agriatv.hu\/\/player.swf\", \"WT1_1\", \"320\", \"240\", \"9.0.0\", false, this.flashvars, this.params , this.attr );\n\t}\n}\nWT1_1.start();\n\t<\/script>\n<\/p>\n","protected":false},"excerpt":{"rendered":"<p>Balesetet szenvedett egy 30 \u00e9v k\u00f6r\u00fcli f\u00e9rfi vas\u00e1rnap d\u00e9lut\u00e1n sikl\u00f3erny\u0151z\u00e9s k\u00f6zben.<br \/>\nA tapasztalt sportol\u00f3 az Eged-hegyen akart elindulni, amikor felsz\u00e1ll\u00e1s k\u00f6zben visszacsap\u00f3dott a szikl\u00e1khoz. Val\u00f3sz\u00edn\u0171leg egy oldalr\u00f3l \u00e9rkez\u0151 sz\u00e9l zavarta meg a man\u0151vert.<br \/>\nA fiatalember l\u00e1ba beakadt a szikl\u00e1k k\u00f6z\u00e9, ahol darabos t\u00f6r\u00e9st szenvedett. \u00dagy tudjuk, egy szabadnapos ment\u0151s seg\u00edtett a bajba ker\u00fclt f\u00e9rfin: felm\u00e9rte a helyzetet [&#8230;]<\/p>\n","protected":false},"author":4,"featured_media":0,"comment_status":"closed","ping_status":"closed","sticky":false,"template":"","format":"standard","meta":{"footnotes":""},"categories":[6,5,11,4],"tags":[41,380,1345,4417,1996],"class_list":["post-12446","post","type-post","status-publish","format-standard","hentry","category-belfold","category-kek-hirek","category-sport","category-szabadido","tag-baleset","tag-mento","tag-sikloernyo","tag-sport","tag-tores"],"_links":{"self":[{"href":"https:\/\/www.agriatv.hu\/index.php?rest_route=\/wp\/v2\/posts\/12446","targetHints":{"allow":["GET"]}}],"collection":[{"href":"https:\/\/www.agriatv.hu\/index.php?rest_route=\/wp\/v2\/posts"}],"about":[{"href":"https:\/\/www.agriatv.hu\/index.php?rest_route=\/wp\/v2\/types\/post"}],"author":[{"embeddable":true,"href":"https:\/\/www.agriatv.hu\/index.php?rest_route=\/wp\/v2\/users\/4"}],"replies":[{"embeddable":true,"href":"https:\/\/www.agriatv.hu\/index.php?rest_route=%2Fwp%2Fv2%2Fcomments&post=12446"}],"version-history":[{"count":2,"href":"https:\/\/www.agriatv.hu\/index.php?rest_route=\/wp\/v2\/posts\/12446\/revisions"}],"predecessor-version":[{"id":12449,"href":"https:\/\/www.agriatv.hu\/index.php?rest_route=\/wp\/v2\/posts\/12446\/revisions\/12449"}],"wp:attachment":[{"href":"https:\/\/www.agriatv.hu\/index.php?rest_route=%2Fwp%2Fv2%2Fmedia&parent=12446"}],"wp:term":[{"taxonomy":"category","embeddable":true,"href":"https:\/\/www.agriatv.hu\/index.php?rest_route=%2Fwp%2Fv2%2Fcategories&post=12446"},{"taxonomy":"post_tag","embeddable":true,"href":"https:\/\/www.agriatv.hu\/index.php?rest_route=%2Fwp%2Fv2%2Ftags&post=12446"}],"curies":[{"name":"wp","href":"https:\/\/api.w.org\/{rel}","templated":true}]}}