{"id":12451,"date":"2014-04-01T16:25:33","date_gmt":"2014-04-01T16:25:33","guid":{"rendered":"http:\/\/www.agriatv.hu\/?p=12451"},"modified":"2014-04-01T16:26:28","modified_gmt":"2014-04-01T16:26:28","slug":"veszfek-negy-utas-serult-meg-a-buszon","status":"publish","type":"post","link":"https:\/\/www.agriatv.hu\/?p=12451","title":{"rendered":"V\u00e9szf\u00e9k: n\u00e9gy utas s\u00e9r\u00fclt meg a buszon"},"content":{"rendered":"<p style=\"text-align: justify;\"><strong><a href=\"https:\/\/www.agriatv.hu\/wp-content\/uploads\/2014\/04\/0401busz_eger_v.jpg\"><img loading=\"lazy\" decoding=\"async\" class=\"alignleft  wp-image-12452\" alt=\"0401busz_eger_v\" src=\"https:\/\/www.agriatv.hu\/wp-content\/uploads\/2014\/04\/0401busz_eger_v-300x240.jpg\" width=\"131\" height=\"79\" \/><\/a>H\u00e1rman k\u00f6nnyebben, egy ember pedig s\u00falyosan megs\u00e9r\u00fclt Egerben kedden, a 7-es buszon.<\/strong><\/p>\n<p style=\"text-align: justify;\">Az els\u0151dleges meg\u00e1llap\u00edt\u00e1sok szerint szab\u00e1lyosan k\u00f6zlekedett az az aut\u00f3busz, amelyik a Egerben a Kir\u00e1ly utc\u00e1b\u00f3l akart kifordulni a V\u00f6r\u00f6smarty utc\u00e1ba. A z\u00f6ld jelz\u00e9sre elindult, de a szemtan\u00fak szerint egy nagy sebess\u00e9ggel k\u00f6zleked\u0151 k\u00e9k csukl\u00f3s busz a piros jelz\u00e9s ellen\u00e9re \u00e1thajtott a keresztez\u0151d\u00e9sen.\u00a0 A hetes busz vezet\u0151je &#8211; hogy elker\u00fclje a trag\u00e9di\u00e1t &#8211; hatalmas satuf\u00e9kkel \u00e1llt meg. \u00dagy tudjuk akkor m\u00e9g \u0151 sem vette \u00e9szre a s\u00e9r\u00fclteket az utast\u00e9rben.<\/p>\n<p style=\"text-align: justify;\">Menet k\u00f6zben jelezt\u00e9k az utasok, hogy s\u00e9r\u00fcl\u00e9s volt a f\u00e9kez\u00e9sn\u00e9l. Az aut\u00f3busz a T\u00f6rv\u00e9nyh\u00e1z utca elej\u00e9n \u00e1llt meg, itt v\u00e1rta be a rend\u0151rs\u00e9get \u00e9s a ment\u0151ket. Ekkor der\u00fclt ki, hogy egy id\u0151s n\u0151 l\u00e1ba is elt\u00f6rt, \u0151t a ment\u0151k azonnal k\u00f3rh\u00e1zba sz\u00e1ll\u00edtott\u00e1k.<\/p>\n<p style=\"text-align: justify;\">Az aut\u00f3buszt k\u00e9s\u0151bb visszak\u00eds\u00e9rt\u00e9k a baleset hely\u00e9re, a helysz\u00ednel\u00e9shez.<\/p>\n<p style=\"text-align: justify;\">\u2013 Az els\u0151dleges inform\u00e1ci\u00f3k szerint nem adt\u00e1k meg az els\u0151bbs\u00e9get a Kir\u00e1ly utca fel\u0151l \u00e9rkez\u0151 busznak, ez\u00e9rt k\u00e9nyszer\u00fclt a sof\u0151r nagyot f\u00e9kezni \u2013 t\u00e1j\u00e9koztatott V\u00e1mos Bogl\u00e1rka, a Heves Megyeri Rend\u0151r-f\u0151kapit\u00e1nys\u00e1g sajt\u00f3referense. \u2013 A baleset k\u00f6r\u00fclm\u00e9nyeit az Egri Rend\u0151rkapit\u00e1nys\u00e1g vizsg\u00e1lja.<div class=\"wordtube\">\n<div class=\"wordtube single1216\" id=\"WT1_1\" style=\"width:320px; height:240px;\">\n<a href=\"http:\/\/www.macromedia.com\/go\/getflashplayer\">Get the Flash Player<\/a> to see the wordTube Media Player.\n<\/div><\/div>\n\t<script type=\"text\/javascript\" defer=\"defer\">\nvar WT1_1 = {\n\tparams : {\n\t\twmode : \"opaque\",\n\t\tallowscriptaccess : \"always\",\n\t\tallownetworking : \"all\",\n\t\tallowfullscreen : \"true\"},\n\tflashvars : {\n\t\tfile : \"http%3A%2F%2Fwww.agriatv.hu%2Fwp-content%2Fuploads%2F2014%2F04%2F0401busz_eger.flv\",\n\t\tvolume : \"80\",\n\t\tbufferlength : \"5\",\n\t\tquality : \"false\",\n\t\t'logo.hide' : \"false\",\n\t\timage : \"http%3A%2F%2Fwww.agriatv.hu%2Fwp-content%2Fuploads%2F2014%2F04%2F0401busz_eger.jpg\",\n\t\ttitle : \"0401busz_eger.flv\",\n\t\tlinktarget : \"_self\"},\n\tattr : {\n\t\tid : \"WT1\",\n\t\tname : \"WT1\"},\n\tstart : function() {\n\t\tswfobject.embedSWF(\"https:\/\/www.agriatv.hu\/\/player.swf\", \"WT1_1\", \"320\", \"240\", \"9.0.0\", false, this.flashvars, this.params , this.attr );\n\t}\n}\nWT1_1.start();\n\t<\/script>\n<\/p>\n","protected":false},"excerpt":{"rendered":"<p>H\u00e1rman k\u00f6nnyebben, egy ember pedig s\u00falyosan megs\u00e9r\u00fclt Egerben kedden, a 7-es buszon.<br \/>\nAz els\u0151dleges meg\u00e1llap\u00edt\u00e1sok szerint szab\u00e1lyosan k\u00f6zlekedett az az aut\u00f3busz, amelyik a Egerben a Kir\u00e1ly utc\u00e1b\u00f3l akart kifordulni a V\u00f6r\u00f6smarty utc\u00e1ba. A z\u00f6ld jelz\u00e9sre elindult, de a szemtan\u00fak szerint egy nagy sebess\u00e9ggel k\u00f6zleked\u0151 k\u00e9k csukl\u00f3s busz a piros jelz\u00e9s ellen\u00e9re \u00e1thajtott a keresztez\u0151d\u00e9sen.\u00a0 A hetes [&#8230;]<\/p>\n","protected":false},"author":4,"featured_media":0,"comment_status":"closed","ping_status":"closed","sticky":false,"template":"","format":"standard","meta":{"footnotes":""},"categories":[6,5],"tags":[41,968,36,122,458],"class_list":["post-12451","post","type-post","status-publish","format-standard","hentry","category-belfold","category-kek-hirek","tag-baleset","tag-busz","tag-eger","tag-rendorseg","tag-serult"],"_links":{"self":[{"href":"https:\/\/www.agriatv.hu\/index.php?rest_route=\/wp\/v2\/posts\/12451","targetHints":{"allow":["GET"]}}],"collection":[{"href":"https:\/\/www.agriatv.hu\/index.php?rest_route=\/wp\/v2\/posts"}],"about":[{"href":"https:\/\/www.agriatv.hu\/index.php?rest_route=\/wp\/v2\/types\/post"}],"author":[{"embeddable":true,"href":"https:\/\/www.agriatv.hu\/index.php?rest_route=\/wp\/v2\/users\/4"}],"replies":[{"embeddable":true,"href":"https:\/\/www.agriatv.hu\/index.php?rest_route=%2Fwp%2Fv2%2Fcomments&post=12451"}],"version-history":[{"count":2,"href":"https:\/\/www.agriatv.hu\/index.php?rest_route=\/wp\/v2\/posts\/12451\/revisions"}],"predecessor-version":[{"id":12454,"href":"https:\/\/www.agriatv.hu\/index.php?rest_route=\/wp\/v2\/posts\/12451\/revisions\/12454"}],"wp:attachment":[{"href":"https:\/\/www.agriatv.hu\/index.php?rest_route=%2Fwp%2Fv2%2Fmedia&parent=12451"}],"wp:term":[{"taxonomy":"category","embeddable":true,"href":"https:\/\/www.agriatv.hu\/index.php?rest_route=%2Fwp%2Fv2%2Fcategories&post=12451"},{"taxonomy":"post_tag","embeddable":true,"href":"https:\/\/www.agriatv.hu\/index.php?rest_route=%2Fwp%2Fv2%2Ftags&post=12451"}],"curies":[{"name":"wp","href":"https:\/\/api.w.org\/{rel}","templated":true}]}}