{"id":12478,"date":"2014-04-03T19:30:20","date_gmt":"2014-04-03T19:30:20","guid":{"rendered":"http:\/\/www.agriatv.hu\/?p=12478"},"modified":"2014-04-03T19:30:20","modified_gmt":"2014-04-03T19:30:20","slug":"tovabbra-is-pusztulnak-a-matrai-fenyok","status":"publish","type":"post","link":"https:\/\/www.agriatv.hu\/?p=12478","title":{"rendered":"Tov\u00e1bbra is pusztulnak a m\u00e1trai feny\u0151k"},"content":{"rendered":"<p style=\"text-align: justify;\"><a href=\"https:\/\/www.agriatv.hu\/wp-content\/uploads\/2014\/04\/0403matra_fenyo_v.jpg\"><img loading=\"lazy\" decoding=\"async\" class=\"alignleft  wp-image-12479\" alt=\"0403matra_fenyo_v\" src=\"https:\/\/www.agriatv.hu\/wp-content\/uploads\/2014\/04\/0403matra_fenyo_v-300x240.jpg\" width=\"168\" height=\"98\" \/><\/a>Aggaszt\u00f3 m\u00e9reteket \u00f6lt\u00f6tt a lucfeny\u0151k pusztul\u00e1sa a M\u00e1tr\u00e1ban. A fa\u00f3ri\u00e1sok kihal\u00e1s\u00e1t a k\u00e9reg alatti sz\u00fa okozza. A szakemberek a hat\u00e9konyabb v\u00e9dekez\u00e9s \u00e9rdek\u00e9ben konferenci\u00e1t tartottak a M\u00e1tra k\u00eds\u00e9rleti fenyves\u00e9ben felt\u00e9rk\u00e9pezt\u00e9k a k\u00e1rokat \u00e9s kerest\u00e9k a megold\u00e1st a k\u00e1rtev\u0151k elleni v\u00e9dekez\u00e9sre.<\/p>\n<div id=\"hirszoveg\">\n<p style=\"text-align: justify;\">Az id\u0151s \u00e1llom\u00e1nyok kiv\u00e1g\u00e1sa lassan befejez\u0151dik a M\u00e1tr\u00e1ban, \u00e9s hamarosan a fiatalabb fenyvesek v\u00e1g\u00e1s\u00e1t is kell megkezdeni, mert a pusztul\u00e1s m\u00e1r ezt a 40-50 \u00e9ves \u00e1llom\u00e1nyt is el\u00e9rte &#8211; hangzott el a M\u00e1tra k\u00eds\u00e9rleti fenyves\u00e9ben tartott konferenci\u00e1n, melyen erd\u00e9szeti \u00e9s erd\u0151v\u00e9delmi szakemberek a hat\u00e9kony v\u00e9dekez\u00e9sr\u0151l tan\u00e1cskoztak.<\/p>\n<p style=\"text-align: justify;\">Meg kell kongatni a v\u00e9szharangot az erd\u00e9szek szerint, mert m\u00e1r hetente kell az erd\u0151k eg\u00e9szs\u00e9gi \u00e1llapot\u00e1t ellen\u0151rizni olyan gyors a pusztul\u00e1s. A f\u00e1k k\u00e9rge sokszor hamarabb pereg le, mint a t\u0171lev\u00e9l. A lombozaton m\u00e9g nem l\u00e1tni, hogy beteg a fa, de a k\u00e9rge alatt m\u00e1r ott lapul a k\u00e1rtev\u0151, a sz\u00fabog\u00e1r, hal\u00e1lra \u00edt\u00e9lve a faegyedet- ecsetelt\u00e9k a folyamatot. Egyetlen v\u00e9dekez\u00e9si m\u00f3d a beteg f\u00e1k kiv\u00e1g\u00e1sa \u00e9s elsz\u00e1ll\u00edt\u00e1sa a ter\u00fcletr\u0151l.<div class=\"wordtube\">\n<div class=\"wordtube single1218\" id=\"WT1_1\" style=\"width:320px; height:240px;\">\n<a href=\"http:\/\/www.macromedia.com\/go\/getflashplayer\">Get the Flash Player<\/a> to see the wordTube Media Player.\n<\/div><\/div>\n\t<script type=\"text\/javascript\" defer=\"defer\">\nvar WT1_1 = {\n\tparams : {\n\t\twmode : \"opaque\",\n\t\tallowscriptaccess : \"always\",\n\t\tallownetworking : \"all\",\n\t\tallowfullscreen : \"true\"},\n\tflashvars : {\n\t\tfile : \"http%3A%2F%2Fwww.agriatv.hu%2Fwp-content%2Fuploads%2F2014%2F04%2F0403matra_fenyo.flv\",\n\t\tvolume : \"80\",\n\t\tbufferlength : \"5\",\n\t\tquality : \"false\",\n\t\t'logo.hide' : \"false\",\n\t\timage : \"http%3A%2F%2Fwww.agriatv.hu%2Fwp-content%2Fuploads%2F2014%2F04%2F0403matra_fenyo.jpg\",\n\t\ttitle : \"0403matra_fenyo.flv\",\n\t\tlinktarget : \"_self\"},\n\tattr : {\n\t\tid : \"WT1\",\n\t\tname : \"WT1\"},\n\tstart : function() {\n\t\tswfobject.embedSWF(\"https:\/\/www.agriatv.hu\/\/player.swf\", \"WT1_1\", \"320\", \"240\", \"9.0.0\", false, this.flashvars, this.params , this.attr );\n\t}\n}\nWT1_1.start();\n\t<\/script>\n<\/p>\n<p style=\"text-align: justify;\">A pusztul\u00e1s csak a lucfeny\u0151t \u00e9rinti, lombos fajokat \u00e9s m\u00e1s feny\u0151f\u00e9l\u00e9ket nem vesz\u00e9lyeztet a k\u00e1rtev\u0151. A 46 \u00e9vvel ezel\u0151tt telep\u00edtett tudom\u00e1nyos \u00e9rt\u00e9ket k\u00e9pvisel\u0151 k\u00eds\u00e9rleti fenyvest minden lehets\u00e9ges m\u00f3don szeretn\u00e9k megv\u00e9deni, ann\u00e1l is ink\u00e1bb, mert ez a kutat\u00e1si ter\u00fclet j\u00f3l reprezent\u00e1lja a kl\u00edmav\u00e1ltoz\u00e1s k\u00f6vetkezm\u00e9nyeit. A szakemberek arr\u00f3l is tan\u00e1cskoztak, hogy a lucfenyves hely\u00e9n milyen erd\u0151fel\u00faj\u00edt\u00e1si m\u00f3dot \u00e9s fafajt v\u00e1lasszanak.<\/p>\n<p style=\"text-align: justify;\">Forr\u00e1s: <a href=\"http:\/\/gyongyostv.hu\">http:\/\/gyongyostv.hu<\/a><\/p>\n<\/div>\n","protected":false},"excerpt":{"rendered":"<p>Aggaszt\u00f3 m\u00e9reteket \u00f6lt\u00f6tt a lucfeny\u0151k pusztul\u00e1sa a M\u00e1tr\u00e1ban. A fa\u00f3ri\u00e1sok kihal\u00e1s\u00e1t a k\u00e9reg alatti sz\u00fa okozza. A szakemberek a hat\u00e9konyabb v\u00e9dekez\u00e9s \u00e9rdek\u00e9ben konferenci\u00e1t tartottak a M\u00e1tra k\u00eds\u00e9rleti fenyves\u00e9ben felt\u00e9rk\u00e9pezt\u00e9k a k\u00e1rokat \u00e9s kerest\u00e9k a megold\u00e1st a k\u00e1rtev\u0151k elleni v\u00e9dekez\u00e9sre.<\/p>\n<p>Az id\u0151s \u00e1llom\u00e1nyok kiv\u00e1g\u00e1sa lassan befejez\u0151dik a M\u00e1tr\u00e1ban, \u00e9s hamarosan a fiatalabb fenyvesek v\u00e1g\u00e1s\u00e1t is kell megkezdeni, [&#8230;]<\/p>\n","protected":false},"author":4,"featured_media":0,"comment_status":"closed","ping_status":"closed","sticky":false,"template":"","format":"standard","meta":{"footnotes":""},"categories":[6,450,4],"tags":[281,776,38,1425,1997],"class_list":["post-12478","post","type-post","status-publish","format-standard","hentry","category-belfold","category-gazdasag-2","category-szabadido","tag-egererdo","tag-fenyo","tag-matra","tag-pusztulas","tag-szu"],"_links":{"self":[{"href":"https:\/\/www.agriatv.hu\/index.php?rest_route=\/wp\/v2\/posts\/12478","targetHints":{"allow":["GET"]}}],"collection":[{"href":"https:\/\/www.agriatv.hu\/index.php?rest_route=\/wp\/v2\/posts"}],"about":[{"href":"https:\/\/www.agriatv.hu\/index.php?rest_route=\/wp\/v2\/types\/post"}],"author":[{"embeddable":true,"href":"https:\/\/www.agriatv.hu\/index.php?rest_route=\/wp\/v2\/users\/4"}],"replies":[{"embeddable":true,"href":"https:\/\/www.agriatv.hu\/index.php?rest_route=%2Fwp%2Fv2%2Fcomments&post=12478"}],"version-history":[{"count":1,"href":"https:\/\/www.agriatv.hu\/index.php?rest_route=\/wp\/v2\/posts\/12478\/revisions"}],"predecessor-version":[{"id":12480,"href":"https:\/\/www.agriatv.hu\/index.php?rest_route=\/wp\/v2\/posts\/12478\/revisions\/12480"}],"wp:attachment":[{"href":"https:\/\/www.agriatv.hu\/index.php?rest_route=%2Fwp%2Fv2%2Fmedia&parent=12478"}],"wp:term":[{"taxonomy":"category","embeddable":true,"href":"https:\/\/www.agriatv.hu\/index.php?rest_route=%2Fwp%2Fv2%2Fcategories&post=12478"},{"taxonomy":"post_tag","embeddable":true,"href":"https:\/\/www.agriatv.hu\/index.php?rest_route=%2Fwp%2Fv2%2Ftags&post=12478"}],"curies":[{"name":"wp","href":"https:\/\/api.w.org\/{rel}","templated":true}]}}