{"id":12516,"date":"2014-04-11T01:17:44","date_gmt":"2014-04-11T01:17:44","guid":{"rendered":"http:\/\/www.agriatv.hu\/?p=12516"},"modified":"2014-04-11T01:18:44","modified_gmt":"2014-04-11T01:18:44","slug":"12516","status":"publish","type":"post","link":"https:\/\/www.agriatv.hu\/?p=12516","title":{"rendered":"Hal\u00e1los baleset a 25-\u00f6s\u00f6n"},"content":{"rendered":"<p style=\"text-align: justify;\"><strong><a href=\"https:\/\/www.agriatv.hu\/wp-content\/uploads\/2014\/04\/0411baleset_kerecsend_v.jpg\"><img loading=\"lazy\" decoding=\"async\" class=\"alignleft  wp-image-12518\" alt=\"0411baleset_kerecsend_v\" src=\"https:\/\/www.agriatv.hu\/wp-content\/uploads\/2014\/04\/0411baleset_kerecsend_v-300x240.jpg\" width=\"98\" height=\"59\" \/><\/a>Eger \u00e9s Kerecsend k\u00f6z\u00f6tt hal\u00e1los k\u00f6zleked\u00e9si baleset t\u00f6rt\u00e9nt.<\/strong><\/p>\n<p style=\"text-align: justify;\">A 25-\u00f6s sz\u00e1m\u00fa \u00faton, Eger \u00e9s Kerecsend k\u00f6z\u00f6tt 2014.\u00e1prilis 10-\u00e9n 23 \u00f3ra 15 perc k\u00f6r\u00fcli id\u0151ben egy szem\u00e9lyaut\u00f3 &#8211; eddig tiszt\u00e1zatlan k\u00f6r\u00fclm\u00e9nyek miatt &#8211; elhagyta az \u00fattestet \u00e9s az \u00e1rokba csap\u00f3dott, melynek k\u00f6vetkezt\u00e9ben az azt vezet\u0151 f\u00e9rfi a helysz\u00ednen \u00e9let\u00e9t vesztette.<\/p>\n<p style=\"text-align: justify;\">A rend\u0151r\u00f6k teljes \u00fatlez\u00e1r\u00e1s mellett folytatj\u00e1k a helysz\u00ednel\u00e9st.<\/p>\n<p style=\"text-align: justify;\">Az egyik szemtan\u00fa elmond\u00e1sa szerint az Eger fel\u0151l \u00e9rkez\u0151 kocsi szinte f\u00e9kez\u00e9s n\u00e9lk\u00fcl v\u00e1g\u00f3dott a szalagkorl\u00e1tnak, kiszak\u00edtva azt, majd az \u00fat menti f\u00e1knak csap\u00f3dott, ahol leszakadt az ajtaja \u00e9s a 3 s\u00e1vos \u00fat k\u00f6zep\u00e9re rep\u00fclt a kocsit vezet\u0151 30 \u00e9ves kerecsendi f\u00e9rfi.<div class=\"wordtube\">\n<div class=\"wordtube single1224\" id=\"WT1_1\" style=\"width:320px; height:240px;\">\n<a href=\"http:\/\/www.macromedia.com\/go\/getflashplayer\">Get the Flash Player<\/a> to see the wordTube Media Player.\n<\/div><\/div>\n\t<script type=\"text\/javascript\" defer=\"defer\">\nvar WT1_1 = {\n\tparams : {\n\t\twmode : \"opaque\",\n\t\tallowscriptaccess : \"always\",\n\t\tallownetworking : \"all\",\n\t\tallowfullscreen : \"true\"},\n\tflashvars : {\n\t\tfile : \"http%3A%2F%2Fwww.agriatv.hu%2Fwp-content%2Fuploads%2F2014%2F04%2F0411baleset_kerecsend.flv\",\n\t\tvolume : \"80\",\n\t\tbufferlength : \"5\",\n\t\tquality : \"false\",\n\t\t'logo.hide' : \"false\",\n\t\timage : \"http%3A%2F%2Fwww.agriatv.hu%2Fwp-content%2Fuploads%2F2014%2F04%2F0411baleset_kerecsend.jpg\",\n\t\ttitle : \"0411baleset_kerecsend.flv\",\n\t\tlinktarget : \"_self\"},\n\tattr : {\n\t\tid : \"WT1\",\n\t\tname : \"WT1\"},\n\tstart : function() {\n\t\tswfobject.embedSWF(\"https:\/\/www.agriatv.hu\/\/player.swf\", \"WT1_1\", \"320\", \"240\", \"9.0.0\", false, this.flashvars, this.params , this.attr );\n\t}\n}\nWT1_1.start();\n\t<\/script>\n<\/p>\n","protected":false},"excerpt":{"rendered":"<p>Eger \u00e9s Kerecsend k\u00f6z\u00f6tt hal\u00e1los k\u00f6zleked\u00e9si baleset t\u00f6rt\u00e9nt.<br \/>\nA 25-\u00f6s sz\u00e1m\u00fa \u00faton, Eger \u00e9s Kerecsend k\u00f6z\u00f6tt 2014.\u00e1prilis 10-\u00e9n 23 \u00f3ra 15 perc k\u00f6r\u00fcli id\u0151ben egy szem\u00e9lyaut\u00f3 &#8211; eddig tiszt\u00e1zatlan k\u00f6r\u00fclm\u00e9nyek miatt &#8211; elhagyta az \u00fattestet \u00e9s az \u00e1rokba csap\u00f3dott, melynek k\u00f6vetkezt\u00e9ben az azt vezet\u0151 f\u00e9rfi a helysz\u00ednen \u00e9let\u00e9t vesztette.<br \/>\nA rend\u0151r\u00f6k teljes \u00fatlez\u00e1r\u00e1s mellett folytatj\u00e1k a helysz\u00ednel\u00e9st.<br \/>\nAz [&#8230;]<\/p>\n","protected":false},"author":4,"featured_media":0,"comment_status":"closed","ping_status":"closed","sticky":false,"template":"","format":"standard","meta":{"footnotes":""},"categories":[5],"tags":[1935,41,771,59,122],"class_list":["post-12516","post","type-post","status-publish","format-standard","hentry","category-kek-hirek","tag-25-sz-fout","tag-baleset","tag-halal","tag-kerecsend","tag-rendorseg"],"_links":{"self":[{"href":"https:\/\/www.agriatv.hu\/index.php?rest_route=\/wp\/v2\/posts\/12516","targetHints":{"allow":["GET"]}}],"collection":[{"href":"https:\/\/www.agriatv.hu\/index.php?rest_route=\/wp\/v2\/posts"}],"about":[{"href":"https:\/\/www.agriatv.hu\/index.php?rest_route=\/wp\/v2\/types\/post"}],"author":[{"embeddable":true,"href":"https:\/\/www.agriatv.hu\/index.php?rest_route=\/wp\/v2\/users\/4"}],"replies":[{"embeddable":true,"href":"https:\/\/www.agriatv.hu\/index.php?rest_route=%2Fwp%2Fv2%2Fcomments&post=12516"}],"version-history":[{"count":3,"href":"https:\/\/www.agriatv.hu\/index.php?rest_route=\/wp\/v2\/posts\/12516\/revisions"}],"predecessor-version":[{"id":12520,"href":"https:\/\/www.agriatv.hu\/index.php?rest_route=\/wp\/v2\/posts\/12516\/revisions\/12520"}],"wp:attachment":[{"href":"https:\/\/www.agriatv.hu\/index.php?rest_route=%2Fwp%2Fv2%2Fmedia&parent=12516"}],"wp:term":[{"taxonomy":"category","embeddable":true,"href":"https:\/\/www.agriatv.hu\/index.php?rest_route=%2Fwp%2Fv2%2Fcategories&post=12516"},{"taxonomy":"post_tag","embeddable":true,"href":"https:\/\/www.agriatv.hu\/index.php?rest_route=%2Fwp%2Fv2%2Ftags&post=12516"}],"curies":[{"name":"wp","href":"https:\/\/api.w.org\/{rel}","templated":true}]}}