{"id":12524,"date":"2014-04-14T11:46:06","date_gmt":"2014-04-14T11:46:06","guid":{"rendered":"http:\/\/www.agriatv.hu\/?p=12524"},"modified":"2014-04-14T11:46:06","modified_gmt":"2014-04-14T11:46:06","slug":"tajekoztatas-majusban-indulo-kozossegi-animator-kepzesrol","status":"publish","type":"post","link":"https:\/\/www.agriatv.hu\/?p=12524","title":{"rendered":"T\u00e1j\u00e9koztat\u00e1s m\u00e1jusban indul\u00f3 k\u00f6z\u00f6ss\u00e9gi anim\u00e1tor k\u00e9pz\u00e9sr\u0151l"},"content":{"rendered":"<p><a href=\"https:\/\/www.agriatv.hu\/wp-content\/uploads\/2014\/04\/evk.jpg\"><img loading=\"lazy\" decoding=\"async\" class=\"alignleft size-medium wp-image-12464\" alt=\"evk\" src=\"https:\/\/www.agriatv.hu\/wp-content\/uploads\/2014\/04\/evk-300x35.jpg\" width=\"300\" height=\"35\" srcset=\"https:\/\/www.agriatv.hu\/wp-content\/uploads\/2014\/04\/evk-300x35.jpg 300w, https:\/\/www.agriatv.hu\/wp-content\/uploads\/2014\/04\/evk.jpg 580w\" sizes=\"auto, (max-width: 300px) 100vw, 300px\" \/><\/a>A Nemzeti Agr\u00e1rszaktan\u00e1csad\u00e1si, K\u00e9pz\u00e9si \u00e9s Vid\u00e9kfejleszt\u00e9si Int\u00e9zet helyi k\u00f6z\u00f6ss\u00e9g- \u00e9s vid\u00e9kfejleszt\u0151 szakemberek, <b>az \u00fajonnan l\u00e9trej\u00f6v\u0151 t\u00f6bbfunkci\u00f3s szolg\u00e1ltat\u00f3 k\u00f6zpontok<\/b> <b>munkat\u00e1rsai<\/b>, illetve az IKSZT-k munkat\u00e1rsai r\u00e9sz\u00e9re akkredit\u00e1lt 40 \u00f3r\u00e1s k\u00f6z\u00f6ss\u00e9gi anim\u00e1tor k\u00e9pz\u00e9st ind\u00edt 2014. m\u00e1jus\u00e1ban.<\/p>\n<p><b>A k\u00e9pz\u00e9s c\u00e9lcsoportja:<\/b><\/p>\n<p>Helyi k\u00f6z\u00f6ss\u00e9g- \u00e9s vid\u00e9kfejleszt\u0151 szakemberek, els\u0151sorban <b><i>az \u00fajonnan l\u00e9trej\u00f6v\u0151 t\u00f6bbfunkci\u00f3s szolg\u00e1ltat\u00f3 k\u00f6zpontok <\/i><\/b>munkat\u00e1rsai.<\/p>\n<p><b>Azon t\u00f6bbfunkci\u00f3s szolg\u00e1ltat\u00f3 k\u00f6zpontoknak, amelyek utols\u00f3 kifizet\u00e9si k\u00e9relm\u00fcket <span style=\"text-decoration: underline;\">2014. m\u00e1jus 31-ig<\/span> k\u00edv\u00e1nj\u00e1k beny\u00fajtani a Mez\u0151gazdas\u00e1gi \u00e9s Vid\u00e9kfejleszt\u00e9si Hivatal r\u00e9sz\u00e9re, a k\u00e9relem beny\u00fajt\u00e1s\u00e1nak id\u0151pontj\u00e1ig a k\u00e9pz\u00e9s sikeres elv\u00e9gz\u00e9s\u00e9r\u0151l <span style=\"text-decoration: underline;\">tan\u00fas\u00edtv\u00e1nnyal<\/span> kell rendelkezni\u00fck. <\/b><\/p>\n<p>A k\u00e9pz\u00e9s fontos c\u00e9lcsoportj\u00e1t jelentik tov\u00e1bb\u00e1 az Integr\u00e1lt K\u00f6z\u00f6ss\u00e9gi \u00e9s Szolg\u00e1ltat\u00f3 Terek munkat\u00e1rsai. M\u00e1r jelen felh\u00edv\u00e1sban szeretn\u00e9nk azonban t\u00e1j\u00e9koztatni az <i><span style=\"text-decoration: underline;\">IKSZT munkat\u00e1rsakat<\/span><\/i>, hogy <i><span style=\"text-decoration: underline;\">r\u00e9sz\u00fckre 2014. j\u00fanius\u00e1ban \u00fajb\u00f3l meghirdet\u00e9sre ker\u00fcl<\/span><\/i> a k\u00e9pz\u00e9si program.<\/p>\n<p><b>A k\u00e9pz\u00e9s c\u00e9lja:<\/b><\/p>\n<p>Olyan gyakorlatorient\u00e1lt ismeretek \u00e1tad\u00e1sa a k\u00f6z\u00f6ss\u00e9g- \u00e9s vid\u00e9kfejleszt\u0151 emberek sz\u00e1m\u00e1ra, amelyeknek megszerz\u00e9s\u00e9vel alkalmazni tudj\u00e1k a jogszab\u00e1lyi el\u0151\u00edr\u00e1sokat, megismerik a vid\u00e9kfejleszt\u00e9si t\u00e1mogat\u00e1sok rendszer\u00e9t. Kapcsolatot tartanak a telep\u00fcl\u00e9sek gazdas\u00e1gi szf\u00e9r\u00e1j\u00e1val, egyeztetnek a szakhat\u00f3s\u00e1gokkal, el\u0151seg\u00edtik a telep\u00fcl\u00e9s saj\u00e1t er\u0151forr\u00e1sainak felismer\u00e9s\u00e9t \u00e9s kieg\u00e9sz\u00edt\u00e9s\u00e9t k\u00fcls\u0151 er\u0151forr\u00e1sokkal. R\u00e9szt vesznek a 2014-2020 k\u00f6z\u00f6tti Eur\u00f3pai Uni\u00f3s programoz\u00e1si id\u0151szak helyi tervez\u00e9si feladatainak anim\u00e1ci\u00f3j\u00e1ban.<\/p>\n<p><b>A k\u00e9pz\u00e9s tartalma:<\/b><\/p>\n<p>\u2022\u00a0\u00a0\u00a0\u00a0\u00a0\u00a0\u00a0\u00a0\u00a0 Jogi \u00e9s \u00fcgyviteli alapok (4 \u00f3ra)<\/p>\n<p>\u2022\u00a0\u00a0\u00a0\u00a0\u00a0\u00a0\u00a0\u00a0\u00a0 Vid\u00e9kfejleszt\u00e9si ismeretek (8 \u00f3ra)<\/p>\n<p>\u2022\u00a0\u00a0\u00a0\u00a0\u00a0\u00a0\u00a0\u00a0\u00a0 Az Integr\u00e1lt K\u00f6z\u00f6ss\u00e9gi \u00e9s Szolg\u00e1ltat\u00f3 T\u00e9r m\u0171k\u00f6dtet\u00e9s\u00e9nek gyakorlati ismeretei (4 \u00f3ra)<\/p>\n<p>\u2022\u00a0\u00a0\u00a0\u00a0\u00a0\u00a0\u00a0\u00a0\u00a0 Kult\u00farak\u00f6zvet\u00edt\u00e9s \u00e9s k\u00f6z\u00f6ss\u00e9gfejleszt\u00e9s (16 \u00f3ra)<\/p>\n<p>\u2022\u00a0\u00a0\u00a0\u00a0\u00a0\u00a0\u00a0\u00a0\u00a0 Elektronikus inform\u00e1ci\u00f3s szolg\u00e1ltat\u00e1sok (8 \u00f3ra)<\/p>\n<p><b>A k\u00e9pz\u00e9s id\u0151tartama:<\/b> 2014. m\u00e1jus k\u00f6zep\u00e9n 5 k\u00e9pz\u00e9si napon (\u00f6sszesen 40 kontakt \u00f3ra)<\/p>\n<p><i>A k\u00e9pz\u00e9si id\u0151pontok a jelentkez\u00e9si id\u0151szakot k\u00f6vet\u0151en ker\u00fclnek meghat\u00e1roz\u00e1sra, egyeztetve a jelentkez\u0151kkel.<\/i><\/p>\n<p><i>\u00a0<\/i><\/p>\n<p><b>A k\u00e9pz\u00e9si helysz\u00ednek:<\/b> a pontos helysz\u00edneket a szervez\u0151k a jelentkez\u00e9sek figyelembe v\u00e9tel\u00e9vel, a k\u00e9s\u0151bbiekben hat\u00e1rozz\u00e1k meg. El\u0151rel\u00e1that\u00f3an Budapesten zajlik majd a k\u00e9pz\u00e9si program.<\/p>\n<p>&nbsp;<\/p>\n<p>A k\u00e9pz\u00e9s r\u00e9szv\u00e9teli d\u00edja <b><i>brutt\u00f3 30.000 Ft\/f\u0151<\/i><\/b>, amely a r\u00e9sztvev\u0151k helyi \u00e9s helyk\u00f6zi utaz\u00e1s\u00e1nak, esetlegesen felmer\u00fcl\u0151 sz\u00e1ll\u00e1s \u00e9s \u00e9tkez\u00e9s ig\u00e9nyeinek k\u00f6lts\u00e9g\u00e9t nem tartalmazza, arr\u00f3l a r\u00e9sztvev\u0151knek egy\u00e9nileg sz\u00fcks\u00e9ges gondoskodniuk. .<\/p>\n<p>A k\u00e9pz\u00e9si d\u00edj megfizet\u00e9s\u00e9re kiz\u00e1r\u00f3lag \u00e1tutal\u00e1ssal van lehet\u0151s\u00e9g az al\u00e1bbi, Nemzeti Agr\u00e1rszaktan\u00e1csad\u00e1si, K\u00e9pz\u00e9si \u00e9s Vid\u00e9kfejleszt\u00e9si Int\u00e9zet \u00e1ltal vezetett fizet\u00e9si sz\u00e1mlasz\u00e1mon:<\/p>\n<p align=\"center\"><b>10032000-01743276<\/b><\/p>\n<p>K\u00e9rj\u00fck, hogy az \u00e1tutal\u00e1s k\u00f6zlem\u00e9ny rovat\u00e1ban az azonos\u00edt\u00e1shoz mindenk\u00e9ppen t\u00fcntess\u00e9k fel a \u201ejelentkez\u0151 nev\u00e9t\u201d, illetve az \u201ek\u00f6z\u00f6ss\u00e9gi anim\u00e1tor k\u00e9pz\u00e9s d\u00edja\u201d sz\u00f6vegr\u00e9szt! Az \u00e1tutal\u00e1s teljes\u00edt\u00e9s\u00e9nek v\u00e9gs\u0151 hat\u00e1rideje: <b><span style=\"text-decoration: underline;\">2014. \u00e1prilis 23. (szerda)<\/span><\/b><\/p>\n<p><b>A jelentkez\u00e9s felt\u00e9telei: <\/b><\/p>\n<ul>\n<li><b><i>\u00c9retts\u00e9gi bizony\u00edtv\u00e1ny<\/i><\/b>, amelynek hiteles m\u00e1solat\u00e1t a jelentkez\u00e9si lappal egy\u00fctt sz\u00fcks\u00e9ges megk\u00fcldeni<\/li>\n<li><b><i>Jelentkez\u00e9si lap<\/i><\/b> kit\u00f6lt\u00e9se \u00e9s megk\u00fcld\u00e9se<\/li>\n<\/ul>\n<p>A jelentkez\u00e9s felt\u00e9tele a r\u00e9szv\u00e9teli d\u00edj befizet\u00e9se. A hat\u00e1rid\u0151ig be\u00e9rkez\u0151 valamennyi \u00e9rv\u00e9nyes jelentkez\u00e9st befogadjuk. A k\u00e9pz\u00e9si helysz\u00ednt \u00e9s az id\u0151pontokat a szervez\u0151k a jelentkez\u00e9sek \u00f6sszes\u00edt\u00e9s\u00e9t k\u00f6vet\u0151en hat\u00e1rozz\u00e1k meg.<\/p>\n<p><b>A jelentkez\u00e9s m\u00f3dja:<\/b> elektronikus \u00faton, az <a href=\"mailto:animator@nakvi.hu\">animator@nakvi.hu<\/a> c\u00edmre k\u00fcld\u00f6tt e-mailben, kit\u00f6lt\u00f6tt <b><i>JELENTKEZ\u00c9SI LAP<\/i><\/b> csatol\u00e1s\u00e1val.<\/p>\n<p><b>JELENTKEZ\u00c9SI HAT\u00c1RID\u0150: <span style=\"text-decoration: underline;\">2014. \u00e1prilis 23. (szerda) 17.00 \u00f3ra<\/span><\/b><\/p>\n<p align=\"center\">\u00a0B\u0151vebb inform\u00e1ci\u00f3k az al\u00e1bbi linkre kattintva megtekinthet\u0151k:<\/p>\n<p align=\"center\"><a href=\"http:\/\/www.ikszt.hu\/hirek\/majusban-ujra-kozossegi-animator-kepzes-.html\">http:\/\/www.ikszt.hu\/hirek\/majusban-ujra-kozossegi-animator-kepzes-.html<\/a><\/p>\n<p>\u00a0Tov\u00e1bbi inform\u00e1ci\u00f3:<\/p>\n<p>ikszt@ikszt.hu<\/p>\n<p>Pernekker Kitti, vid\u00e9kfejleszt\u00e9si referens<\/p>\n<p>06-1\/362-8144<\/p>\n<p>Forr\u00e1s: <a href=\"http:\/\/www.evk-egyesulet.hu\">www.evk-egyesulet.hu<\/a><\/p>\n","protected":false},"excerpt":{"rendered":"<p>A Nemzeti Agr\u00e1rszaktan\u00e1csad\u00e1si, K\u00e9pz\u00e9si \u00e9s Vid\u00e9kfejleszt\u00e9si Int\u00e9zet helyi k\u00f6z\u00f6ss\u00e9g- \u00e9s vid\u00e9kfejleszt\u0151 szakemberek, az \u00fajonnan l\u00e9trej\u00f6v\u0151 t\u00f6bbfunkci\u00f3s szolg\u00e1ltat\u00f3 k\u00f6zpontok munkat\u00e1rsai, illetve az IKSZT-k munkat\u00e1rsai r\u00e9sz\u00e9re akkredit\u00e1lt 40 \u00f3r\u00e1s k\u00f6z\u00f6ss\u00e9gi anim\u00e1tor k\u00e9pz\u00e9st ind\u00edt 2014. m\u00e1jus\u00e1ban.<br \/>\nA k\u00e9pz\u00e9s c\u00e9lcsoportja:<br \/>\nHelyi k\u00f6z\u00f6ss\u00e9g- \u00e9s vid\u00e9kfejleszt\u0151 szakemberek, els\u0151sorban az \u00fajonnan l\u00e9trej\u00f6v\u0151 t\u00f6bbfunkci\u00f3s szolg\u00e1ltat\u00f3 k\u00f6zpontok munkat\u00e1rsai.<br \/>\nAzon t\u00f6bbfunkci\u00f3s szolg\u00e1ltat\u00f3 k\u00f6zpontoknak, amelyek utols\u00f3 kifizet\u00e9si k\u00e9relm\u00fcket 2014. [&#8230;]<\/p>\n","protected":false},"author":4,"featured_media":0,"comment_status":"closed","ping_status":"closed","sticky":false,"template":"","format":"standard","meta":{"footnotes":""},"categories":[6,450],"tags":[1615],"class_list":["post-12524","post","type-post","status-publish","format-standard","hentry","category-belfold","category-gazdasag-2","tag-evk"],"_links":{"self":[{"href":"https:\/\/www.agriatv.hu\/index.php?rest_route=\/wp\/v2\/posts\/12524","targetHints":{"allow":["GET"]}}],"collection":[{"href":"https:\/\/www.agriatv.hu\/index.php?rest_route=\/wp\/v2\/posts"}],"about":[{"href":"https:\/\/www.agriatv.hu\/index.php?rest_route=\/wp\/v2\/types\/post"}],"author":[{"embeddable":true,"href":"https:\/\/www.agriatv.hu\/index.php?rest_route=\/wp\/v2\/users\/4"}],"replies":[{"embeddable":true,"href":"https:\/\/www.agriatv.hu\/index.php?rest_route=%2Fwp%2Fv2%2Fcomments&post=12524"}],"version-history":[{"count":1,"href":"https:\/\/www.agriatv.hu\/index.php?rest_route=\/wp\/v2\/posts\/12524\/revisions"}],"predecessor-version":[{"id":12525,"href":"https:\/\/www.agriatv.hu\/index.php?rest_route=\/wp\/v2\/posts\/12524\/revisions\/12525"}],"wp:attachment":[{"href":"https:\/\/www.agriatv.hu\/index.php?rest_route=%2Fwp%2Fv2%2Fmedia&parent=12524"}],"wp:term":[{"taxonomy":"category","embeddable":true,"href":"https:\/\/www.agriatv.hu\/index.php?rest_route=%2Fwp%2Fv2%2Fcategories&post=12524"},{"taxonomy":"post_tag","embeddable":true,"href":"https:\/\/www.agriatv.hu\/index.php?rest_route=%2Fwp%2Fv2%2Ftags&post=12524"}],"curies":[{"name":"wp","href":"https:\/\/api.w.org\/{rel}","templated":true}]}}