{"id":12584,"date":"2014-04-27T23:46:25","date_gmt":"2014-04-27T23:46:25","guid":{"rendered":"http:\/\/www.agriatv.hu\/?p=12584"},"modified":"2014-04-28T17:46:59","modified_gmt":"2014-04-28T17:46:59","slug":"fiatalok-raboltak-ecseden","status":"publish","type":"post","link":"https:\/\/www.agriatv.hu\/?p=12584","title":{"rendered":"Fiatalok raboltak Ecs\u00e9den"},"content":{"rendered":"<div class=\"field field-name-field-lead field-type-text-long field-label-hidden\">\n<div class=\"field-items\">\n<div class=\"field-item even\" style=\"text-align: justify;\"><strong><a href=\"https:\/\/www.agriatv.hu\/wp-content\/uploads\/2014\/04\/0427ecsed_rablas_v.jpg\"><img loading=\"lazy\" decoding=\"async\" class=\"alignleft  wp-image-12585\" src=\"https:\/\/www.agriatv.hu\/wp-content\/uploads\/2014\/04\/0427ecsed_rablas_v-300x240.jpg\" alt=\"0427ecsed_rablas_v\" width=\"136\" height=\"75\" \/><\/a>A hatvani nyomoz\u00f3k elfogt\u00e1k a k\u00e9t fi\u00fat.<\/strong><\/div>\n<\/div>\n<\/div>\n<div class=\"field field-name-field-szovegtorzs field-type-text-long field-label-hidden\">\n<div class=\"field-items\">\n<div class=\"field-item even\">\n<p style=\"text-align: justify;\">Egy fiatalkor\u00fa fi\u00fa tett feljelent\u00e9st, miszerint az ecs\u00e9di Szabads\u00e1g \u00e9s T\u00e1ncsics utc\u00e1k keresztez\u0151d\u00e9s\u00e9ben a j\u00e1rd\u00e1n 2014. \u00e1prilis 23-\u00e1n 20 \u00f3ra \u00e9s 21 \u00f3ra k\u00f6z\u00f6tti id\u0151ben k\u00e9t fiatal elk\u00e9rte mobiltelefonj\u00e1t \u00e9s k\u00e9szp\u00e9nz\u00e9t.<\/p>\n<p style=\"text-align: justify;\">A k\u00e9s\u0151bbi s\u00e9rtett ennek eleget tett, majd amikor vissza akarta k\u00e9rni \u00e9rt\u00e9keit, nem adt\u00e1k vissza neki \u00e9s egyik\u00fck meg is \u00fct\u00f6tte.<\/p>\n<p style=\"text-align: justify;\">A fiatalok ezt k\u00f6vet\u0151en a telefonnal \u00e9s a k\u00e9szp\u00e9nzzel elmentek a helysz\u00ednr\u0151l.<\/p>\n<p style=\"text-align: justify;\">\u00a0A hatvani nyomoz\u00f3k azonos\u00edtott\u00e1k a t\u00e1mad\u00f3kat \u00e9s r\u00f6vid id\u0151 alatt el\u0151\u00e1ll\u00edtottak a rend\u0151rkapit\u00e1nys\u00e1gra egy 15 \u00e9ves \u00e9s egy 16 \u00e9ves helyi fi\u00fat.<\/p>\n<p style=\"text-align: justify;\">Ellen\u00fck &#8211; \u0151rizetbe v\u00e9tel\u00fck mellett \u2013 rabl\u00e1s b\u0171ntett elk\u00f6vet\u00e9s\u00e9nek megalapozott gyan\u00faja miatt ind\u00edtott elj\u00e1r\u00e1st a Hatvani Rend\u0151rkapit\u00e1nys\u00e1g \u00e9s kezdem\u00e9nyezte el\u0151zetes letart\u00f3ztat\u00e1suk elrendel\u00e9s\u00e9t.<\/p>\n<p style=\"text-align: justify;\">A b\u00edr\u00f3s\u00e1g mindk\u00e9t fiatallal szemben h\u00e1zi\u0151rizetet rendelt el.<strong><div class=\"wordtube\">\n<div class=\"wordtube single1234\" id=\"WT1_1\" style=\"width:320px; height:240px;\">\n<a href=\"http:\/\/www.macromedia.com\/go\/getflashplayer\">Get the Flash Player<\/a> to see the wordTube Media Player.\n<\/div><\/div>\n\t<script type=\"text\/javascript\" defer=\"defer\">\nvar WT1_1 = {\n\tparams : {\n\t\twmode : \"opaque\",\n\t\tallowscriptaccess : \"always\",\n\t\tallownetworking : \"all\",\n\t\tallowfullscreen : \"true\"},\n\tflashvars : {\n\t\tfile : \"http%3A%2F%2Fwww.agriatv.hu%2Fwp-content%2Fuploads%2F2014%2F04%2F0427ecsed_rablas.flv\",\n\t\tvolume : \"80\",\n\t\tbufferlength : \"5\",\n\t\tquality : \"false\",\n\t\t'logo.hide' : \"false\",\n\t\timage : \"http%3A%2F%2Fwww.agriatv.hu%2Fwp-content%2Fuploads%2F2014%2F04%2F0427ecsed_rablas.Still002.jpg\",\n\t\ttitle : \"0427ecsed_rablas.flv\",\n\t\tlinktarget : \"_self\"},\n\tattr : {\n\t\tid : \"WT1\",\n\t\tname : \"WT1\"},\n\tstart : function() {\n\t\tswfobject.embedSWF(\"https:\/\/www.agriatv.hu\/\/player.swf\", \"WT1_1\", \"320\", \"240\", \"9.0.0\", false, this.flashvars, this.params , this.attr );\n\t}\n}\nWT1_1.start();\n\t<\/script>\n<\/strong><\/p>\n<\/div>\n<\/div>\n<\/div>\n","protected":false},"excerpt":{"rendered":"<p>A hatvani nyomoz\u00f3k elfogt\u00e1k a k\u00e9t fi\u00fat.<\/p>\n<p>Egy fiatalkor\u00fa fi\u00fa tett feljelent\u00e9st, miszerint az ecs\u00e9di Szabads\u00e1g \u00e9s T\u00e1ncsics utc\u00e1k keresztez\u0151d\u00e9s\u00e9ben a j\u00e1rd\u00e1n 2014. \u00e1prilis 23-\u00e1n 20 \u00f3ra \u00e9s 21 \u00f3ra k\u00f6z\u00f6tti id\u0151ben k\u00e9t fiatal elk\u00e9rte mobiltelefonj\u00e1t \u00e9s k\u00e9szp\u00e9nz\u00e9t.<br \/>\nA k\u00e9s\u0151bbi s\u00e9rtett ennek eleget tett, majd amikor vissza akarta k\u00e9rni \u00e9rt\u00e9keit, nem adt\u00e1k vissza neki \u00e9s egyik\u00fck meg [&#8230;]<\/p>\n","protected":false},"author":4,"featured_media":0,"comment_status":"closed","ping_status":"closed","sticky":false,"template":"","format":"standard","meta":{"footnotes":""},"categories":[5],"tags":[71,2010,1351,692,122,1245],"class_list":["post-12584","post","type-post","status-publish","format-standard","hentry","category-kek-hirek","tag-birosag","tag-ecsed","tag-fiatal","tag-rablas","tag-rendorseg","tag-telefon"],"_links":{"self":[{"href":"https:\/\/www.agriatv.hu\/index.php?rest_route=\/wp\/v2\/posts\/12584","targetHints":{"allow":["GET"]}}],"collection":[{"href":"https:\/\/www.agriatv.hu\/index.php?rest_route=\/wp\/v2\/posts"}],"about":[{"href":"https:\/\/www.agriatv.hu\/index.php?rest_route=\/wp\/v2\/types\/post"}],"author":[{"embeddable":true,"href":"https:\/\/www.agriatv.hu\/index.php?rest_route=\/wp\/v2\/users\/4"}],"replies":[{"embeddable":true,"href":"https:\/\/www.agriatv.hu\/index.php?rest_route=%2Fwp%2Fv2%2Fcomments&post=12584"}],"version-history":[{"count":1,"href":"https:\/\/www.agriatv.hu\/index.php?rest_route=\/wp\/v2\/posts\/12584\/revisions"}],"predecessor-version":[{"id":12586,"href":"https:\/\/www.agriatv.hu\/index.php?rest_route=\/wp\/v2\/posts\/12584\/revisions\/12586"}],"wp:attachment":[{"href":"https:\/\/www.agriatv.hu\/index.php?rest_route=%2Fwp%2Fv2%2Fmedia&parent=12584"}],"wp:term":[{"taxonomy":"category","embeddable":true,"href":"https:\/\/www.agriatv.hu\/index.php?rest_route=%2Fwp%2Fv2%2Fcategories&post=12584"},{"taxonomy":"post_tag","embeddable":true,"href":"https:\/\/www.agriatv.hu\/index.php?rest_route=%2Fwp%2Fv2%2Ftags&post=12584"}],"curies":[{"name":"wp","href":"https:\/\/api.w.org\/{rel}","templated":true}]}}