{"id":12591,"date":"2014-04-28T19:49:30","date_gmt":"2014-04-28T19:49:30","guid":{"rendered":"http:\/\/www.agriatv.hu\/?p=12591"},"modified":"2014-04-28T19:52:12","modified_gmt":"2014-04-28T19:52:12","slug":"12591","status":"publish","type":"post","link":"https:\/\/www.agriatv.hu\/?p=12591","title":{"rendered":"Az alv\u00f3 n\u0151 mell\u0151l is lopott"},"content":{"rendered":"<div class=\"field field-name-field-szovegtorzs field-type-text-long field-label-hidden\">\n<div class=\"field-items\">\n<div class=\"field-item even\">\n<p style=\"text-align: justify;\"><a href=\"https:\/\/www.agriatv.hu\/wp-content\/uploads\/2014\/04\/0428besurrano_noszvaj_v.jpg\"><img loading=\"lazy\" decoding=\"async\" class=\"alignleft  wp-image-12592\" src=\"https:\/\/www.agriatv.hu\/wp-content\/uploads\/2014\/04\/0428besurrano_noszvaj_v-300x240.jpg\" alt=\"0428besurrano_noszvaj_v\" width=\"134\" height=\"82\" \/><\/a>Egy noszvaji f\u00e9rfi \u00e9rtes\u00edtette telefonon a telep\u00fcl\u00e9s &#8211; szolg\u00e1laton k\u00edv\u00fcli &#8211; k\u00f6rzeti megb\u00edzott rend\u0151r\u00e9t, miszerint \u00e9desanyja lak\u00f3h\u00e1z\u00e1ba besurrant egy ismeretlen n\u0151 \u00e9s onnan t\u00f6bb dolgot eltulajdon\u00edtott.<\/p>\n<p style=\"text-align: justify;\">A f\u00e9rfi elmondta tov\u00e1bb\u00e1, hogy k\u00f6vette az utc\u00e1n a n\u0151t \u00e9s megpr\u00f3b\u00e1lja visszatartani a rend\u0151rs\u00e9g ki\u00e9rkez\u00e9s\u00e9ig.<\/p>\n<p style=\"text-align: justify;\">A telep\u00fcl\u00e9s rend\u0151re azonnal szolg\u00e1latba helyezte mag\u00e1t \u00e9s a jelz\u00e9st k\u00f6vet\u0151 \u00f6t\u00f6dik percben m\u00e1r bilincs volt a felt\u00e9telezett elk\u00f6vet\u0151 csukl\u00f3j\u00e1n.<\/p>\n<p style=\"text-align: justify;\">Meg\u00e1llap\u00edt\u00e1st nyert, hogy a bog\u00e1csi n\u0151 t\u00f6bb kilogramm fagyasztott h\u00fast, m\u00e1s \u00e9lelmiszereket \u00e9s \u00e9kszereket tulajdon\u00edtott el, melyeket megtal\u00e1ltak n\u00e1la, \u00edgy azokat vissza is kapta a tulajdonosa.<\/p>\n<p style=\"text-align: justify;\">A 43 \u00e9ves F. P\u00e9tern\u00e9t el\u0151\u00e1ll\u00edtott\u00e1k az Egri Rend\u0151rkapit\u00e1nys\u00e1gra, ahol ellene lop\u00e1s v\u00e9ts\u00e9g elk\u00f6vet\u00e9s\u00e9nek megalapozott gyan\u00faja miatt indult elj\u00e1r\u00e1s.<strong><div class=\"wordtube\">\n<div class=\"wordtube single1236\" id=\"WT1_1\" style=\"width:320px; height:240px;\">\n<a href=\"http:\/\/www.macromedia.com\/go\/getflashplayer\">Get the Flash Player<\/a> to see the wordTube Media Player.\n<\/div><\/div>\n\t<script type=\"text\/javascript\" defer=\"defer\">\nvar WT1_1 = {\n\tparams : {\n\t\twmode : \"opaque\",\n\t\tallowscriptaccess : \"always\",\n\t\tallownetworking : \"all\",\n\t\tallowfullscreen : \"true\"},\n\tflashvars : {\n\t\tfile : \"http%3A%2F%2Fwww.agriatv.hu%2Fwp-content%2Fuploads%2F2014%2F04%2F0428besurrano_noszvaj.flv\",\n\t\tvolume : \"80\",\n\t\tbufferlength : \"5\",\n\t\tquality : \"false\",\n\t\t'logo.hide' : \"false\",\n\t\timage : \"http%3A%2F%2Fwww.agriatv.hu%2Fwp-content%2Fuploads%2F2014%2F04%2F0428besurrano_noszvaj.Still002.jpg\",\n\t\ttitle : \"0428besurrano_noszvaj.flv\",\n\t\tlinktarget : \"_self\"},\n\tattr : {\n\t\tid : \"WT1\",\n\t\tname : \"WT1\"},\n\tstart : function() {\n\t\tswfobject.embedSWF(\"https:\/\/www.agriatv.hu\/\/player.swf\", \"WT1_1\", \"320\", \"240\", \"9.0.0\", false, this.flashvars, this.params , this.attr );\n\t}\n}\nWT1_1.start();\n\t<\/script>\n<\/strong><\/p>\n<\/div>\n<\/div>\n<\/div>\n","protected":false},"excerpt":{"rendered":"<p>Egy noszvaji f\u00e9rfi \u00e9rtes\u00edtette telefonon a telep\u00fcl\u00e9s &#8211; szolg\u00e1laton k\u00edv\u00fcli &#8211; k\u00f6rzeti megb\u00edzott rend\u0151r\u00e9t, miszerint \u00e9desanyja lak\u00f3h\u00e1z\u00e1ba besurrant egy ismeretlen n\u0151 \u00e9s onnan t\u00f6bb dolgot eltulajdon\u00edtott.<br \/>\nA f\u00e9rfi elmondta tov\u00e1bb\u00e1, hogy k\u00f6vette az utc\u00e1n a n\u0151t \u00e9s megpr\u00f3b\u00e1lja visszatartani a rend\u0151rs\u00e9g ki\u00e9rkez\u00e9s\u00e9ig.<br \/>\nA telep\u00fcl\u00e9s rend\u0151re azonnal szolg\u00e1latba helyezte mag\u00e1t \u00e9s a jelz\u00e9st k\u00f6vet\u0151 \u00f6t\u00f6dik percben m\u00e1r bilincs [&#8230;]<\/p>\n","protected":false},"author":4,"featured_media":0,"comment_status":"closed","ping_status":"closed","sticky":false,"template":"","format":"standard","meta":{"footnotes":""},"categories":[5],"tags":[2012,2013,2014,55],"class_list":["post-12591","post","type-post","status-publish","format-standard","hentry","category-kek-hirek","tag-besurrano-tolvaj","tag-korzeti-megbizott","tag-noszvaj","tag-rendor"],"_links":{"self":[{"href":"https:\/\/www.agriatv.hu\/index.php?rest_route=\/wp\/v2\/posts\/12591","targetHints":{"allow":["GET"]}}],"collection":[{"href":"https:\/\/www.agriatv.hu\/index.php?rest_route=\/wp\/v2\/posts"}],"about":[{"href":"https:\/\/www.agriatv.hu\/index.php?rest_route=\/wp\/v2\/types\/post"}],"author":[{"embeddable":true,"href":"https:\/\/www.agriatv.hu\/index.php?rest_route=\/wp\/v2\/users\/4"}],"replies":[{"embeddable":true,"href":"https:\/\/www.agriatv.hu\/index.php?rest_route=%2Fwp%2Fv2%2Fcomments&post=12591"}],"version-history":[{"count":3,"href":"https:\/\/www.agriatv.hu\/index.php?rest_route=\/wp\/v2\/posts\/12591\/revisions"}],"predecessor-version":[{"id":12595,"href":"https:\/\/www.agriatv.hu\/index.php?rest_route=\/wp\/v2\/posts\/12591\/revisions\/12595"}],"wp:attachment":[{"href":"https:\/\/www.agriatv.hu\/index.php?rest_route=%2Fwp%2Fv2%2Fmedia&parent=12591"}],"wp:term":[{"taxonomy":"category","embeddable":true,"href":"https:\/\/www.agriatv.hu\/index.php?rest_route=%2Fwp%2Fv2%2Fcategories&post=12591"},{"taxonomy":"post_tag","embeddable":true,"href":"https:\/\/www.agriatv.hu\/index.php?rest_route=%2Fwp%2Fv2%2Ftags&post=12591"}],"curies":[{"name":"wp","href":"https:\/\/api.w.org\/{rel}","templated":true}]}}