{"id":12611,"date":"2014-05-01T20:23:17","date_gmt":"2014-05-01T20:23:17","guid":{"rendered":"http:\/\/www.agriatv.hu\/?p=12611"},"modified":"2014-05-01T20:26:52","modified_gmt":"2014-05-01T20:26:52","slug":"zugtak-a-szocskek-robogtak-a-mocik","status":"publish","type":"post","link":"https:\/\/www.agriatv.hu\/?p=12611","title":{"rendered":"Z\u00fagtak a sz\u00f6csk\u00e9k, ugrottak a mocik"},"content":{"rendered":"<p style=\"text-align: justify;\"><a href=\"https:\/\/www.agriatv.hu\/wp-content\/uploads\/2014\/05\/0501quad_eger_v.jpg\"><img loading=\"lazy\" decoding=\"async\" class=\"alignleft  wp-image-12613\" src=\"https:\/\/www.agriatv.hu\/wp-content\/uploads\/2014\/05\/0501quad_eger_v-300x240.jpg\" alt=\"0501quad_eger_v\" width=\"155\" height=\"90\" \/><\/a>T\u00f6bb tucat amat\u0151r \u00e9s profi sportol\u00f3 \u00e9s rengeteg n\u00e9z\u0151 n\u00e9pes\u00edtette be \u00fajra a T\u00f6viskes-v\u00f6lgyi p\u00e1ly\u00e1t.<\/p>\n<p style=\"text-align: justify;\">A lelkes szervez\u0151k h\u00f3napok \u00f3ta k\u00e9sz\u00fcltek a mai maj\u00e1lisra: rendbe tett\u00e9k a p\u00e1ly\u00e1t \u00e9s k\u00f6rny\u00e9k\u00e9t, megszervezt\u00e9k a biztons\u00e1got. Az ut\u00f3bbi napok es\u0151z\u00e9sei nem tettek j\u00f3t a p\u00e1ly\u00e1nak, de \u00edgy is l\u00e1tv\u00e1nyosra sikeredett a mai tal\u00e1lkoz\u00f3.<\/p>\n<p style=\"text-align: justify;\">Voltak itt sz\u00f6csk\u00e9kkel, quadokkal, kasznis kocsikkal \u00e9s motorokkal is versenyz\u0151k, akik kipr\u00f3b\u00e1lhatt\u00e1k tud\u00e1sukat, saj\u00e1t maguk \u00e9s a n\u00e9z\u0151k nagy \u00f6r\u00f6m\u00e9re.<strong><div class=\"wordtube\">\n<div class=\"wordtube single1242\" id=\"WT1_1\" style=\"width:320px; height:240px;\">\n<a href=\"http:\/\/www.macromedia.com\/go\/getflashplayer\">Get the Flash Player<\/a> to see the wordTube Media Player.\n<\/div><\/div>\n\t<script type=\"text\/javascript\" defer=\"defer\">\nvar WT1_1 = {\n\tparams : {\n\t\twmode : \"opaque\",\n\t\tallowscriptaccess : \"always\",\n\t\tallownetworking : \"all\",\n\t\tallowfullscreen : \"true\"},\n\tflashvars : {\n\t\tfile : \"http%3A%2F%2Fwww.agriatv.hu%2Fwp-content%2Fuploads%2F2014%2F05%2F0501quad_eger.flv\",\n\t\tvolume : \"80\",\n\t\tbufferlength : \"5\",\n\t\tquality : \"false\",\n\t\t'logo.hide' : \"false\",\n\t\timage : \"http%3A%2F%2Fwww.agriatv.hu%2Fwp-content%2Fuploads%2F2014%2F05%2F0501quad_eger.Still001.jpg\",\n\t\ttitle : \"0501quad_eger.flv\",\n\t\tlinktarget : \"_self\"},\n\tattr : {\n\t\tid : \"WT1\",\n\t\tname : \"WT1\"},\n\tstart : function() {\n\t\tswfobject.embedSWF(\"https:\/\/www.agriatv.hu\/\/player.swf\", \"WT1_1\", \"320\", \"240\", \"9.0.0\", false, this.flashvars, this.params , this.attr );\n\t}\n}\nWT1_1.start();\n\t<\/script>\n<\/strong><\/p>\n","protected":false},"excerpt":{"rendered":"<p>T\u00f6bb tucat amat\u0151r \u00e9s profi sportol\u00f3 \u00e9s rengeteg n\u00e9z\u0151 n\u00e9pes\u00edtette be \u00fajra a T\u00f6viskes-v\u00f6lgyi p\u00e1ly\u00e1t.<br \/>\nA lelkes szervez\u0151k h\u00f3napok \u00f3ta k\u00e9sz\u00fcltek a mai maj\u00e1lisra: rendbe tett\u00e9k a p\u00e1ly\u00e1t \u00e9s k\u00f6rny\u00e9k\u00e9t, megszervezt\u00e9k a biztons\u00e1got. Az ut\u00f3bbi napok es\u0151z\u00e9sei nem tettek j\u00f3t a p\u00e1ly\u00e1nak, de \u00edgy is l\u00e1tv\u00e1nyosra sikeredett a mai tal\u00e1lkoz\u00f3.<br \/>\nVoltak itt sz\u00f6csk\u00e9kkel, quadokkal, kasznis kocsikkal \u00e9s [&#8230;]<\/p>\n","protected":false},"author":4,"featured_media":0,"comment_status":"closed","ping_status":"closed","sticky":false,"template":"","format":"standard","meta":{"footnotes":""},"categories":[6,11,4],"tags":[36,2017,4417],"class_list":["post-12611","post","type-post","status-publish","format-standard","hentry","category-belfold","category-sport","category-szabadido","tag-eger","tag-majalis","tag-sport"],"_links":{"self":[{"href":"https:\/\/www.agriatv.hu\/index.php?rest_route=\/wp\/v2\/posts\/12611","targetHints":{"allow":["GET"]}}],"collection":[{"href":"https:\/\/www.agriatv.hu\/index.php?rest_route=\/wp\/v2\/posts"}],"about":[{"href":"https:\/\/www.agriatv.hu\/index.php?rest_route=\/wp\/v2\/types\/post"}],"author":[{"embeddable":true,"href":"https:\/\/www.agriatv.hu\/index.php?rest_route=\/wp\/v2\/users\/4"}],"replies":[{"embeddable":true,"href":"https:\/\/www.agriatv.hu\/index.php?rest_route=%2Fwp%2Fv2%2Fcomments&post=12611"}],"version-history":[{"count":3,"href":"https:\/\/www.agriatv.hu\/index.php?rest_route=\/wp\/v2\/posts\/12611\/revisions"}],"predecessor-version":[{"id":12615,"href":"https:\/\/www.agriatv.hu\/index.php?rest_route=\/wp\/v2\/posts\/12611\/revisions\/12615"}],"wp:attachment":[{"href":"https:\/\/www.agriatv.hu\/index.php?rest_route=%2Fwp%2Fv2%2Fmedia&parent=12611"}],"wp:term":[{"taxonomy":"category","embeddable":true,"href":"https:\/\/www.agriatv.hu\/index.php?rest_route=%2Fwp%2Fv2%2Fcategories&post=12611"},{"taxonomy":"post_tag","embeddable":true,"href":"https:\/\/www.agriatv.hu\/index.php?rest_route=%2Fwp%2Fv2%2Ftags&post=12611"}],"curies":[{"name":"wp","href":"https:\/\/api.w.org\/{rel}","templated":true}]}}