{"id":12616,"date":"2014-05-01T20:57:44","date_gmt":"2014-05-01T20:57:44","guid":{"rendered":"http:\/\/www.agriatv.hu\/?p=12616"},"modified":"2014-05-01T20:57:44","modified_gmt":"2014-05-01T20:57:44","slug":"majalis-felnemeten","status":"publish","type":"post","link":"https:\/\/www.agriatv.hu\/?p=12616","title":{"rendered":"Maj\u00e1lis Feln\u00e9meten"},"content":{"rendered":"<p style=\"text-align: justify;\"><a href=\"https:\/\/www.agriatv.hu\/wp-content\/uploads\/2014\/05\/0501felnemet_v.jpg\"><img loading=\"lazy\" decoding=\"async\" class=\"alignleft  wp-image-12617\" src=\"https:\/\/www.agriatv.hu\/wp-content\/uploads\/2014\/05\/0501felnemet_v-300x240.jpg\" alt=\"0501felnemet_v\" width=\"154\" height=\"93\" \/><\/a>B\u00e1r az es\u0151 megtr\u00e9f\u00e1lta a feln\u00e9meti maj\u00e1lis szervez\u0151it, vend\u00e9gekb\u0151l \u00e9s j\u00f3 hangulatb\u00f3l nem volt hi\u00e1ny.<\/p>\n<p style=\"text-align: justify;\">A kond\u00e9rokban rotyogott a cs\u00fclk\u00f6s k\u00e1poszta, a v\u00edzben f\u0151tt a virsli \u00e9s j\u00f3 szok\u00e1s szerint a s\u00f6r is h\u0171v\u00f6s volt.<\/p>\n<p style=\"text-align: justify;\">A gyerekek festhett\u00e9k \u00e9s festethett\u00e9k magukat, a feln\u0151ttek v\u00e1logathattak a n\u00f3tasz\u00f3t\u00f3l a rocki-bemutat\u00f3ig. Az eg\u00e9sz napos rendezv\u00e9nyt csal\u00e1dok sz\u00e1m\u00e1ra tal\u00e1lt\u00e1k ki a szervez\u0151k, akik nem csak feln\u00e9metieket v\u00e1rtak, nem titkoltan hagyom\u00e1ny teremt\u0151 c\u00e9llal.<strong><div class=\"wordtube\">\n<div class=\"wordtube single1243\" id=\"WT1_1\" style=\"width:320px; height:240px;\">\n<a href=\"http:\/\/www.macromedia.com\/go\/getflashplayer\">Get the Flash Player<\/a> to see the wordTube Media Player.\n<\/div><\/div>\n\t<script type=\"text\/javascript\" defer=\"defer\">\nvar WT1_1 = {\n\tparams : {\n\t\twmode : \"opaque\",\n\t\tallowscriptaccess : \"always\",\n\t\tallownetworking : \"all\",\n\t\tallowfullscreen : \"true\"},\n\tflashvars : {\n\t\tfile : \"http%3A%2F%2Fwww.agriatv.hu%2Fwp-content%2Fuploads%2F2014%2F05%2F0501felnemet.flv\",\n\t\tvolume : \"80\",\n\t\tbufferlength : \"5\",\n\t\tquality : \"false\",\n\t\t'logo.hide' : \"false\",\n\t\timage : \"http%3A%2F%2Fwww.agriatv.hu%2Fwp-content%2Fuploads%2F2014%2F05%2F0501felnemet.Still001.jpg\",\n\t\ttitle : \"0501felnemet.flv\",\n\t\tlinktarget : \"_self\"},\n\tattr : {\n\t\tid : \"WT1\",\n\t\tname : \"WT1\"},\n\tstart : function() {\n\t\tswfobject.embedSWF(\"https:\/\/www.agriatv.hu\/\/player.swf\", \"WT1_1\", \"320\", \"240\", \"9.0.0\", false, this.flashvars, this.params , this.attr );\n\t}\n}\nWT1_1.start();\n\t<\/script>\n<\/strong><\/p>\n","protected":false},"excerpt":{"rendered":"<p>B\u00e1r az es\u0151 megtr\u00e9f\u00e1lta a feln\u00e9meti maj\u00e1lis szervez\u0151it, vend\u00e9gekb\u0151l \u00e9s j\u00f3 hangulatb\u00f3l nem volt hi\u00e1ny.<br \/>\nA kond\u00e9rokban rotyogott a cs\u00fclk\u00f6s k\u00e1poszta, a v\u00edzben f\u0151tt a virsli \u00e9s j\u00f3 szok\u00e1s szerint a s\u00f6r is h\u0171v\u00f6s volt.<br \/>\nA gyerekek festhett\u00e9k \u00e9s festethett\u00e9k magukat, a feln\u0151ttek v\u00e1logathattak a n\u00f3tasz\u00f3t\u00f3l a rocki-bemutat\u00f3ig. Az eg\u00e9sz napos rendezv\u00e9nyt csal\u00e1dok sz\u00e1m\u00e1ra tal\u00e1lt\u00e1k ki a [&#8230;]<\/p>\n","protected":false},"author":4,"featured_media":0,"comment_status":"closed","ping_status":"closed","sticky":false,"template":"","format":"standard","meta":{"footnotes":""},"categories":[6,8,4],"tags":[487,1583,2017,389],"class_list":["post-12616","post","type-post","status-publish","format-standard","hentry","category-belfold","category-kultura","category-szabadido","tag-csalad","tag-felnemet","tag-majalis","tag-program"],"_links":{"self":[{"href":"https:\/\/www.agriatv.hu\/index.php?rest_route=\/wp\/v2\/posts\/12616","targetHints":{"allow":["GET"]}}],"collection":[{"href":"https:\/\/www.agriatv.hu\/index.php?rest_route=\/wp\/v2\/posts"}],"about":[{"href":"https:\/\/www.agriatv.hu\/index.php?rest_route=\/wp\/v2\/types\/post"}],"author":[{"embeddable":true,"href":"https:\/\/www.agriatv.hu\/index.php?rest_route=\/wp\/v2\/users\/4"}],"replies":[{"embeddable":true,"href":"https:\/\/www.agriatv.hu\/index.php?rest_route=%2Fwp%2Fv2%2Fcomments&post=12616"}],"version-history":[{"count":1,"href":"https:\/\/www.agriatv.hu\/index.php?rest_route=\/wp\/v2\/posts\/12616\/revisions"}],"predecessor-version":[{"id":12618,"href":"https:\/\/www.agriatv.hu\/index.php?rest_route=\/wp\/v2\/posts\/12616\/revisions\/12618"}],"wp:attachment":[{"href":"https:\/\/www.agriatv.hu\/index.php?rest_route=%2Fwp%2Fv2%2Fmedia&parent=12616"}],"wp:term":[{"taxonomy":"category","embeddable":true,"href":"https:\/\/www.agriatv.hu\/index.php?rest_route=%2Fwp%2Fv2%2Fcategories&post=12616"},{"taxonomy":"post_tag","embeddable":true,"href":"https:\/\/www.agriatv.hu\/index.php?rest_route=%2Fwp%2Fv2%2Ftags&post=12616"}],"curies":[{"name":"wp","href":"https:\/\/api.w.org\/{rel}","templated":true}]}}