{"id":12645,"date":"2014-05-07T17:52:40","date_gmt":"2014-05-07T17:52:40","guid":{"rendered":"http:\/\/www.agriatv.hu\/?p=12645"},"modified":"2014-05-07T18:05:03","modified_gmt":"2014-05-07T18:05:03","slug":"igazoltataskor-bukott-le","status":"publish","type":"post","link":"https:\/\/www.agriatv.hu\/?p=12645","title":{"rendered":"Igazoltat\u00e1skor bukott le"},"content":{"rendered":"<p style=\"text-align: justify;\"><strong><a href=\"https:\/\/www.agriatv.hu\/wp-content\/uploads\/2014\/05\/0507kabszer_eger_v.jpg\"><img loading=\"lazy\" decoding=\"async\" class=\"alignleft  wp-image-12646\" src=\"https:\/\/www.agriatv.hu\/wp-content\/uploads\/2014\/05\/0507kabszer_eger_v-300x240.jpg\" alt=\"0507kabszer_eger_v\" width=\"180\" height=\"104\" \/><\/a>A g\u00e9pj\u00e1rm\u0171 \u00e1tvizsg\u00e1l\u00e1skor az egyenruh\u00e1sok t\u00f6bb k\u00e1b\u00edt\u00f3szergyan\u00fas n\u00f6v\u00e9nyi sz\u00e1rmaz\u00e9kot tal\u00e1ltak a f\u00e9rfin\u00e9l. Kider\u00fclt, t\u00f6bb szerv is k\u00f6r\u00f6zte.<\/strong><\/p>\n<div class=\"field field-name-field-szovegtorzs field-type-text-long field-label-hidden\">\n<div class=\"field-items\">\n<div class=\"field-item even\">\n<p style=\"text-align: justify;\">A Heves Megyei Rend\u0151r-f\u0151kapit\u00e1nys\u00e1g B\u0171n\u00fcgyi Igazgat\u00f3s\u00e1g nyomoz\u00f3i 2014. m\u00e1jus 6-\u00e1n 15 \u00f3ra 50 perckor a K\u00f6zter\u00fcleti T\u00e1mogat\u00f3 Aloszt\u00e1ly munkat\u00e1rsainak seg\u00edts\u00e9g\u00e9vel az M3-as aut\u00f3p\u00e1lya bagi lehajt\u00f3j\u00e1n\u00e1l igazoltattak egy szem\u00e9lyg\u00e9pkocsit \u00e9s az abban utaz\u00f3 k\u00e9t f\u00e9rfit.<\/p>\n<p style=\"text-align: justify;\"><span style=\"line-height: 1.6em;\">Az int\u00e9zked\u00e9skor meg\u00e1llap\u00edt\u00e1st nyert, hogy a g\u00e9pj\u00e1rm\u0171\u00a0utasa D. J\u00f3zsef gy\u00f6ngy\u00f6si lakos ellen lop\u00e1s b\u0171ncselekm\u00e9ny miatt az Egri T\u00f6rv\u00e9nysz\u00e9k B\u00fcntet\u00e9s V\u00e9grehajt\u00e1si csoportja eur\u00f3pai elfogat\u00f3parancsot, valamint gar\u00e1zdas\u00e1g b\u0171ncselekm\u00e9ny elk\u00f6vet\u00e9se miatt a J\u00e1szber\u00e9nyi J\u00e1r\u00e1sb\u00edr\u00f3s\u00e1g elfogat\u00f3parancsot adott ki.<\/span><\/p>\n<p style=\"text-align: justify;\"><span style=\"line-height: 1.6em;\">Ezt k\u00f6vet\u0151en az egyenruh\u00e1sok \u00e1tvizsg\u00e1lt\u00e1k a szem\u00e9lyg\u00e9pkocsit, amelyben t\u00f6bb k\u00e1b\u00edt\u00f3szergyan\u00fas n\u00f6v\u00e9nyi sz\u00e1rmaz\u00e9kot tal\u00e1ltak.<\/span><\/p>\n<p style=\"text-align: justify;\">Az adatgy\u0171jt\u00e9seket k\u00f6vet\u0151en gyan\u00fa mer\u00fclt fel arra vonatkoz\u00f3an, hogy D. J\u00f3zsef gy\u00f6ngy\u00f6si valamint budapesti lak\u00e1s\u00e1n, tov\u00e1bbi k\u00e1b\u00edt\u00f3szergyan\u00fas n\u00f6v\u00e9nyi sz\u00e1rmaz\u00e9k tal\u00e1lhat\u00f3.<\/p>\n<p style=\"text-align: justify;\">A gy\u00f6ngy\u00f6si valamint a budapesti lak\u00e1sban h\u00e1zkutat\u00e1st tartottak a nyomoz\u00f3k, ahol \u2013 k\u00fcl\u00f6nb\u00f6z\u0151 helyeken elrejtve \u2013 tov\u00e1bbi t\u00f6bb kilogramm marihuana gyan\u00fas n\u00f6v\u00e9nyi sz\u00e1rmaz\u00e9kot, valamint amphetamin gyan\u00fas anyagmaradv\u00e1nyt foglaltak le a rend\u0151r\u00f6k.<strong><div class=\"wordtube\">\n<div class=\"wordtube single1249\" id=\"WT1_1\" style=\"width:320px; height:240px;\">\n<a href=\"http:\/\/www.macromedia.com\/go\/getflashplayer\">Get the Flash Player<\/a> to see the wordTube Media Player.\n<\/div><\/div>\n\t<script type=\"text\/javascript\" defer=\"defer\">\nvar WT1_1 = {\n\tparams : {\n\t\twmode : \"opaque\",\n\t\tallowscriptaccess : \"always\",\n\t\tallownetworking : \"all\",\n\t\tallowfullscreen : \"true\"},\n\tflashvars : {\n\t\tfile : \"http%3A%2F%2Fwww.agriatv.hu%2Fwp-content%2Fuploads%2F2014%2F05%2F0507kabszer_eger.flv\",\n\t\tvolume : \"80\",\n\t\tbufferlength : \"5\",\n\t\tquality : \"false\",\n\t\t'logo.hide' : \"false\",\n\t\timage : \"http%3A%2F%2Fwww.agriatv.hu%2Fwp-content%2Fuploads%2F2014%2F05%2F0507kabszer_eger.Still002.jpg\",\n\t\ttitle : \"0507kabszer_eger.flv\",\n\t\tlinktarget : \"_self\"},\n\tattr : {\n\t\tid : \"WT1\",\n\t\tname : \"WT1\"},\n\tstart : function() {\n\t\tswfobject.embedSWF(\"https:\/\/www.agriatv.hu\/\/player.swf\", \"WT1_1\", \"320\", \"240\", \"9.0.0\", false, this.flashvars, this.params , this.attr );\n\t}\n}\nWT1_1.start();\n\t<\/script>\n<\/strong><\/p>\n<p style=\"text-align: justify;\">A gy\u00f6ngy\u00f6si lak\u00e1sban tart\u00f3zkod\u00f3 D. J\u00f3zsefn\u00e9t valamint a budapesti lak\u00e1sban tart\u00f3zkod\u00f3 Sz. D\u00f3r\u00e1t a nyomoz\u00f3k gyan\u00fas\u00edtottk\u00e9nt hallgatt\u00e1k ki.<\/p>\n<p style=\"text-align: justify;\"><span style=\"line-height: 1.6em;\">D. J\u00f3zsef 31 \u00e9ves gy\u00f6ngy\u00f6si lakos ellen lop\u00e1s b\u0171ncselekm\u00e9ny, gar\u00e1zdas\u00e1g b\u0171ncselekm\u00e9ny, tov\u00e1bb\u00e1 k\u00e1b\u00edt\u00f3szer tart\u00e1sa, t\u00e1rs tettesk\u00e9nt elk\u00f6vetett k\u00e1b\u00edt\u00f3szer birtokl\u00e1sa b\u0171ntette elk\u00f6vet\u00e9s\u00e9nek megalapozott gyan\u00faja miatt indult elj\u00e1r\u00e1s.<\/span><\/p>\n<p style=\"text-align: justify;\"><span style=\"line-height: 1.6em;\">D. J\u00f3zsefet gyan\u00fas\u00edtotti kihallgat\u00e1s\u00e1t k\u00f6vet\u0151en a Heves Megyei B\u00fcntet\u00e9s V\u00e9grehajt\u00e1si int\u00e9zetbe \u00e1tsz\u00e1ll\u00edtott\u00e1k.<\/span><\/p>\n<p style=\"text-align: justify;\"><span style=\"line-height: 1.6em;\">Sz. D\u00f3ra 27 \u00e9ves p\u00e9celi lakos ellen \u2013 \u0151rizetbe v\u00e9tele mellett &#8211; jelent\u0151s mennyis\u00e9g\u0171 k\u00e1b\u00edt\u00f3szer tart\u00e1s\u00e1val, valamint t\u00e1rstettesk\u00e9nt elk\u00f6vetett k\u00e1b\u00edt\u00f3szer birtokl\u00e1sa b\u0171ntette elk\u00f6vet\u00e9s\u00e9nek megalapozott gyan\u00faja miatt indult elj\u00e1r\u00e1s, tov\u00e1bb\u00e1 kezdem\u00e9nyezt\u00e9k el\u0151zetes letart\u00f3ztat\u00e1s\u00e1nak elrendel\u00e9s\u00e9t.<\/span><\/p>\n<p style=\"text-align: justify;\">A szem\u00e9lyg\u00e9pkocsit vezet\u0151 Sz. K\u00e1roly 56 \u00e9ves si\u00f3foki lakos ellen k\u00e1b\u00edt\u00f3szer birtokl\u00e1s\u00e1nak b\u0171ntett\u00e9nek, valamint D. J\u00f3zsefn\u00e9 53 \u00e9ves gy\u00f6ngy\u00f6si lakos ellen k\u00e1b\u00edt\u00f3szer birtokl\u00e1sa v\u00e9ts\u00e9g\u00e9nek elk\u00f6vet\u00e9s\u00e9nek megalapozott gyan\u00faja miatt, szabadl\u00e1bon hagy\u00e1suk mellett indult elj\u00e1r\u00e1s.<\/p>\n<\/div>\n<\/div>\n<\/div>\n","protected":false},"excerpt":{"rendered":"<p>A g\u00e9pj\u00e1rm\u0171 \u00e1tvizsg\u00e1l\u00e1skor az egyenruh\u00e1sok t\u00f6bb k\u00e1b\u00edt\u00f3szergyan\u00fas n\u00f6v\u00e9nyi sz\u00e1rmaz\u00e9kot tal\u00e1ltak a f\u00e9rfin\u00e9l. Kider\u00fclt, t\u00f6bb szerv is k\u00f6r\u00f6zte.<\/p>\n<p>A Heves Megyei Rend\u0151r-f\u0151kapit\u00e1nys\u00e1g B\u0171n\u00fcgyi Igazgat\u00f3s\u00e1g nyomoz\u00f3i 2014. m\u00e1jus 6-\u00e1n 15 \u00f3ra 50 perckor a K\u00f6zter\u00fcleti T\u00e1mogat\u00f3 Aloszt\u00e1ly munkat\u00e1rsainak seg\u00edts\u00e9g\u00e9vel az M3-as aut\u00f3p\u00e1lya bagi lehajt\u00f3j\u00e1n\u00e1l igazoltattak egy szem\u00e9lyg\u00e9pkocsit \u00e9s az abban utaz\u00f3 k\u00e9t f\u00e9rfit.<br \/>\nAz int\u00e9zked\u00e9skor meg\u00e1llap\u00edt\u00e1st nyert, hogy a [&#8230;]<\/p>\n","protected":false},"author":4,"featured_media":0,"comment_status":"closed","ping_status":"closed","sticky":false,"template":"","format":"standard","meta":{"footnotes":""},"categories":[5],"tags":[1137,1086,844,122],"class_list":["post-12645","post","type-post","status-publish","format-standard","hentry","category-kek-hirek","tag-elfogas","tag-kabitoszer","tag-m3","tag-rendorseg"],"_links":{"self":[{"href":"https:\/\/www.agriatv.hu\/index.php?rest_route=\/wp\/v2\/posts\/12645","targetHints":{"allow":["GET"]}}],"collection":[{"href":"https:\/\/www.agriatv.hu\/index.php?rest_route=\/wp\/v2\/posts"}],"about":[{"href":"https:\/\/www.agriatv.hu\/index.php?rest_route=\/wp\/v2\/types\/post"}],"author":[{"embeddable":true,"href":"https:\/\/www.agriatv.hu\/index.php?rest_route=\/wp\/v2\/users\/4"}],"replies":[{"embeddable":true,"href":"https:\/\/www.agriatv.hu\/index.php?rest_route=%2Fwp%2Fv2%2Fcomments&post=12645"}],"version-history":[{"count":2,"href":"https:\/\/www.agriatv.hu\/index.php?rest_route=\/wp\/v2\/posts\/12645\/revisions"}],"predecessor-version":[{"id":12648,"href":"https:\/\/www.agriatv.hu\/index.php?rest_route=\/wp\/v2\/posts\/12645\/revisions\/12648"}],"wp:attachment":[{"href":"https:\/\/www.agriatv.hu\/index.php?rest_route=%2Fwp%2Fv2%2Fmedia&parent=12645"}],"wp:term":[{"taxonomy":"category","embeddable":true,"href":"https:\/\/www.agriatv.hu\/index.php?rest_route=%2Fwp%2Fv2%2Fcategories&post=12645"},{"taxonomy":"post_tag","embeddable":true,"href":"https:\/\/www.agriatv.hu\/index.php?rest_route=%2Fwp%2Fv2%2Ftags&post=12645"}],"curies":[{"name":"wp","href":"https:\/\/api.w.org\/{rel}","templated":true}]}}