{"id":12749,"date":"2014-05-30T18:48:37","date_gmt":"2014-05-30T18:48:37","guid":{"rendered":"http:\/\/www.agriatv.hu\/?p=12749"},"modified":"2014-05-30T18:49:22","modified_gmt":"2014-05-30T18:49:22","slug":"12749","status":"publish","type":"post","link":"https:\/\/www.agriatv.hu\/?p=12749","title":{"rendered":"Id\u0151seket k\u00e1ros\u00edtottak meg"},"content":{"rendered":"<div class=\"field field-name-field-lead field-type-text-long field-label-hidden\">\n<div class=\"field-items\">\n<div class=\"field-item even\" style=\"text-align: justify;\"><strong><a href=\"https:\/\/www.agriatv.hu\/wp-content\/uploads\/2014\/05\/0530trukkostolvaj_eger_v.jpg\"><img loading=\"lazy\" decoding=\"async\" class=\"alignleft  wp-image-12750\" src=\"https:\/\/www.agriatv.hu\/wp-content\/uploads\/2014\/05\/0530trukkostolvaj_eger_v-300x240.jpg\" alt=\"0530trukkostolvaj_eger_v\" width=\"134\" height=\"85\" \/><\/a>A Heves megyei rend\u0151r\u00f6k elfogt\u00e1k az id\u0151sek p\u00e9nz\u00e9t ellop\u00f3 t\u00e1rsas\u00e1got.<\/strong><\/div>\n<\/div>\n<\/div>\n<div class=\"field field-name-field-szovegtorzs field-type-text-long field-label-hidden\" style=\"text-align: justify;\">\n<div class=\"field-items\">\n<div class=\"field-item even\">\n<p>A Heves Megyei Rend\u0151r-f\u0151kapit\u00e1nys\u00e1g \u00e9s a F\u00fczesabonyi Rend\u0151rkapit\u00e1nys\u00e1g nyomoz\u00f3i a K\u00f6zter\u00fcleti T\u00e1mogat\u00f3 Aloszt\u00e1ly munkat\u00e1rsainak seg\u00edts\u00e9g\u00e9vel 2014. m\u00e1jus 29-\u00e9n hajnalban elfogtak h\u00e1rom szem\u00e9lyt, akik a gyan\u00fa szerint t\u00f6bb rendbeli lop\u00e1ssal gyan\u00fas\u00edthat\u00f3ak.<\/p>\n<p>A jelenleg rendelkez\u00e9sre \u00e1ll\u00f3 inform\u00e1ci\u00f3k alapj\u00e1n a t\u00f6bb tagb\u00f3l \u00e1ll\u00f3 t\u00e1rsas\u00e1g 2013 \u00f3ta az orsz\u00e1g t\u00f6bb telep\u00fcl\u00e9s\u00e9n id\u0151s emberek megtakar\u00edtott p\u00e9nz\u00e9t tulajdon\u00edtotta el, \u00fagynevezett tr\u00fckk\u00f6s lop\u00e1s m\u00f3dszer\u00e9vel.<\/p>\n<p>Az id\u0151s s\u00e9rtettek otthon\u00e1ba krumpli \u00e1rus\u00edt\u00e1s, t\u0171zifa \u00e1rus\u00edt\u00e1s, nagy c\u00edmlet\u0171 p\u00e9nz felv\u00e1lt\u00e1sa \u00fcr\u00fcgy\u00e9vel bementek, majd figyelm\u00fcket elterelve eltulajdon\u00edtott\u00e1k az otthon tartott k\u00e9szp\u00e9nz\u00fcket.<\/p>\n<p>Az \u00f6sszehangolt rend\u0151ri akci\u00f3ban a Saj\u00f3b\u00e1bony \u00e9s Kazincbarcika telep\u00fcl\u00e9seken elfogott k\u00e9t 17 \u00e9ves fi\u00fa \u00e9s a 36 \u00e9ves K. R\u00f3bert ellen b\u0171nsz\u00f6vets\u00e9gben, \u00fczletszer\u0171en elk\u00f6vetett lop\u00e1s b\u0171ntett\u00e9nek megalapozott gyan\u00faja miatt indult \u2013 \u0151rizetbe v\u00e9tel\u00fck mellett \u2013 elj\u00e1r\u00e1s, tov\u00e1bb\u00e1 a Heves Megyei Rend\u0151r-f\u0151kapit\u00e1nys\u00e1g kezdem\u00e9nyezte el\u0151zetes letart\u00f3ztat\u00e1suk elrendel\u00e9s\u00e9t.<\/p>\n<p>Az egyik gyan\u00fas\u00edtott lak\u00e1s\u00e1ban tartott h\u00e1zkutat\u00e1skor a nyomoz\u00f3k nagy mennyis\u00e9g\u0171 k\u00e9szp\u00e9nzt tal\u00e1ltak az erre a c\u00e9lra kialak\u00edtott rejtett \u00fcregben.<\/p>\n<p>A gyan\u00fa szerint a t\u00e1rsas\u00e1g az orsz\u00e1g eg\u00e9sz ter\u00fclet\u00e9n k\u00f6vetett el hasonl\u00f3 m\u00f3dszerrel b\u0171ncselekm\u00e9nyeket.<\/p>\n<\/div>\n<\/div>\n<\/div>\n<p style=\"text-align: justify;\"><strong><div class=\"wordtube\">\n<div class=\"wordtube single1268\" id=\"WT1_1\" style=\"width:320px; height:240px;\">\n<a href=\"http:\/\/www.macromedia.com\/go\/getflashplayer\">Get the Flash Player<\/a> to see the wordTube Media Player.\n<\/div><\/div>\n\t<script type=\"text\/javascript\" defer=\"defer\">\nvar WT1_1 = {\n\tparams : {\n\t\twmode : \"opaque\",\n\t\tallowscriptaccess : \"always\",\n\t\tallownetworking : \"all\",\n\t\tallowfullscreen : \"true\"},\n\tflashvars : {\n\t\tfile : \"http%3A%2F%2Fwww.agriatv.hu%2Fwp-content%2Fuploads%2F2014%2F05%2F0530trukkostolvaj_eger.flv\",\n\t\tvolume : \"80\",\n\t\tbufferlength : \"5\",\n\t\tquality : \"false\",\n\t\t'logo.hide' : \"false\",\n\t\timage : \"http%3A%2F%2Fwww.agriatv.hu%2Fwp-content%2Fuploads%2F2014%2F05%2F0530trukkostolvaj_eger.Still002.jpg\",\n\t\ttitle : \"0530trukkostolvaj_eger.flv\",\n\t\tlinktarget : \"_self\"},\n\tattr : {\n\t\tid : \"WT1\",\n\t\tname : \"WT1\"},\n\tstart : function() {\n\t\tswfobject.embedSWF(\"https:\/\/www.agriatv.hu\/\/player.swf\", \"WT1_1\", \"320\", \"240\", \"9.0.0\", false, this.flashvars, this.params , this.attr );\n\t}\n}\nWT1_1.start();\n\t<\/script>\n<\/strong><\/p>\n","protected":false},"excerpt":{"rendered":"<p>A Heves megyei rend\u0151r\u00f6k elfogt\u00e1k az id\u0151sek p\u00e9nz\u00e9t ellop\u00f3 t\u00e1rsas\u00e1got.<\/p>\n<p>A Heves Megyei Rend\u0151r-f\u0151kapit\u00e1nys\u00e1g \u00e9s a F\u00fczesabonyi Rend\u0151rkapit\u00e1nys\u00e1g nyomoz\u00f3i a K\u00f6zter\u00fcleti T\u00e1mogat\u00f3 Aloszt\u00e1ly munkat\u00e1rsainak seg\u00edts\u00e9g\u00e9vel 2014. m\u00e1jus 29-\u00e9n hajnalban elfogtak h\u00e1rom szem\u00e9lyt, akik a gyan\u00fa szerint t\u00f6bb rendbeli lop\u00e1ssal gyan\u00fas\u00edthat\u00f3ak.<br \/>\nA jelenleg rendelkez\u00e9sre \u00e1ll\u00f3 inform\u00e1ci\u00f3k alapj\u00e1n a t\u00f6bb tagb\u00f3l \u00e1ll\u00f3 t\u00e1rsas\u00e1g 2013 \u00f3ta az orsz\u00e1g t\u00f6bb telep\u00fcl\u00e9s\u00e9n [&#8230;]<\/p>\n","protected":false},"author":4,"featured_media":0,"comment_status":"closed","ping_status":"closed","sticky":false,"template":"","format":"standard","meta":{"footnotes":""},"categories":[5],"tags":[1371,122,2033],"class_list":["post-12749","post","type-post","status-publish","format-standard","hentry","category-kek-hirek","tag-idos","tag-rendorseg","tag-trukkos-lopas"],"_links":{"self":[{"href":"https:\/\/www.agriatv.hu\/index.php?rest_route=\/wp\/v2\/posts\/12749","targetHints":{"allow":["GET"]}}],"collection":[{"href":"https:\/\/www.agriatv.hu\/index.php?rest_route=\/wp\/v2\/posts"}],"about":[{"href":"https:\/\/www.agriatv.hu\/index.php?rest_route=\/wp\/v2\/types\/post"}],"author":[{"embeddable":true,"href":"https:\/\/www.agriatv.hu\/index.php?rest_route=\/wp\/v2\/users\/4"}],"replies":[{"embeddable":true,"href":"https:\/\/www.agriatv.hu\/index.php?rest_route=%2Fwp%2Fv2%2Fcomments&post=12749"}],"version-history":[{"count":2,"href":"https:\/\/www.agriatv.hu\/index.php?rest_route=\/wp\/v2\/posts\/12749\/revisions"}],"predecessor-version":[{"id":12752,"href":"https:\/\/www.agriatv.hu\/index.php?rest_route=\/wp\/v2\/posts\/12749\/revisions\/12752"}],"wp:attachment":[{"href":"https:\/\/www.agriatv.hu\/index.php?rest_route=%2Fwp%2Fv2%2Fmedia&parent=12749"}],"wp:term":[{"taxonomy":"category","embeddable":true,"href":"https:\/\/www.agriatv.hu\/index.php?rest_route=%2Fwp%2Fv2%2Fcategories&post=12749"},{"taxonomy":"post_tag","embeddable":true,"href":"https:\/\/www.agriatv.hu\/index.php?rest_route=%2Fwp%2Fv2%2Ftags&post=12749"}],"curies":[{"name":"wp","href":"https:\/\/api.w.org\/{rel}","templated":true}]}}