{"id":12855,"date":"2014-06-29T19:32:43","date_gmt":"2014-06-29T19:32:43","guid":{"rendered":"http:\/\/www.agriatv.hu\/?p=12855"},"modified":"2014-06-29T19:32:43","modified_gmt":"2014-06-29T19:32:43","slug":"gyermeket-lottek-meg-zsaroltak-az-idos-not","status":"publish","type":"post","link":"https:\/\/www.agriatv.hu\/?p=12855","title":{"rendered":"&#8222;Gyermeket l\u0151ttek meg&#8221;: zsarolt\u00e1k az id\u0151s n\u0151t"},"content":{"rendered":"<div class=\"field field-name-field-lead field-type-text-long field-label-hidden\">\n<div class=\"field-items\">\n<div class=\"field-item even\" style=\"text-align: justify;\"><a href=\"https:\/\/www.agriatv.hu\/wp-content\/uploads\/2014\/06\/0628zsarolas_hevesaranyos_v.jpg\"><img loading=\"lazy\" decoding=\"async\" class=\"alignleft  wp-image-12856\" src=\"https:\/\/www.agriatv.hu\/wp-content\/uploads\/2014\/06\/0628zsarolas_hevesaranyos_v-300x240.jpg\" alt=\"0628zsarolas_hevesaranyos_v\" width=\"180\" height=\"96\" \/><\/a><strong>Egy hevesaranyosi id\u0151s n\u0151t zsaroltak a kital\u00e1lt b\u0171ncselekm\u00e9nnyel.<\/strong><\/div>\n<\/div>\n<\/div>\n<p style=\"text-align: justify;\">Egy 71 \u00e9ves hevesaranyosi n\u0151 tett bejelent\u00e9st a rend\u0151rs\u00e9gen 2014. j\u00fanius 20-\u00e1n, miszerint \u0151t t\u00f6bb szem\u00e9ly zsarolja.<\/p>\n<p style=\"text-align: justify;\">Elmondta, hogy 2014 tavasz\u00e1n megismerkedett D. Ern\u0151vel, aki a h\u00e1z k\u00f6r\u00fcli munk\u00e1ban seg\u00edtett neki.\u00a0<span style=\"line-height: 1.6em;\">A f\u00e9rfi a k\u00e9s\u0151bbi s\u00e9rtett otthon\u00e1nak pinc\u00e9j\u00e9ben tal\u00e1lt egy fegyvernek l\u00e1tsz\u00f3 t\u00e1rgyat, amelyet k\u00e9r\u00e9s\u00e9re neki adott a n\u0151.<\/span><\/p>\n<p style=\"text-align: justify;\">N\u00e9h\u00e1ny nappal k\u00e9s\u0151bb, 2014. \u00e1prilis 23-\u00e1n a n\u0151 lakc\u00edm\u00e9n megjelent k\u00e9t f\u00e9rfi, akik civil ruh\u00e1s nyomoz\u00f3nak mondt\u00e1k magukat, \u00e9s k\u00f6z\u00f6lt\u00e9k az id\u0151s asszonnyal, hogy az elaj\u00e1nd\u00e9kozott fegyverrel megl\u0151ttek egy gyermeket, \u00edgy nagy bajba ker\u00fclt.<\/p>\n<p style=\"text-align: justify;\">A k\u00e9t f\u00e9rfi k\u00f6z\u00f6lte, hogy \u201enem lesz semmi probl\u00e9ma\u201d ha \u00e1tad nekik t\u00f6bb milli\u00f3 forintot.<\/p>\n<p style=\"text-align: justify;\">Ugyanezen f\u00e9rfiak az azt k\u00f6vet\u0151 h\u00f3napokban t\u00f6bbsz\u00f6r megjelentek a n\u0151n\u00e9l \u00fajabb p\u00e9nz\u00f6sszegeket k\u00f6vetelve, akit &#8211; miut\u00e1n k\u00f6z\u00f6lte, hogy nincs t\u00f6bb p\u00e9nze \u2013 banki hitelfelv\u00e9telre k\u00f6telezt\u00e9k, azonban id\u0151s kora miatt nem kapott.<\/p>\n<p style=\"text-align: justify;\">J\u00fanius 20-\u00e1n a s\u00e9rtettet a k\u00e9t f\u00e9rfi egy harmadik f\u00e9rfival kereste meg otthon\u00e1ban, aki \u00fagy mutatkozott be, mint a megs\u00e9r\u00fclt fi\u00fa \u00e9desapja, majd elmondta, hogy a fia leb\u00e9nult a l\u00f6v\u00e9st\u0151l \u00e9s a lak\u00e1suk akad\u00e1lymentes\u00edt\u00e9s\u00e9re k\u00f6vetelt \u0151 is nagyobb p\u00e9nz\u00f6sszeget.<\/p>\n<p style=\"text-align: justify;\">Ugyanezen f\u00e9rfi, k\u00e9t nappal k\u00e9s\u0151bb az id\u0151s asszony lak\u00e1s\u00e1n\u00e1l megjelent \u00e9s nagy \u00e9rt\u00e9k\u0171 szersz\u00e1mg\u00e9peket vitt mag\u00e1val.<\/p>\n<p style=\"text-align: justify;\">A s\u00e9rtett ezt k\u00f6vet\u0151en tett bejelent\u00e9st a rend\u0151rs\u00e9gen, elmondta tov\u00e1bb\u00e1 hogy k\u00f6zel 10 milli\u00f3 forintot adott \u00e1t eddig a h\u00e1rom f\u00e9rfinak.<\/p>\n<p style=\"text-align: justify;\">Az Egri Rend\u0151rkapit\u00e1nys\u00e1g zsarol\u00e1s b\u0171ntett elk\u00f6vet\u00e9s\u00e9nek megalapozott gyan\u00faja miatt ind\u00edtott nyomoz\u00e1st, \u00e9s r\u00f6vid id\u0151 alatt azonos\u00edtott\u00e1k a felt\u00e9telezett elk\u00f6vet\u0151ket.<\/p>\n<p style=\"text-align: justify;\">A zsarol\u00f3k \u00e1ltal megjel\u00f6lt helysz\u00ednre &#8211; amelyen \u00fajabb p\u00e9nz\u00f6sszeget akartak \u00e1tvenni &#8211; a Heves Megyei Rend\u0151r-f\u0151kapit\u00e1nys\u00e1g B\u0171n\u00fcgyi Igazgat\u00f3s\u00e1ga \u00e9s az Egri Rend\u0151rkapit\u00e1nys\u00e1g nyomoz\u00f3i \u00f6sszehangolt elfog\u00e1st szerveztek.<\/p>\n<p style=\"text-align: justify;\">Tekintettel arra, hogy a f\u00e9rfiak rendelkezhettek l\u0151fegyverrel a rend\u0151rkapit\u00e1nys\u00e1g felk\u00e9r\u00e9s\u00e9re a Terrorelh\u00e1r\u00edt\u00e1si K\u00f6zpont m\u0171veleti egys\u00e9ge 2014. j\u00fanius 26-\u00e1n a d\u00e9lut\u00e1ni \u00f3r\u00e1kban Hevesaranyos belter\u00fclet\u00e9n, \u00fajabb p\u00e9nz\u00f6sszeg \u00e1tv\u00e9tele k\u00f6zben tetten \u00e9rte \u00e9s elfogta L. L\u00f3r\u00e1ndot.<\/p>\n<p style=\"text-align: justify;\">Tov\u00e1bb\u00e1 Borsodn\u00e1dasd \u00e9s P\u00e9terv\u00e1s\u00e1ra k\u00f6zel\u00e9ben h\u00e1rom t\u00e1rs\u00e1t szint\u00e9n elfogt\u00e1k a rend\u0151r\u00f6k.<\/p>\n<p style=\"text-align: justify;\">Az egri nyomoz\u00f3k a f\u00e9rfiak lak\u00e1saiban tartott h\u00e1zkutat\u00e1sokkor megtal\u00e1lt\u00e1k a \u201ek\u00f6lcs\u00f6nvett\u201d szersz\u00e1mg\u00e9peket, valamint kett\u0151 fegyvernek l\u00e1tsz\u00f3 t\u00e1rgyat.<\/p>\n<p style=\"text-align: justify;\">A k\u00e1rmegt\u00e9r\u00fcl\u00e9s biztos\u00edt\u00e1sa \u00e9rdek\u00e9ben k\u00e9t nagy \u00e9rt\u00e9k\u0171 szem\u00e9lyaut\u00f3t \u00e9s jelent\u0151s mennyis\u00e9g\u0171 k\u00e9szp\u00e9nzt is lefoglaltak a nyomoz\u00f3k.<\/p>\n<p style=\"text-align: justify;\">D. Ern\u0151 65 \u00e9ves tarnaleleszi, L. L\u00f3r\u00e1nt 35, B. Tam\u00e1s 54 \u00e9s A. Tam\u00e1s 40 \u00e9ves borsodn\u00e1dasdi lakosok ellen zsarol\u00e1s b\u0171ntett elk\u00f6vet\u00e9s\u00e9nek megalapozott gyan\u00faja miatt ind\u00edtott elj\u00e1r\u00e1st az Egri Rend\u0151rkapit\u00e1nys\u00e1g. Az \u00fcgyben illet\u00e9kes b\u00edr\u00f3s\u00e1g a gyan\u00fas\u00edtottakat el\u0151zetes letart\u00f3ztat\u00e1sba helyezte.<\/p>\n<p><strong><div class=\"wordtube\">\n<div class=\"wordtube single1295\" id=\"WT1_1\" style=\"width:320px; height:240px;\">\n<a href=\"http:\/\/www.macromedia.com\/go\/getflashplayer\">Get the Flash Player<\/a> to see the wordTube Media Player.\n<\/div><\/div>\n\t<script type=\"text\/javascript\" defer=\"defer\">\nvar WT1_1 = {\n\tparams : {\n\t\twmode : \"opaque\",\n\t\tallowscriptaccess : \"always\",\n\t\tallownetworking : \"all\",\n\t\tallowfullscreen : \"true\"},\n\tflashvars : {\n\t\tfile : \"http%3A%2F%2Fwww.agriatv.hu%2Fwp-content%2Fuploads%2F2014%2F06%2F0628zsarolas_hevesaranyos.flv\",\n\t\tvolume : \"80\",\n\t\tbufferlength : \"5\",\n\t\tquality : \"false\",\n\t\t'logo.hide' : \"false\",\n\t\timage : \"http%3A%2F%2Fwww.agriatv.hu%2Fwp-content%2Fuploads%2F2014%2F06%2F0628zsarolas_hevesaranyos.Still002.jpg\",\n\t\ttitle : \"0628zsarolas_hevesaranyos.flv\",\n\t\tlinktarget : \"_self\"},\n\tattr : {\n\t\tid : \"WT1\",\n\t\tname : \"WT1\"},\n\tstart : function() {\n\t\tswfobject.embedSWF(\"https:\/\/www.agriatv.hu\/\/player.swf\", \"WT1_1\", \"320\", \"240\", \"9.0.0\", false, this.flashvars, this.params , this.attr );\n\t}\n}\nWT1_1.start();\n\t<\/script>\n<\/strong><\/p>\n","protected":false},"excerpt":{"rendered":"<p>Egy hevesaranyosi id\u0151s n\u0151t zsaroltak a kital\u00e1lt b\u0171ncselekm\u00e9nnyel.<\/p>\n<p>Egy 71 \u00e9ves hevesaranyosi n\u0151 tett bejelent\u00e9st a rend\u0151rs\u00e9gen 2014. j\u00fanius 20-\u00e1n, miszerint \u0151t t\u00f6bb szem\u00e9ly zsarolja.<br \/>\nElmondta, hogy 2014 tavasz\u00e1n megismerkedett D. Ern\u0151vel, aki a h\u00e1z k\u00f6r\u00fcli munk\u00e1ban seg\u00edtett neki.\u00a0A f\u00e9rfi a k\u00e9s\u0151bbi s\u00e9rtett otthon\u00e1nak pinc\u00e9j\u00e9ben tal\u00e1lt egy fegyvernek l\u00e1tsz\u00f3 t\u00e1rgyat, amelyet k\u00e9r\u00e9s\u00e9re neki adott a n\u0151.<br \/>\nN\u00e9h\u00e1ny nappal [&#8230;]<\/p>\n","protected":false},"author":4,"featured_media":0,"comment_status":"closed","ping_status":"closed","sticky":false,"template":"","format":"standard","meta":{"footnotes":""},"categories":[5],"tags":[1364,2058,122,1715,1611],"class_list":["post-12855","post","type-post","status-publish","format-standard","hentry","category-kek-hirek","tag-fegyver","tag-hevesaranyos","tag-rendorseg","tag-tek","tag-zsarolas"],"_links":{"self":[{"href":"https:\/\/www.agriatv.hu\/index.php?rest_route=\/wp\/v2\/posts\/12855","targetHints":{"allow":["GET"]}}],"collection":[{"href":"https:\/\/www.agriatv.hu\/index.php?rest_route=\/wp\/v2\/posts"}],"about":[{"href":"https:\/\/www.agriatv.hu\/index.php?rest_route=\/wp\/v2\/types\/post"}],"author":[{"embeddable":true,"href":"https:\/\/www.agriatv.hu\/index.php?rest_route=\/wp\/v2\/users\/4"}],"replies":[{"embeddable":true,"href":"https:\/\/www.agriatv.hu\/index.php?rest_route=%2Fwp%2Fv2%2Fcomments&post=12855"}],"version-history":[{"count":1,"href":"https:\/\/www.agriatv.hu\/index.php?rest_route=\/wp\/v2\/posts\/12855\/revisions"}],"predecessor-version":[{"id":12857,"href":"https:\/\/www.agriatv.hu\/index.php?rest_route=\/wp\/v2\/posts\/12855\/revisions\/12857"}],"wp:attachment":[{"href":"https:\/\/www.agriatv.hu\/index.php?rest_route=%2Fwp%2Fv2%2Fmedia&parent=12855"}],"wp:term":[{"taxonomy":"category","embeddable":true,"href":"https:\/\/www.agriatv.hu\/index.php?rest_route=%2Fwp%2Fv2%2Fcategories&post=12855"},{"taxonomy":"post_tag","embeddable":true,"href":"https:\/\/www.agriatv.hu\/index.php?rest_route=%2Fwp%2Fv2%2Ftags&post=12855"}],"curies":[{"name":"wp","href":"https:\/\/api.w.org\/{rel}","templated":true}]}}