{"id":12927,"date":"2014-07-15T19:14:15","date_gmt":"2014-07-15T19:14:15","guid":{"rendered":"http:\/\/www.agriatv.hu\/?p=12927"},"modified":"2014-07-15T19:14:15","modified_gmt":"2014-07-15T19:14:15","slug":"megkezdodhet-az-egri-korhaz-fejlesztese","status":"publish","type":"post","link":"https:\/\/www.agriatv.hu\/?p=12927","title":{"rendered":"Megkezd\u0151dhet az egri k\u00f3rh\u00e1z fejleszt\u00e9se"},"content":{"rendered":"<p style=\"text-align: justify;\"><strong><a href=\"https:\/\/www.agriatv.hu\/wp-content\/uploads\/2014\/07\/latvanykep3.jpg\"><img loading=\"lazy\" decoding=\"async\" class=\"alignleft  wp-image-12929\" src=\"https:\/\/www.agriatv.hu\/wp-content\/uploads\/2014\/07\/latvanykep3-300x140.jpg\" alt=\"latvanykep3\" width=\"191\" height=\"89\" srcset=\"https:\/\/www.agriatv.hu\/wp-content\/uploads\/2014\/07\/latvanykep3-300x140.jpg 300w, https:\/\/www.agriatv.hu\/wp-content\/uploads\/2014\/07\/latvanykep3-1024x479.jpg 1024w\" sizes=\"auto, (max-width: 191px) 100vw, 191px\" \/><\/a>K\u00f6zel 6 milli\u00e1rd Ft-ot haszn\u00e1lhat f\u00f6l a Markhot Ferenc K\u00f3rh\u00e1z a betegell\u00e1t\u00e1s szervezeti \u00e9s struktur\u00e1lis fejleszt\u00e9s\u00e9re uni\u00f3s p\u00e1ly\u00e1zat r\u00e9v\u00e9n. \u00daj, h\u00e1romszintes technol\u00f3giai t\u00f6mb \u00e9p\u00fcl, ahol helyet kap t\u00f6bbek k\u00f6z\u00f6tt a S\u00fcrg\u0151ss\u00e9gi Betegell\u00e1t\u00f3 oszt\u00e1ly, a K\u00f6zponti Intenz\u00edv \u00e9s Aneszteziol\u00f3giai oszt\u00e1ly, K\u00f6zponti Laborat\u00f3rium, K\u00f6zponti Steriliz\u00e1l\u00f3 \u00e9s <em>Higi\u00e9niai oszt\u00e1ly, \u00faj m\u0171t\u0151blokk. A projekt keret\u00e9ben <\/em>egy 40 \u00e1gyas Neurol\u00f3giai \u00e9s Stroke oszt\u00e1lyt alak\u00edtanak ki, \u00faj g\u00e9pparkot kap a Radiol\u00f3giai oszt\u00e1ly, meg\u00fajul a k\u00f6rnyezet, a betegell\u00e1t\u00e1s felt\u00e9telei nagym\u00e9rt\u00e9kben javulnak.<\/strong><\/p>\n<p style=\"text-align: justify;\"><strong>\u00a0<\/strong>A Heves Megyei \u00d6nkorm\u00e1nyzat 2010-ben Eur\u00f3pai Uni\u00f3s t\u00e1mogat\u00e1st nyert el a TIOP-2.2.4.-09\/1 sz\u00e1m\u00fa \u201eStrukt\u00farafejleszt\u00e9s a fekv\u0151beteg ell\u00e1t\u00e1sban\u201d c\u00edm\u0171 konstrukci\u00f3ban az egri Markhot Ferenc K\u00f3rh\u00e1z fejleszt\u00e9s\u00e9re. A nyertes p\u00e1ly\u00e1zat c\u00edme: <strong>Szervezeti \u00e9s infrastruktur\u00e1lis meg\u00fajul\u00e1s-Markhot Ferenc K\u00f3rh\u00e1z<\/strong>. A p\u00e1ly\u00e1zat c\u00e9lj\u00e1ra elnyert t\u00e1mogat\u00e1s \u00f6sszege: 4.417.640.210Ft, melyhez a Heves Megyei \u00d6nkorm\u00e1nyzat 490.848.912 forint \u00f6nr\u00e9sszel j\u00e1rult hozz\u00e1. Az uni\u00f3s forr\u00e1son fel\u00fcl a megval\u00f3s\u00edt\u00e1st a Korm\u00e1ny 934.965.230 Ft t\u00f6bbletforr\u00e1ssal t\u00e1mogatta. A projekt 2010. december 15-\u00e9n indult. 2012. janu\u00e1r 1-t\u0151l a 2011. \u00e9vi CLIV t\u00f6rv\u00e9ny \u00e9rtelm\u00e9ben jogut\u00f3dl\u00e1s alapj\u00e1n a p\u00e1ly\u00e1zat kedvezm\u00e9nyezettje a Gy\u00f3gyszer\u00e9szeti \u00e9s Eg\u00e9szs\u00e9g\u00fcgyi Min\u0151s\u00e9g- \u00e9s Szervezetfejleszt\u00e9si Int\u00e9zet (GYEMSZI). Az \u00e9p\u00edt\u00e9si kiviteli terveket 2011. \u00e9v v\u00e9g\u00e9n a hivatalba l\u00e9p\u0151 \u00faj k\u00f3rh\u00e1zvezet\u00e9s fel\u00fclvizsg\u00e1lta \u00e9s m\u00f3dos\u00edt\u00e1s\u00e1t k\u00e9rte annak \u00e9rdek\u00e9ben, hogy a j\u00e1r\u00f3beteg ell\u00e1t\u00e1s ter\u00fclete \u00e9s kapacit\u00e1sa ne cs\u00f6kkenjen, a diagnosztikai m\u0171szerek beszerz\u00e9s\u00e9re ford\u00edthat\u00f3 k\u00f6lts\u00e9g pedig n\u00f6vekedjen. A kivitelez\u0151 kiv\u00e1laszt\u00e1s\u00e1ra ir\u00e1nyul\u00f3 k\u00f6zbeszerz\u00e9si elj\u00e1r\u00e1s k\u00e9t fordul\u00f3s volt, 2014. m\u00e1rcius\u00e1ban z\u00e1rult le. <strong>A nyertes konzorciummal a szerz\u0151d\u00e9st 2014. j\u00falius 15-\u00e9n \u00edrta al\u00e1 a kedvezm\u00e9nyezett. Ezt k\u00f6vet\u0151en elindul a kivitelez\u00e9s, amelynek teljes k\u00f6lts\u00e9ge brutt\u00f3 4.819.010.479 Ft. \u00daj, h\u00e1romszintes technol\u00f3giai t\u00f6mb \u00e9p\u00fcl, ahol helyet kap a S\u00fcrg\u0151ss\u00e9gi Betegell\u00e1t\u00f3 oszt\u00e1ly, a K\u00f6zponti Intenz\u00edv \u00e9s Aneszteziol\u00f3giai oszt\u00e1ly, K\u00f6zponti Laborat\u00f3rium, K\u00f6zponti Steriliz\u00e1l\u00f3 \u00e9s <em>Higi\u00e9niai oszt\u00e1ly \u00e9s a Dokument\u00e1ci\u00f3s \u00e9s Informatikai oszt\u00e1ly<\/em>. Itt \u00e9p\u00fcl meg az \u00faj 8+2 m\u0171t\u0151termes K\u00f6zponti M\u0171t\u0151 a legmagasabb technikai sz\u00ednvonal\u00fa felszerel\u00e9ssel. Ebben az \u00e9p\u00fcletben helyezik el a Csecsem\u0151- \u00e9s Gyermekoszt\u00e1lyt, a Gyermek S\u00fcrg\u0151ss\u00e9gi Ambulanci\u00e1t. Az \u00e9p\u00edtkez\u00e9s megkezd\u00e9se ut\u00e1n kezd\u0151dik a g\u00e9pek, m\u0171szerek, berendez\u00e9sek \u00e9s \u00faj, korszer\u0171 betegell\u00e1t\u00e1si \u00e9s irodai b\u00fatorok, felszerel\u00e9sek beszerz\u00e9se. Mindehhez \u00faj logisztikai-ir\u00e1ny\u00edt\u00e1si rendszer ki\u00e9p\u00edt\u00e9se is t\u00e1rsul. Lebontj\u00e1k a r\u00e9gi, rossz \u00e1llapot\u00fa \u00e9p\u00fcleteket \u00e9s a hely\u00fck\u00f6n a gy\u00f3gyul\u00e1st seg\u00edt\u0151 z\u00f6ldter\u00fcletek teszik kellemesebb\u00e9 a k\u00f6rnyezetet. A k\u00fcls\u0151 k\u00f6rnyezet meg\u00fajul\u00e1sa mellett a k\u00f6zel hatmilli\u00e1rdos fejleszt\u00e9s jelent\u0151s szakmai el\u0151rel\u00e9p\u00e9st is jelent, hiszen a p\u00e1ly\u00e1zat keret\u00e9ben \u2013 a kik\u00f6lt\u00f6z\u0151 oszt\u00e1lyok hely\u00e9n fel\u00faj\u00edt\u00e1ssal, \u00e1t\u00e9p\u00edt\u00e9ssel, illetve az \u00fcres ter\u00fcletek be\u00e9p\u00edt\u00e9s\u00e9vel \u2013 kialak\u00edtanak egy 40 \u00e1gyas Neurol\u00f3giai \u00e9s Stroke oszt\u00e1lyt, korszer\u0171 k\u00f6r\u00fclm\u00e9nyek k\u00f6z\u00e9 ker\u00fcl a Radiol\u00f3giai oszt\u00e1ly, \u00faj g\u00e9pparkkal, digit\u00e1lis r\u00f6ntgenfelv\u00e9teli technik\u00e1val \u00e9s \u00faj CT-MR laborat\u00f3rium is seg\u00edti a gy\u00f3gy\u00edt\u00f3 munk\u00e1t.<\/strong><\/p>\n<p style=\"text-align: justify;\"><strong>A projekt megval\u00f3sul\u00e1s\u00e1val \u2013 2014.j\u00falius 15 &#8211; 2015. november 30. &#8211; meg\u00fajul a Markhot Ferenc K\u00f3rh\u00e1z, amely a XXI. sz\u00e1zad elv\u00e1r\u00e1sainak megfelel\u0151 k\u00f6r\u00fclm\u00e9nyek k\u00f6z\u00f6tt teszi lehet\u0151v\u00e9 a betegek gy\u00f3gy\u00edt\u00e1s\u00e1t. 2015. november 30-t\u00f3l. <\/strong><\/p>\n<p style=\"text-align: justify;\"><strong><div class=\"wordtube\">\n<div class=\"wordtube single1306\" id=\"WT1_1\" style=\"width:320px; height:240px;\">\n<a href=\"http:\/\/www.macromedia.com\/go\/getflashplayer\">Get the Flash Player<\/a> to see the wordTube Media Player.\n<\/div><\/div>\n\t<script type=\"text\/javascript\" defer=\"defer\">\nvar WT1_1 = {\n\tparams : {\n\t\twmode : \"opaque\",\n\t\tallowscriptaccess : \"always\",\n\t\tallownetworking : \"all\",\n\t\tallowfullscreen : \"true\"},\n\tflashvars : {\n\t\tfile : \"http%3A%2F%2Fwww.agriatv.hu%2Fwp-content%2Fuploads%2F2014%2F07%2F0715korhaz.flv\",\n\t\tvolume : \"80\",\n\t\tbufferlength : \"5\",\n\t\tquality : \"false\",\n\t\t'logo.hide' : \"false\",\n\t\timage : \"http%3A%2F%2Fwww.agriatv.hu%2Fwp-content%2Fuploads%2F2014%2F07%2F0715korhaz.Still001.jpg\",\n\t\ttitle : \"0715korhaz.flv\",\n\t\tlinktarget : \"_self\"},\n\tattr : {\n\t\tid : \"WT1\",\n\t\tname : \"WT1\"},\n\tstart : function() {\n\t\tswfobject.embedSWF(\"https:\/\/www.agriatv.hu\/\/player.swf\", \"WT1_1\", \"320\", \"240\", \"9.0.0\", false, this.flashvars, this.params , this.attr );\n\t}\n}\nWT1_1.start();\n\t<\/script>\n<\/strong><\/p>\n<p>&nbsp;<\/p>\n","protected":false},"excerpt":{"rendered":"<p>K\u00f6zel 6 milli\u00e1rd Ft-ot haszn\u00e1lhat f\u00f6l a Markhot Ferenc K\u00f3rh\u00e1z a betegell\u00e1t\u00e1s szervezeti \u00e9s struktur\u00e1lis fejleszt\u00e9s\u00e9re uni\u00f3s p\u00e1ly\u00e1zat r\u00e9v\u00e9n. \u00daj, h\u00e1romszintes technol\u00f3giai t\u00f6mb \u00e9p\u00fcl, ahol helyet kap t\u00f6bbek k\u00f6z\u00f6tt a S\u00fcrg\u0151ss\u00e9gi Betegell\u00e1t\u00f3 oszt\u00e1ly, a K\u00f6zponti Intenz\u00edv \u00e9s Aneszteziol\u00f3giai oszt\u00e1ly, K\u00f6zponti Laborat\u00f3rium, K\u00f6zponti Steriliz\u00e1l\u00f3 \u00e9s Higi\u00e9niai oszt\u00e1ly, \u00faj m\u0171t\u0151blokk. A projekt keret\u00e9ben egy 40 \u00e1gyas Neurol\u00f3giai [&#8230;]<\/p>\n","protected":false},"author":4,"featured_media":0,"comment_status":"closed","ping_status":"closed","sticky":false,"template":"","format":"standard","meta":{"footnotes":""},"categories":[6,19],"tags":[36,506,2073,96],"class_list":["post-12927","post","type-post","status-publish","format-standard","hentry","category-belfold","category-egeszseg","tag-eger","tag-fejlesztes","tag-korgez","tag-palyazat"],"_links":{"self":[{"href":"https:\/\/www.agriatv.hu\/index.php?rest_route=\/wp\/v2\/posts\/12927","targetHints":{"allow":["GET"]}}],"collection":[{"href":"https:\/\/www.agriatv.hu\/index.php?rest_route=\/wp\/v2\/posts"}],"about":[{"href":"https:\/\/www.agriatv.hu\/index.php?rest_route=\/wp\/v2\/types\/post"}],"author":[{"embeddable":true,"href":"https:\/\/www.agriatv.hu\/index.php?rest_route=\/wp\/v2\/users\/4"}],"replies":[{"embeddable":true,"href":"https:\/\/www.agriatv.hu\/index.php?rest_route=%2Fwp%2Fv2%2Fcomments&post=12927"}],"version-history":[{"count":2,"href":"https:\/\/www.agriatv.hu\/index.php?rest_route=\/wp\/v2\/posts\/12927\/revisions"}],"predecessor-version":[{"id":12930,"href":"https:\/\/www.agriatv.hu\/index.php?rest_route=\/wp\/v2\/posts\/12927\/revisions\/12930"}],"wp:attachment":[{"href":"https:\/\/www.agriatv.hu\/index.php?rest_route=%2Fwp%2Fv2%2Fmedia&parent=12927"}],"wp:term":[{"taxonomy":"category","embeddable":true,"href":"https:\/\/www.agriatv.hu\/index.php?rest_route=%2Fwp%2Fv2%2Fcategories&post=12927"},{"taxonomy":"post_tag","embeddable":true,"href":"https:\/\/www.agriatv.hu\/index.php?rest_route=%2Fwp%2Fv2%2Ftags&post=12927"}],"curies":[{"name":"wp","href":"https:\/\/api.w.org\/{rel}","templated":true}]}}