{"id":12998,"date":"2014-08-02T15:25:15","date_gmt":"2014-08-02T15:25:15","guid":{"rendered":"http:\/\/www.agriatv.hu\/?p=12998"},"modified":"2014-08-02T15:25:15","modified_gmt":"2014-08-02T15:25:15","slug":"belehalt-a-fiu-a-szurkalasba","status":"publish","type":"post","link":"https:\/\/www.agriatv.hu\/?p=12998","title":{"rendered":"Belehalt a fi\u00fa a szurk\u00e1l\u00e1sba"},"content":{"rendered":"<div class=\"field field-name-field-lead field-type-text-long field-label-hidden\">\n<div class=\"field-items\">\n<div class=\"field-item even\" style=\"text-align: justify;\"><strong><a href=\"https:\/\/www.agriatv.hu\/wp-content\/uploads\/2014\/08\/0802erdotelek_gyilok_v.jpg\"><img loading=\"lazy\" decoding=\"async\" class=\"alignleft  wp-image-12999\" src=\"https:\/\/www.agriatv.hu\/wp-content\/uploads\/2014\/08\/0802erdotelek_gyilok_v-300x240.jpg\" alt=\"0802erdotelek_gyilok_v\" width=\"137\" height=\"87\" \/><\/a>\u0150rizetbe vett\u00e9k a 33 \u00e9ves f\u00e9rfit.<\/strong><\/div>\n<\/div>\n<\/div>\n<div class=\"field field-name-field-szovegtorzs field-type-text-long field-label-hidden\" style=\"text-align: justify;\">\n<div class=\"field-items\">\n<div class=\"field-item even\">\n<p>A Heves Megyei Rend\u0151r-f\u0151kapit\u00e1nys\u00e1g B\u0171n\u00fcgyi Oszt\u00e1lya elj\u00e1r\u00e1st ind\u00edtott ember\u00f6l\u00e9s b\u0171ntette elk\u00f6vet\u00e9s\u00e9nek megalapozott gyan\u00faja miatt B. Lajos 33 \u00e9ves budapesti lakos ellen.<\/p>\n<p>A rendelkez\u00e9sre \u00e1ll\u00f3 adatok alapj\u00e1n B. Lajos 2014. augusztus 2-\u00e1n 1 \u00f3ra k\u00f6r\u00fcli id\u0151ben, egy erd\u0151telki csal\u00e1di h\u00e1zban egy sz\u00far\u00f3 eszk\u00f6zzel b\u00e1ntalmazta a 24 \u00e9ves nevelt fi\u00e1t, aki ennek k\u00f6vetkezt\u00e9ben \u00e9let\u00e9t vesztette.<\/p>\n<p>B. Lajost a ki\u00e9rkez\u0151 egyenruh\u00e1sok nem messze a csal\u00e1di h\u00e1zt\u00f3l elfogt\u00e1k \u00e9s el\u0151\u00e1ll\u00edtott\u00e1k a Hevesi Rend\u0151rkapit\u00e1nys\u00e1gra.<\/p>\n<p>A 33 \u00e9ves f\u00e9rfit a Heves Megyei Rend\u0151r-f\u0151kapit\u00e1nys\u00e1g B\u0171n\u00fcgyi Oszt\u00e1lya \u0151rizetbe vette, tov\u00e1bb\u00e1 kezdem\u00e9nyezt\u00e9k el\u0151zetes letart\u00f3ztat\u00e1s\u00e1nak ind\u00edtv\u00e1nyoz\u00e1s\u00e1t.<\/p>\n<\/div>\n<\/div>\n<\/div>\n<p style=\"text-align: justify;\"><strong><div class=\"wordtube\">\n<div class=\"wordtube single1312\" id=\"WT1_1\" style=\"width:320px; height:240px;\">\n<a href=\"http:\/\/www.macromedia.com\/go\/getflashplayer\">Get the Flash Player<\/a> to see the wordTube Media Player.\n<\/div><\/div>\n\t<script type=\"text\/javascript\" defer=\"defer\">\nvar WT1_1 = {\n\tparams : {\n\t\twmode : \"opaque\",\n\t\tallowscriptaccess : \"always\",\n\t\tallownetworking : \"all\",\n\t\tallowfullscreen : \"true\"},\n\tflashvars : {\n\t\tfile : \"http%3A%2F%2Fwww.agriatv.hu%2Fwp-content%2Fuploads%2F2014%2F08%2F0802erdotelek_gyilok.flv\",\n\t\tvolume : \"80\",\n\t\tbufferlength : \"5\",\n\t\tquality : \"false\",\n\t\t'logo.hide' : \"false\",\n\t\timage : \"http%3A%2F%2Fwww.agriatv.hu%2Fwp-content%2Fuploads%2F2014%2F08%2F0802erdotelek_gyilok.Still002.jpg\",\n\t\ttitle : \"0802erdotelek_gyilok.flv\",\n\t\tlinktarget : \"_self\"},\n\tattr : {\n\t\tid : \"WT1\",\n\t\tname : \"WT1\"},\n\tstart : function() {\n\t\tswfobject.embedSWF(\"https:\/\/www.agriatv.hu\/\/player.swf\", \"WT1_1\", \"320\", \"240\", \"9.0.0\", false, this.flashvars, this.params , this.attr );\n\t}\n}\nWT1_1.start();\n\t<\/script>\n<\/strong><\/p>\n","protected":false},"excerpt":{"rendered":"<p>\u0150rizetbe vett\u00e9k a 33 \u00e9ves f\u00e9rfit.<\/p>\n<p>A Heves Megyei Rend\u0151r-f\u0151kapit\u00e1nys\u00e1g B\u0171n\u00fcgyi Oszt\u00e1lya elj\u00e1r\u00e1st ind\u00edtott ember\u00f6l\u00e9s b\u0171ntette elk\u00f6vet\u00e9s\u00e9nek megalapozott gyan\u00faja miatt B. Lajos 33 \u00e9ves budapesti lakos ellen.<br \/>\nA rendelkez\u00e9sre \u00e1ll\u00f3 adatok alapj\u00e1n B. Lajos 2014. augusztus 2-\u00e1n 1 \u00f3ra k\u00f6r\u00fcli id\u0151ben, egy erd\u0151telki csal\u00e1di h\u00e1zban egy sz\u00far\u00f3 eszk\u00f6zzel b\u00e1ntalmazta a 24 \u00e9ves nevelt fi\u00e1t, aki ennek k\u00f6vetkezt\u00e9ben [&#8230;]<\/p>\n","protected":false},"author":4,"featured_media":0,"comment_status":"closed","ping_status":"closed","sticky":false,"template":"","format":"standard","meta":{"footnotes":""},"categories":[5],"tags":[1137,1729,1329,122],"class_list":["post-12998","post","type-post","status-publish","format-standard","hentry","category-kek-hirek","tag-elfogas","tag-erdotelek","tag-kes","tag-rendorseg"],"_links":{"self":[{"href":"https:\/\/www.agriatv.hu\/index.php?rest_route=\/wp\/v2\/posts\/12998","targetHints":{"allow":["GET"]}}],"collection":[{"href":"https:\/\/www.agriatv.hu\/index.php?rest_route=\/wp\/v2\/posts"}],"about":[{"href":"https:\/\/www.agriatv.hu\/index.php?rest_route=\/wp\/v2\/types\/post"}],"author":[{"embeddable":true,"href":"https:\/\/www.agriatv.hu\/index.php?rest_route=\/wp\/v2\/users\/4"}],"replies":[{"embeddable":true,"href":"https:\/\/www.agriatv.hu\/index.php?rest_route=%2Fwp%2Fv2%2Fcomments&post=12998"}],"version-history":[{"count":1,"href":"https:\/\/www.agriatv.hu\/index.php?rest_route=\/wp\/v2\/posts\/12998\/revisions"}],"predecessor-version":[{"id":13000,"href":"https:\/\/www.agriatv.hu\/index.php?rest_route=\/wp\/v2\/posts\/12998\/revisions\/13000"}],"wp:attachment":[{"href":"https:\/\/www.agriatv.hu\/index.php?rest_route=%2Fwp%2Fv2%2Fmedia&parent=12998"}],"wp:term":[{"taxonomy":"category","embeddable":true,"href":"https:\/\/www.agriatv.hu\/index.php?rest_route=%2Fwp%2Fv2%2Fcategories&post=12998"},{"taxonomy":"post_tag","embeddable":true,"href":"https:\/\/www.agriatv.hu\/index.php?rest_route=%2Fwp%2Fv2%2Ftags&post=12998"}],"curies":[{"name":"wp","href":"https:\/\/api.w.org\/{rel}","templated":true}]}}