{"id":13001,"date":"2014-08-05T17:31:54","date_gmt":"2014-08-05T17:31:54","guid":{"rendered":"http:\/\/www.agriatv.hu\/?p=13001"},"modified":"2014-08-05T17:31:54","modified_gmt":"2014-08-05T17:31:54","slug":"eger-lett-magyarorszag-33-waldorf-iskolajanak-hazaja","status":"publish","type":"post","link":"https:\/\/www.agriatv.hu\/?p=13001","title":{"rendered":"Eger lett Magyarorsz\u00e1g 33. Waldorf iskol\u00e1j\u00e1nak haz\u00e1ja!"},"content":{"rendered":"<p style=\"text-align: justify;\"><strong><img loading=\"lazy\" decoding=\"async\" class=\"alignleft\" style=\"display: block; margin-left: auto; margin-right: auto;\" title=\"logo_szines_kezm_2617\" src=\"http:\/\/egriwaldorf.hu\/public\/0105\/content\/image\/logo_szines_kezm_2617.jpg\" alt=\"logo_szines_kezm_2617\" width=\"125\" height=\"138\" \/>Megvannak az enged\u00e9lyek, indul az egri Waldorf iskola<\/strong><\/p>\n<p style=\"text-align: justify;\"><strong>\u00a0Az elm\u00falt h\u00f3napok kitart\u00f3 munk\u00e1j\u00e1nak k\u00f6sz\u00f6nhet\u0151en mostanra az Egri Waldorf \u00c1ltal\u00e1nos Iskola minden m\u0171k\u00f6d\u00e9shez sz\u00fcks\u00e9ges enged\u00e9llyel rendelkezik<\/strong>. <strong>Az \u0151sszel indul\u00f3 oszt\u00e1lyokba m\u00e9g lehet jelentkezni, nagy szeretettel v\u00e1rj\u00e1k a gyerekeket az 1.-2., illetve a 3.-4 oszt\u00e1lyokba! <\/strong><\/p>\n<p style=\"text-align: justify;\">Sz\u00fcl\u0151i kezdem\u00e9nyez\u00e9s h\u00edvta \u00e9letre Eger els\u0151, \u00e1llamilag elismert alternat\u00edv \u00e1ltal\u00e1nos iskol\u00e1j\u00e1t. Eger v\u00e1ros \u00f6nkorm\u00e1nyzata, a Heves Megyei Korm\u00e1nyhivatal, \u00e9s egy\u00e9b hivatalos szervek szigor\u00faan, de mindv\u00e9gig konstrukt\u00edv hozz\u00e1\u00e1ll\u00e1ssal seg\u00edtett\u00e9k a megy\u00e9ben egyed\u00fcl\u00e1ll\u00f3 iskola l\u00e9trehoz\u00e1s\u00e1t. A leend\u0151 iskola\u00e9p\u00fclet fel\u00faj\u00edt\u00e1sa is hamarosan befejez\u0151dik.<\/p>\n<p style=\"text-align: justify;\">A Waldorf \u00fagynevezett alternat\u00edv tanterv\u0171 int\u00e9zm\u00e9ny, de mit is \u00fczen ezzel az iskolav\u00e1laszt\u00e1s el\u0151tt \u00e1ll\u00f3 sz\u00fcl\u0151knek?<\/p>\n<p style=\"text-align: justify;\">A Waldorf iskol\u00e1k \u00e1llamilag akkredit\u00e1ltak, teh\u00e1t a gyermekek ut\u00e1n ugyanolyan \u00e1llami normat\u00edv\u00e1t kapnak, mint a hagyom\u00e1nyos, \u00e1llami iskol\u00e1k. A tanul\u00f3k a megszokott\u00f3l elt\u00e9r\u0151 \u00fctemez\u00e9ssel \u2013 t\u00f6mb\u00f6s\u00edtett tant\u00e1rgyakkal \u2013 kis l\u00e9tsz\u00e1m\u00fa oszt\u00e1lyokban saj\u00e1t\u00edtj\u00e1k el a nemzeti alaptantervben el\u0151\u00edrtakat. A Waldorf igyekszik kiz\u00e1rni azokat a t\u00e9nyez\u0151ket, amelyek cs\u00f6kkentik a gyerekek teljes\u00edtm\u00e9ny\u00e9t \u2013 mint p\u00e9ld\u00e1ul als\u00f3sok eset\u00e9ben a h\u00e1zi feladat \u00edr\u00e1sa, hagyom\u00e1nyos \u00e9rtelemben vett oszt\u00e1lyz\u00e1s vagy idegen nyelvek eset\u00e9ben a t\u00fal korai \u00edr\u00e1sbelis\u00e9g \u2013, ugyanakkor nagy hangs\u00falyt fektet az olyan elemekre, amelyek \u00e1ltal bizony\u00edtottan javul a hat\u00e9konys\u00e1g, m\u00e9lyebb, hossz\u00fa t\u00e1von biztos tud\u00e1s j\u00f6n l\u00e9tre. Ilyenek t\u00f6bbek k\u00f6z\u00f6tt a szem\u00e9lyre szabott feladatok, a csoportmunka, a zene, a j\u00e1t\u00e9kos \u00e9s kreat\u00edv gyakorlatok, az \u00e9letkori \u00e9s egy\u00e9ni saj\u00e1toss\u00e1gok figyelembe v\u00e9tele.<\/p>\n<p style=\"text-align: justify;\">A gyerekek mindezt csal\u00e1dias l\u00e9gk\u00f6rben, a term\u00e9szethez k\u00f6zel \u00e9lhetik meg, ami szint\u00e9n fontos Waldorf alapelv. Az iskol\u00e1ban a m\u0171v\u00e9szeti oktat\u00e1s is magas sz\u00ednvonal\u00fa, \u00e1m nem felt\u00e9tlen\u00fcl kell m\u0171v\u00e9szi v\u00e9na a beiratkoz\u00e1shoz. A m\u0171v\u00e9szet olyan eszk\u00f6z, amely kieg\u00e9sz\u00edti, \u00e9lm\u00e9nyszer\u0171v\u00e9 teszi az oktat\u00e1st.<\/p>\n<p style=\"text-align: justify;\">Egerben 1998 \u00f3ta t\u00f6bbsz\u00f6r pr\u00f3b\u00e1lkoztak sz\u00fcl\u0151k ennek az oktat\u00e1si m\u00f3dszernek a meghonos\u00edt\u00e1s\u00e1val, \u00e1m most el\u0151sz\u00f6r j\u00e1rtak sikerrel. V\u00e9g\u00fcl ez az int\u00e9zm\u00e9ny lett az orsz\u00e1g 33. Waldorf iskol\u00e1ja. A gyermekeik j\u00f6v\u0151je ir\u00e1nt \u00e9rzett felel\u0151ss\u00e9ggel hittel, anyagiakkal, \u00e9s sok-sok munk\u00e1val l\u00e9trehoztak egy olyan \u00e1ltal\u00e1nos iskol\u00e1t, ami szerint\u00fck a legjobban szolg\u00e1lja a gyermek\u00fck tanulm\u00e1nyait \u00e9s j\u00f6v\u0151ben val\u00f3 boldogul\u00e1sukat. Erre a nemzetk\u00f6zi tapasztalatok alapj\u00e1n meg is van minden es\u00e9ly\u00fck, hiszen a Waldorf iskol\u00e1ban v\u00e9gzettek 94%-a tov\u00e1bbtanul a fels\u0151oktat\u00e1sban.<\/p>\n<p style=\"text-align: justify;\">A Waldorf iskol\u00e1k az \u00e1llami normat\u00edv\u00e1n fel\u00fcl a finansz\u00edroz\u00e1shoz sz\u00fcks\u00e9ges forr\u00e1sokat sz\u00fcl\u0151i t\u00e1mogat\u00e1sb\u00f3l fedezik.<\/p>\n","protected":false},"excerpt":{"rendered":"<p>Megvannak az enged\u00e9lyek, indul az egri Waldorf iskola<br \/>\n\u00a0Az elm\u00falt h\u00f3napok kitart\u00f3 munk\u00e1j\u00e1nak k\u00f6sz\u00f6nhet\u0151en mostanra az Egri Waldorf \u00c1ltal\u00e1nos Iskola minden m\u0171k\u00f6d\u00e9shez sz\u00fcks\u00e9ges enged\u00e9llyel rendelkezik. Az \u0151sszel indul\u00f3 oszt\u00e1lyokba m\u00e9g lehet jelentkezni, nagy szeretettel v\u00e1rj\u00e1k a gyerekeket az 1.-2., illetve a 3.-4 oszt\u00e1lyokba!<br \/>\nSz\u00fcl\u0151i kezdem\u00e9nyez\u00e9s h\u00edvta \u00e9letre Eger els\u0151, \u00e1llamilag elismert alternat\u00edv \u00e1ltal\u00e1nos iskol\u00e1j\u00e1t. Eger v\u00e1ros [&#8230;]<\/p>\n","protected":false},"author":4,"featured_media":0,"comment_status":"closed","ping_status":"closed","sticky":false,"template":"","format":"standard","meta":{"footnotes":""},"categories":[9],"tags":[36,2078],"class_list":["post-13001","post","type-post","status-publish","format-standard","hentry","category-oktatas","tag-eger","tag-waldorf-iskola"],"_links":{"self":[{"href":"https:\/\/www.agriatv.hu\/index.php?rest_route=\/wp\/v2\/posts\/13001","targetHints":{"allow":["GET"]}}],"collection":[{"href":"https:\/\/www.agriatv.hu\/index.php?rest_route=\/wp\/v2\/posts"}],"about":[{"href":"https:\/\/www.agriatv.hu\/index.php?rest_route=\/wp\/v2\/types\/post"}],"author":[{"embeddable":true,"href":"https:\/\/www.agriatv.hu\/index.php?rest_route=\/wp\/v2\/users\/4"}],"replies":[{"embeddable":true,"href":"https:\/\/www.agriatv.hu\/index.php?rest_route=%2Fwp%2Fv2%2Fcomments&post=13001"}],"version-history":[{"count":1,"href":"https:\/\/www.agriatv.hu\/index.php?rest_route=\/wp\/v2\/posts\/13001\/revisions"}],"predecessor-version":[{"id":13002,"href":"https:\/\/www.agriatv.hu\/index.php?rest_route=\/wp\/v2\/posts\/13001\/revisions\/13002"}],"wp:attachment":[{"href":"https:\/\/www.agriatv.hu\/index.php?rest_route=%2Fwp%2Fv2%2Fmedia&parent=13001"}],"wp:term":[{"taxonomy":"category","embeddable":true,"href":"https:\/\/www.agriatv.hu\/index.php?rest_route=%2Fwp%2Fv2%2Fcategories&post=13001"},{"taxonomy":"post_tag","embeddable":true,"href":"https:\/\/www.agriatv.hu\/index.php?rest_route=%2Fwp%2Fv2%2Ftags&post=13001"}],"curies":[{"name":"wp","href":"https:\/\/api.w.org\/{rel}","templated":true}]}}