{"id":13003,"date":"2014-08-07T19:20:17","date_gmt":"2014-08-07T19:20:17","guid":{"rendered":"http:\/\/www.agriatv.hu\/?p=13003"},"modified":"2014-08-07T19:37:03","modified_gmt":"2014-08-07T19:37:03","slug":"halalos-baleset-a-3-ason-kamion-es-auto-utkozott-ossze","status":"publish","type":"post","link":"https:\/\/www.agriatv.hu\/?p=13003","title":{"rendered":"Hal\u00e1los baleset a 3-ason: kamion \u00e9s aut\u00f3 \u00fctk\u00f6z\u00f6tt \u00f6ssze"},"content":{"rendered":"<p style=\"text-align: justify;\"><strong><a href=\"https:\/\/www.agriatv.hu\/wp-content\/uploads\/2014\/08\/0807kapolna_baleset_v.jpg\"><img loading=\"lazy\" decoding=\"async\" class=\"alignleft  wp-image-13006\" src=\"https:\/\/www.agriatv.hu\/wp-content\/uploads\/2014\/08\/0807kapolna_baleset_v-300x240.jpg\" alt=\"0807kapolna_baleset_v\" width=\"150\" height=\"91\" \/><\/a>Egy ember \u00e9let\u00e9t vesztette, h\u00e1rman megs\u00e9r\u00fcltek abban a balesetben, ami cs\u00fct\u00f6rt\u00f6k\u00f6n d\u00e9lel\u0151tt t\u00f6rt\u00e9nt Kerecsend \u00e9s K\u00e1polna k\u00f6z\u00f6tt.<\/strong><\/p>\n<p style=\"text-align: justify;\">A 3-as sz\u00e1m\u00fa f\u0151\u00fat 113-as kilom\u00e9terszelv\u00e9ny\u00e9ben \u2013 Kerecsend \u00e9s K\u00e1l k\u00f6z\u00f6tt \u2013 2014. augusztus 7-\u00e9n 10 \u00f3ra 56 perc k\u00f6r\u00fcli id\u0151ben egy teheraut\u00f3 \u00e9s egy szem\u00e9lyg\u00e9pkocsi eddig tiszt\u00e1zatlan k\u00f6r\u00fclm\u00e9nyek k\u00f6z\u00f6tt front\u00e1lisan \u00f6ssze\u00fctk\u00f6z\u00f6tt &#8211; t\u00e1j\u00e9koztatott a rend\u0151rs\u00e9g honlapj\u00e1n.<\/p>\n<p style=\"text-align: justify;\">A helysz\u00ednel\u00e9s idej\u00e9re a rend\u0151rs\u00e9g teljes \u00fatlez\u00e1r\u00e1st rendelt el az \u00e9rintett \u00fatszakaszon.<\/p>\n<p style=\"text-align: justify;\">\u00dagy tudjuk, a kamionos azt mondta: K\u00e1polna fel\u00e9 k\u00f6zlekedett amikor a rossz \u00faton defektet kapott, ez\u00e9rt sodr\u00f3dott \u00e1t a szemk\u00f6zti s\u00e1vba, ahol front\u00e1lisan \u00fctk\u00f6z\u00f6tt a szem\u00e9lyg\u00e9pkocsival, majd az \u00fat menti sz\u00e1nt\u00e1sban \u00e1llt meg.<\/p>\n<p style=\"text-align: justify;\">A g\u00e9pkocsi vezet\u0151je a helysz\u00ednen \u00e9let\u00e9t vesztette, egyik s\u00falyosan s\u00e9r\u00fclt utas\u00e1t helikopterrel sz\u00e1ll\u00edtott\u00e1k el, m\u00e1sik utas\u00e1t \u00e9s a kamion vezet\u0151j\u00e9t ment\u0151 vitte el.<strong><div class=\"wordtube\">\n<div class=\"wordtube single1313\" id=\"WT1_1\" style=\"width:320px; height:240px;\">\n<a href=\"http:\/\/www.macromedia.com\/go\/getflashplayer\">Get the Flash Player<\/a> to see the wordTube Media Player.\n<\/div><\/div>\n\t<script type=\"text\/javascript\" defer=\"defer\">\nvar WT1_1 = {\n\tparams : {\n\t\twmode : \"opaque\",\n\t\tallowscriptaccess : \"always\",\n\t\tallownetworking : \"all\",\n\t\tallowfullscreen : \"true\"},\n\tflashvars : {\n\t\tfile : \"http%3A%2F%2Fwww.agriatv.hu%2Fwp-content%2Fuploads%2F2014%2F08%2F0807kapolna_baleset.flv\",\n\t\tvolume : \"80\",\n\t\tbufferlength : \"5\",\n\t\tquality : \"false\",\n\t\t'logo.hide' : \"false\",\n\t\timage : \"http%3A%2F%2Fwww.agriatv.hu%2Fwp-content%2Fuploads%2F2014%2F08%2F0807kapolna_baleset.Still002.jpg\",\n\t\ttitle : \"0807kapolna_baleset.flv\",\n\t\tlinktarget : \"_self\"},\n\tattr : {\n\t\tid : \"WT1\",\n\t\tname : \"WT1\"},\n\tstart : function() {\n\t\tswfobject.embedSWF(\"https:\/\/www.agriatv.hu\/\/player.swf\", \"WT1_1\", \"320\", \"240\", \"9.0.0\", false, this.flashvars, this.params , this.attr );\n\t}\n}\nWT1_1.start();\n\t<\/script>\n<\/strong><\/p>\n<p style=\"text-align: justify;\"><strong>A 3-as \u00fat Borsod-Aba\u00faj-Zempl\u00e9n megyei szakasz\u00e1n cs\u00fct\u00f6rt\u00f6k\u00f6n, d\u00e9l ut\u00e1n t\u00f6rt\u00e9nt egy, a Heves megyei szakaszon egy \u00f3r\u00e1val kor\u00e1bban bek\u00f6vetkezett hal\u00e1los kimenetel\u0171 karambolhoz hasonl\u00f3, szint\u00e9n tragikus kimenetel\u0171 \u00fctk\u00f6z\u00e9s.<\/strong><\/p>\n<p>A Sziksz\u00f3 \u00e9s a fels\u0151zsolcai k\u00f6rforgalom k\u00f6z\u00f6tt szint\u00e9n kamion \u00e9s szem\u00e9lyaut\u00f3 \u00fctk\u00f6z\u00f6tt: egy ember meghalt, egy m\u00e1sik s\u00falyos s\u00e9r\u00fcl\u00e9st szenvedett &#8211; k\u00f6z\u00f6lte a megyei katasztr\u00f3fav\u00e9delmi igazgat\u00f3s\u00e1g sz\u00f3viv\u0151je az MTI-vel.<\/p>\n<p>Dojcs\u00e1k D\u00e1vid elmondta az aut\u00f3 vezet\u0151je, egy 52 \u00e9ves f\u00e9rfi \u2013 mint k\u00e9s\u0151bb kider\u00fclt Miskolc\u00a0volt\u00a0alpolg\u00e1rmestere, Orosz Lajos \u2013 halt meg a helysz\u00ednen, mellette utaz\u00f3 feles\u00e9ge \u00e9letvesz\u00e9lyesen megs\u00e9r\u00fclt &#8211; mondta a megyei rend\u0151r-f\u0151kapit\u00e1nys\u00e1g sz\u00f3viv\u0151je az MTI-nek.<\/p>\n","protected":false},"excerpt":{"rendered":"<p>Egy ember \u00e9let\u00e9t vesztette, h\u00e1rman megs\u00e9r\u00fcltek abban a balesetben, ami cs\u00fct\u00f6rt\u00f6k\u00f6n d\u00e9lel\u0151tt t\u00f6rt\u00e9nt Kerecsend \u00e9s K\u00e1polna k\u00f6z\u00f6tt.<br \/>\nA 3-as sz\u00e1m\u00fa f\u0151\u00fat 113-as kilom\u00e9terszelv\u00e9ny\u00e9ben \u2013 Kerecsend \u00e9s K\u00e1l k\u00f6z\u00f6tt \u2013 2014. augusztus 7-\u00e9n 10 \u00f3ra 56 perc k\u00f6r\u00fcli id\u0151ben egy teheraut\u00f3 \u00e9s egy szem\u00e9lyg\u00e9pkocsi eddig tiszt\u00e1zatlan k\u00f6r\u00fclm\u00e9nyek k\u00f6z\u00f6tt front\u00e1lisan \u00f6ssze\u00fctk\u00f6z\u00f6tt &#8211; t\u00e1j\u00e9koztatott a rend\u0151rs\u00e9g honlapj\u00e1n.<br \/>\nA helysz\u00ednel\u00e9s idej\u00e9re [&#8230;]<\/p>\n","protected":false},"author":4,"featured_media":0,"comment_status":"closed","ping_status":"closed","sticky":false,"template":"","format":"standard","meta":{"footnotes":""},"categories":[5],"tags":[41,1309,771,876,875,380,122,161],"class_list":["post-13003","post","type-post","status-publish","format-standard","hentry","category-kek-hirek","tag-baleset","tag-defekt","tag-halal","tag-helikopter","tag-kamion","tag-mento","tag-rendorseg","tag-tuzolto"],"_links":{"self":[{"href":"https:\/\/www.agriatv.hu\/index.php?rest_route=\/wp\/v2\/posts\/13003","targetHints":{"allow":["GET"]}}],"collection":[{"href":"https:\/\/www.agriatv.hu\/index.php?rest_route=\/wp\/v2\/posts"}],"about":[{"href":"https:\/\/www.agriatv.hu\/index.php?rest_route=\/wp\/v2\/types\/post"}],"author":[{"embeddable":true,"href":"https:\/\/www.agriatv.hu\/index.php?rest_route=\/wp\/v2\/users\/4"}],"replies":[{"embeddable":true,"href":"https:\/\/www.agriatv.hu\/index.php?rest_route=%2Fwp%2Fv2%2Fcomments&post=13003"}],"version-history":[{"count":4,"href":"https:\/\/www.agriatv.hu\/index.php?rest_route=\/wp\/v2\/posts\/13003\/revisions"}],"predecessor-version":[{"id":13008,"href":"https:\/\/www.agriatv.hu\/index.php?rest_route=\/wp\/v2\/posts\/13003\/revisions\/13008"}],"wp:attachment":[{"href":"https:\/\/www.agriatv.hu\/index.php?rest_route=%2Fwp%2Fv2%2Fmedia&parent=13003"}],"wp:term":[{"taxonomy":"category","embeddable":true,"href":"https:\/\/www.agriatv.hu\/index.php?rest_route=%2Fwp%2Fv2%2Fcategories&post=13003"},{"taxonomy":"post_tag","embeddable":true,"href":"https:\/\/www.agriatv.hu\/index.php?rest_route=%2Fwp%2Fv2%2Ftags&post=13003"}],"curies":[{"name":"wp","href":"https:\/\/api.w.org\/{rel}","templated":true}]}}