{"id":13010,"date":"2014-08-08T15:07:44","date_gmt":"2014-08-08T15:07:44","guid":{"rendered":"http:\/\/www.agriatv.hu\/?p=13010"},"modified":"2014-08-08T15:09:39","modified_gmt":"2014-08-08T15:09:39","slug":"leszakadt-az-eg-egerben-es-kornyeken","status":"publish","type":"post","link":"https:\/\/www.agriatv.hu\/?p=13010","title":{"rendered":"Leszakadt az \u00e9g Egerben \u00e9s k\u00f6rny\u00e9k\u00e9n"},"content":{"rendered":"<p style=\"text-align: justify;\"><strong><a href=\"https:\/\/www.agriatv.hu\/wp-content\/uploads\/2014\/08\/0808eso_eger_v.jpg\"><img loading=\"lazy\" decoding=\"async\" class=\"alignleft  wp-image-13011\" src=\"https:\/\/www.agriatv.hu\/wp-content\/uploads\/2014\/08\/0808eso_eger_v-300x240.jpg\" alt=\"0808eso_eger_v\" width=\"137\" height=\"81\" \/><\/a>Nagy mennyis\u00e9g\u0171 es\u0151 esett r\u00f6vid id\u0151 alatt Egerben \u00e9s k\u00f6rny\u00e9k\u00e9n.<\/strong><\/p>\n<p style=\"text-align: justify;\">A v\u00e1ros t\u00f6bb ter\u00fclet\u00e9n a csatorna nem b\u00edrt megbirk\u00f3zni a hirtelen \u00e9rkezett \u00e9gi \u00e1ld\u00e1ssal.\u00a0 A Fels\u0151v\u00e1ros egyes ter\u00fcletein 30 cm-es v\u00edz \u00e1llt az utakon, a kocsik tengely\u00e9ig \u00e9rt a csapad\u00e9k.<\/p>\n<p style=\"text-align: justify;\">Szemtan\u00fak szerint a Berva \u00e9s Fels\u0151t\u00e1rk\u00e1ny k\u00f6rzet\u00e9ben j\u00e9g is esett.<\/p>\n<p style=\"text-align: justify;\">A vihar amilyen gyorsan j\u00f6tt, olyan gyorsan el is ment, ezek ut\u00e1n a csatorna hamar elvitte a lez\u00fadult es\u0151t.<\/p>\n<p style=\"text-align: justify;\">\u00dagy tudjuk, a fels\u0151v\u00e1rosi hipermarket sem \u00faszta meg a vihart, t\u00f6bb helyen \u00e1llt a v\u00edz az \u00e9p\u00fcleten bel\u00fcl is.<\/p>\n<p style=\"text-align: justify;\">A katasztr\u00f3fav\u00e9delem sajt\u00f3sz\u00f3viv\u0151je, Antal Erika \u00e9rdekl\u0151d\u00e9s\u00fcnkre elmondta: a vihar kapcs\u00e1n sz\u00e1mottev\u0151 beavatkoz\u00e1sra nem volt sz\u00fcks\u00e9g.<div class=\"wordtube\">\n<div class=\"wordtube single1314\" id=\"WT1_1\" style=\"width:320px; height:240px;\">\n<a href=\"http:\/\/www.macromedia.com\/go\/getflashplayer\">Get the Flash Player<\/a> to see the wordTube Media Player.\n<\/div><\/div>\n\t<script type=\"text\/javascript\" defer=\"defer\">\nvar WT1_1 = {\n\tparams : {\n\t\twmode : \"opaque\",\n\t\tallowscriptaccess : \"always\",\n\t\tallownetworking : \"all\",\n\t\tallowfullscreen : \"true\"},\n\tflashvars : {\n\t\tfile : \"http%3A%2F%2Fwww.agriatv.hu%2Fwp-content%2Fuploads%2F2014%2F08%2F0808eso_eger.flv\",\n\t\tvolume : \"80\",\n\t\tbufferlength : \"5\",\n\t\tquality : \"false\",\n\t\t'logo.hide' : \"false\",\n\t\timage : \"http%3A%2F%2Fwww.agriatv.hu%2Fwp-content%2Fuploads%2F2014%2F08%2F0808eso_eger.Still004.jpg\",\n\t\ttitle : \"0808eso_eger.flv\",\n\t\tlinktarget : \"_self\"},\n\tattr : {\n\t\tid : \"WT1\",\n\t\tname : \"WT1\"},\n\tstart : function() {\n\t\tswfobject.embedSWF(\"https:\/\/www.agriatv.hu\/\/player.swf\", \"WT1_1\", \"320\", \"240\", \"9.0.0\", false, this.flashvars, this.params , this.attr );\n\t}\n}\nWT1_1.start();\n\t<\/script>\n<\/p>\n","protected":false},"excerpt":{"rendered":"<p>Nagy mennyis\u00e9g\u0171 es\u0151 esett r\u00f6vid id\u0151 alatt Egerben \u00e9s k\u00f6rny\u00e9k\u00e9n.<br \/>\nA v\u00e1ros t\u00f6bb ter\u00fclet\u00e9n a csatorna nem b\u00edrt megbirk\u00f3zni a hirtelen \u00e9rkezett \u00e9gi \u00e1ld\u00e1ssal.\u00a0 A Fels\u0151v\u00e1ros egyes ter\u00fcletein 30 cm-es v\u00edz \u00e1llt az utakon, a kocsik tengely\u00e9ig \u00e9rt a csapad\u00e9k.<br \/>\nSzemtan\u00fak szerint a Berva \u00e9s Fels\u0151t\u00e1rk\u00e1ny k\u00f6rzet\u00e9ben j\u00e9g is esett.<br \/>\nA vihar amilyen gyorsan j\u00f6tt, olyan gyorsan el [&#8230;]<\/p>\n","protected":false},"author":4,"featured_media":0,"comment_status":"closed","ping_status":"closed","sticky":false,"template":"","format":"standard","meta":{"footnotes":""},"categories":[6,4],"tags":[101,36,1215,195],"class_list":["post-13010","post","type-post","status-publish","format-standard","hentry","category-belfold","category-szabadido","tag-csapadek","tag-eger","tag-eso","tag-vihar"],"_links":{"self":[{"href":"https:\/\/www.agriatv.hu\/index.php?rest_route=\/wp\/v2\/posts\/13010","targetHints":{"allow":["GET"]}}],"collection":[{"href":"https:\/\/www.agriatv.hu\/index.php?rest_route=\/wp\/v2\/posts"}],"about":[{"href":"https:\/\/www.agriatv.hu\/index.php?rest_route=\/wp\/v2\/types\/post"}],"author":[{"embeddable":true,"href":"https:\/\/www.agriatv.hu\/index.php?rest_route=\/wp\/v2\/users\/4"}],"replies":[{"embeddable":true,"href":"https:\/\/www.agriatv.hu\/index.php?rest_route=%2Fwp%2Fv2%2Fcomments&post=13010"}],"version-history":[{"count":2,"href":"https:\/\/www.agriatv.hu\/index.php?rest_route=\/wp\/v2\/posts\/13010\/revisions"}],"predecessor-version":[{"id":13013,"href":"https:\/\/www.agriatv.hu\/index.php?rest_route=\/wp\/v2\/posts\/13010\/revisions\/13013"}],"wp:attachment":[{"href":"https:\/\/www.agriatv.hu\/index.php?rest_route=%2Fwp%2Fv2%2Fmedia&parent=13010"}],"wp:term":[{"taxonomy":"category","embeddable":true,"href":"https:\/\/www.agriatv.hu\/index.php?rest_route=%2Fwp%2Fv2%2Fcategories&post=13010"},{"taxonomy":"post_tag","embeddable":true,"href":"https:\/\/www.agriatv.hu\/index.php?rest_route=%2Fwp%2Fv2%2Ftags&post=13010"}],"curies":[{"name":"wp","href":"https:\/\/api.w.org\/{rel}","templated":true}]}}