{"id":13014,"date":"2014-08-10T19:33:52","date_gmt":"2014-08-10T19:33:52","guid":{"rendered":"http:\/\/www.agriatv.hu\/?p=13014"},"modified":"2014-08-10T19:34:42","modified_gmt":"2014-08-10T19:34:42","slug":"kutyatetem-a-melegben","status":"publish","type":"post","link":"https:\/\/www.agriatv.hu\/?p=13014","title":{"rendered":"Kutyatetem a melegben"},"content":{"rendered":"<p><strong>B\u0171zl\u0151 kutyatetem miatt h\u00edvt\u00e1k st\u00e1bunkat Andornakt\u00e1ly\u00e1r\u00f3l.<\/strong><\/p>\n<p style=\"text-align: justify;\">Nem kiz\u00e1rt, hogy megm\u00e9rgezt\u00e9k azt a kuty\u00e1t, amelyet szombaton este elpusztulva tal\u00e1ltak egy andornakt\u00e1lyai udvaron. Sz\u00e1z m\u00e9teres k\u00f6rben orrfacsar\u00f3an b\u00fcd\u00f6s volt, mert az \u00e1llat m\u00e1r legal\u00e1bb egy napja fek\u00fcdhetett a telken, a gazd\u00e1i viszont elutaztak. A k\u00f6rny\u00e9ken \u00e9l\u0151k az\u00e9rt akart\u00e1k elvitetni, mert a kuty\u00e1hoz b\u00e1rmelyik k\u00f3bor \u00e1llat odaf\u00e9rt, \u00edgy k\u00f6nnyen megfert\u0151zhette volna az utc\u00e1n j\u00e1tsz\u00f3 gyerekeket is. A tulajdonos megb\u00edzottja mindenfel\u00e9 telefon\u00e1lt, nem sok sikerrel. V\u00e9g\u00fcl\u00a0 a\u00a0 V\u00e1rosgondoz\u00e1s Eger munkat\u00e1rsai biztons\u00e1gos helyre sz\u00e1ll\u00edtott\u00e1k az elpusztult \u00e1llatot.<div class=\"wordtube\">\n<div class=\"wordtube single1315\" id=\"WT1_1\" style=\"width:320px; height:240px;\">\n<a href=\"http:\/\/www.macromedia.com\/go\/getflashplayer\">Get the Flash Player<\/a> to see the wordTube Media Player.\n<\/div><\/div>\n\t<script type=\"text\/javascript\" defer=\"defer\">\nvar WT1_1 = {\n\tparams : {\n\t\twmode : \"opaque\",\n\t\tallowscriptaccess : \"always\",\n\t\tallownetworking : \"all\",\n\t\tallowfullscreen : \"true\"},\n\tflashvars : {\n\t\tfile : \"http%3A%2F%2Fwww.agriatv.hu%2Fwp-content%2Fuploads%2F2014%2F08%2F0810kutya_andornaktalya.flv\",\n\t\tvolume : \"80\",\n\t\tbufferlength : \"5\",\n\t\tquality : \"false\",\n\t\t'logo.hide' : \"false\",\n\t\timage : \"http%3A%2F%2Fwww.agriatv.hu%2Fwp-content%2Fuploads%2F2014%2F08%2F0810kutya_andornaktalya.Still001.jpg\",\n\t\ttitle : \"0810kutya_andornaktalya.flv\",\n\t\tlinktarget : \"_self\"},\n\tattr : {\n\t\tid : \"WT1\",\n\t\tname : \"WT1\"},\n\tstart : function() {\n\t\tswfobject.embedSWF(\"https:\/\/www.agriatv.hu\/\/player.swf\", \"WT1_1\", \"320\", \"240\", \"9.0.0\", false, this.flashvars, this.params , this.attr );\n\t}\n}\nWT1_1.start();\n\t<\/script>\n<\/p>\n","protected":false},"excerpt":{"rendered":"<p>B\u0171zl\u0151 kutyatetem miatt h\u00edvt\u00e1k st\u00e1bunkat Andornakt\u00e1ly\u00e1r\u00f3l.<br \/>\nNem kiz\u00e1rt, hogy megm\u00e9rgezt\u00e9k azt a kuty\u00e1t, amelyet szombaton este elpusztulva tal\u00e1ltak egy andornakt\u00e1lyai udvaron. Sz\u00e1z m\u00e9teres k\u00f6rben orrfacsar\u00f3an b\u00fcd\u00f6s volt, mert az \u00e1llat m\u00e1r legal\u00e1bb egy napja fek\u00fcdhetett a telken, a gazd\u00e1i viszont elutaztak. A k\u00f6rny\u00e9ken \u00e9l\u0151k az\u00e9rt akart\u00e1k elvitetni, mert a kuty\u00e1hoz b\u00e1rmelyik k\u00f3bor \u00e1llat odaf\u00e9rt, \u00edgy k\u00f6nnyen [&#8230;]<\/p>\n","protected":false},"author":4,"featured_media":0,"comment_status":"closed","ping_status":"closed","sticky":false,"template":"","format":"standard","meta":{"footnotes":""},"categories":[6],"tags":[1697,832,1576,1830],"class_list":["post-13014","post","type-post","status-publish","format-standard","hentry","category-belfold","tag-allat","tag-kutya","tag-mergezes","tag-tetem"],"_links":{"self":[{"href":"https:\/\/www.agriatv.hu\/index.php?rest_route=\/wp\/v2\/posts\/13014","targetHints":{"allow":["GET"]}}],"collection":[{"href":"https:\/\/www.agriatv.hu\/index.php?rest_route=\/wp\/v2\/posts"}],"about":[{"href":"https:\/\/www.agriatv.hu\/index.php?rest_route=\/wp\/v2\/types\/post"}],"author":[{"embeddable":true,"href":"https:\/\/www.agriatv.hu\/index.php?rest_route=\/wp\/v2\/users\/4"}],"replies":[{"embeddable":true,"href":"https:\/\/www.agriatv.hu\/index.php?rest_route=%2Fwp%2Fv2%2Fcomments&post=13014"}],"version-history":[{"count":2,"href":"https:\/\/www.agriatv.hu\/index.php?rest_route=\/wp\/v2\/posts\/13014\/revisions"}],"predecessor-version":[{"id":13016,"href":"https:\/\/www.agriatv.hu\/index.php?rest_route=\/wp\/v2\/posts\/13014\/revisions\/13016"}],"wp:attachment":[{"href":"https:\/\/www.agriatv.hu\/index.php?rest_route=%2Fwp%2Fv2%2Fmedia&parent=13014"}],"wp:term":[{"taxonomy":"category","embeddable":true,"href":"https:\/\/www.agriatv.hu\/index.php?rest_route=%2Fwp%2Fv2%2Fcategories&post=13014"},{"taxonomy":"post_tag","embeddable":true,"href":"https:\/\/www.agriatv.hu\/index.php?rest_route=%2Fwp%2Fv2%2Ftags&post=13014"}],"curies":[{"name":"wp","href":"https:\/\/api.w.org\/{rel}","templated":true}]}}