{"id":13031,"date":"2014-08-16T12:58:13","date_gmt":"2014-08-16T12:58:13","guid":{"rendered":"http:\/\/www.agriatv.hu\/?p=13031"},"modified":"2014-08-16T12:58:13","modified_gmt":"2014-08-16T12:58:13","slug":"idos-not-raboltak-ki-a-12-es-14-eves-elkovetok","status":"publish","type":"post","link":"https:\/\/www.agriatv.hu\/?p=13031","title":{"rendered":"Id\u0151s n\u0151t raboltak ki a 12 \u00e9s 14 \u00e9ves elk\u00f6vet\u0151k"},"content":{"rendered":"<div class=\"field field-name-field-lead field-type-text-long field-label-hidden\">\n<div class=\"field-items\">\n<div class=\"field-item even\" style=\"text-align: justify;\"><strong><a href=\"https:\/\/www.agriatv.hu\/wp-content\/uploads\/2014\/08\/0816rablas_eger_v.jpg\"><img loading=\"lazy\" decoding=\"async\" class=\"alignleft  wp-image-13032\" src=\"https:\/\/www.agriatv.hu\/wp-content\/uploads\/2014\/08\/0816rablas_eger_v-300x240.jpg\" alt=\"0816rablas_eger_v\" width=\"148\" height=\"85\" \/><\/a>Egy gyermekkor\u00fa \u00e9s egy fiatalkor\u00fa l\u00e1ny vette el az id\u0151s asszony t\u00e1sk\u00e1j\u00e1t.<\/strong><\/div>\n<\/div>\n<\/div>\n<div class=\"field field-name-field-szovegtorzs field-type-text-long field-label-hidden\">\n<div class=\"field-items\">\n<div class=\"field-item even\">\n<p style=\"text-align: justify;\">Egerben, a Breznai \u00faton 2014. augusztus 15-\u00e9n 13 \u00f3ra 45 perc k\u00f6r\u00fcli id\u0151ben, egy gyermekkor\u00fa \u00e9s egy fiatalkor\u00fa l\u00e1ny odal\u00e9pett a j\u00e1rd\u00e1n gyalogosan k\u00f6zleked\u0151 id\u0151s asszonyhoz, majd a s\u00e9rtett kez\u00e9ben lev\u0151 t\u00e1sk\u00e1t kit\u00e9pt\u00e9k \u00e9s abban kutatni kezdtek.<\/p>\n<p style=\"text-align: justify;\">Az egyik l\u00e1nyt menek\u00fcl\u00e9s k\u00f6zben egy arra j\u00e1r\u00f3 f\u00e9rfi, m\u00edg a m\u00e1sik l\u00e1nyt r\u00f6vid id\u0151n bel\u00fcl az egyenruh\u00e1sok fogt\u00e1k el.<\/p>\n<p style=\"text-align: justify;\">Az Egri Rend\u0151rkapit\u00e1nys\u00e1g rabl\u00e1s b\u0171ntett elk\u00f6vet\u00e9s\u00e9nek megalapozott gyan\u00faja miatt ind\u00edtott elj\u00e1r\u00e1st a 14 \u00e9ves l\u00e1ny ellen, a gyermekkor\u00fa l\u00e1ny ellen pedig b\u00fcntethet\u0151s\u00e9get kiz\u00e1r\u00f3 ok miatt nem indult elj\u00e1r\u00e1s.<strong><div class=\"wordtube\">\n<div class=\"wordtube single1318\" id=\"WT1_1\" style=\"width:320px; height:240px;\">\n<a href=\"http:\/\/www.macromedia.com\/go\/getflashplayer\">Get the Flash Player<\/a> to see the wordTube Media Player.\n<\/div><\/div>\n\t<script type=\"text\/javascript\" defer=\"defer\">\nvar WT1_1 = {\n\tparams : {\n\t\twmode : \"opaque\",\n\t\tallowscriptaccess : \"always\",\n\t\tallownetworking : \"all\",\n\t\tallowfullscreen : \"true\"},\n\tflashvars : {\n\t\tfile : \"http%3A%2F%2Fwww.agriatv.hu%2Fwp-content%2Fuploads%2F2014%2F08%2F0816rablas_eger.flv\",\n\t\tvolume : \"80\",\n\t\tbufferlength : \"5\",\n\t\tquality : \"false\",\n\t\t'logo.hide' : \"false\",\n\t\timage : \"http%3A%2F%2Fwww.agriatv.hu%2Fwp-content%2Fuploads%2F2014%2F08%2F0816rablas_eger.jpg\",\n\t\ttitle : \"0816rablas_eger.flv\",\n\t\tlinktarget : \"_self\"},\n\tattr : {\n\t\tid : \"WT1\",\n\t\tname : \"WT1\"},\n\tstart : function() {\n\t\tswfobject.embedSWF(\"https:\/\/www.agriatv.hu\/\/player.swf\", \"WT1_1\", \"320\", \"240\", \"9.0.0\", false, this.flashvars, this.params , this.attr );\n\t}\n}\nWT1_1.start();\n\t<\/script>\n<\/strong><\/p>\n<\/div>\n<\/div>\n<\/div>\n","protected":false},"excerpt":{"rendered":"<p>Egy gyermekkor\u00fa \u00e9s egy fiatalkor\u00fa l\u00e1ny vette el az id\u0151s asszony t\u00e1sk\u00e1j\u00e1t.<\/p>\n<p>Egerben, a Breznai \u00faton 2014. augusztus 15-\u00e9n 13 \u00f3ra 45 perc k\u00f6r\u00fcli id\u0151ben, egy gyermekkor\u00fa \u00e9s egy fiatalkor\u00fa l\u00e1ny odal\u00e9pett a j\u00e1rd\u00e1n gyalogosan k\u00f6zleked\u0151 id\u0151s asszonyhoz, majd a s\u00e9rtett kez\u00e9ben lev\u0151 t\u00e1sk\u00e1t kit\u00e9pt\u00e9k \u00e9s abban kutatni kezdtek.<br \/>\nAz egyik l\u00e1nyt menek\u00fcl\u00e9s k\u00f6zben egy arra j\u00e1r\u00f3 [&#8230;]<\/p>\n","protected":false},"author":4,"featured_media":0,"comment_status":"closed","ping_status":"closed","sticky":false,"template":"","format":"standard","meta":{"footnotes":""},"categories":[5],"tags":[1137,320,1371,2083,692,122],"class_list":["post-13031","post","type-post","status-publish","format-standard","hentry","category-kek-hirek","tag-elfogas","tag-gyermek","tag-idos","tag-kiskoru","tag-rablas","tag-rendorseg"],"_links":{"self":[{"href":"https:\/\/www.agriatv.hu\/index.php?rest_route=\/wp\/v2\/posts\/13031","targetHints":{"allow":["GET"]}}],"collection":[{"href":"https:\/\/www.agriatv.hu\/index.php?rest_route=\/wp\/v2\/posts"}],"about":[{"href":"https:\/\/www.agriatv.hu\/index.php?rest_route=\/wp\/v2\/types\/post"}],"author":[{"embeddable":true,"href":"https:\/\/www.agriatv.hu\/index.php?rest_route=\/wp\/v2\/users\/4"}],"replies":[{"embeddable":true,"href":"https:\/\/www.agriatv.hu\/index.php?rest_route=%2Fwp%2Fv2%2Fcomments&post=13031"}],"version-history":[{"count":1,"href":"https:\/\/www.agriatv.hu\/index.php?rest_route=\/wp\/v2\/posts\/13031\/revisions"}],"predecessor-version":[{"id":13033,"href":"https:\/\/www.agriatv.hu\/index.php?rest_route=\/wp\/v2\/posts\/13031\/revisions\/13033"}],"wp:attachment":[{"href":"https:\/\/www.agriatv.hu\/index.php?rest_route=%2Fwp%2Fv2%2Fmedia&parent=13031"}],"wp:term":[{"taxonomy":"category","embeddable":true,"href":"https:\/\/www.agriatv.hu\/index.php?rest_route=%2Fwp%2Fv2%2Fcategories&post=13031"},{"taxonomy":"post_tag","embeddable":true,"href":"https:\/\/www.agriatv.hu\/index.php?rest_route=%2Fwp%2Fv2%2Ftags&post=13031"}],"curies":[{"name":"wp","href":"https:\/\/api.w.org\/{rel}","templated":true}]}}