{"id":13076,"date":"2014-08-27T21:43:46","date_gmt":"2014-08-27T21:43:46","guid":{"rendered":"http:\/\/www.agriatv.hu\/?p=13076"},"modified":"2014-08-27T21:44:06","modified_gmt":"2014-08-27T21:44:06","slug":"parnafesztivalra-keszulnek-matraderecsken","status":"publish","type":"post","link":"https:\/\/www.agriatv.hu\/?p=13076","title":{"rendered":"P\u00e1rnafesztiv\u00e1lra k\u00e9sz\u00fclnek M\u00e1traderecsk\u00e9n"},"content":{"rendered":"<p><a href=\"https:\/\/www.agriatv.hu\/wp-content\/uploads\/2014\/07\/paloc0831.jpg\"><img loading=\"lazy\" decoding=\"async\" class=\"alignleft wp-image-12941 size-full\" src=\"https:\/\/www.agriatv.hu\/wp-content\/uploads\/2014\/07\/paloc0831.jpg\" alt=\"paloc0831\" width=\"683\" height=\"960\" srcset=\"https:\/\/www.agriatv.hu\/wp-content\/uploads\/2014\/07\/paloc0831.jpg 683w, https:\/\/www.agriatv.hu\/wp-content\/uploads\/2014\/07\/paloc0831-213x300.jpg 213w\" sizes=\"auto, (max-width: 683px) 100vw, 683px\" \/><\/a><\/p>\n","protected":false},"excerpt":{"rendered":"","protected":false},"author":4,"featured_media":0,"comment_status":"closed","ping_status":"closed","sticky":false,"template":"","format":"standard","meta":{"footnotes":""},"categories":[1],"tags":[1377,1780,1376],"class_list":["post-13076","post","type-post","status-publish","format-standard","hentry","category-nincs-kategorizalva","tag-matraderecske","tag-paloc","tag-parna"],"_links":{"self":[{"href":"https:\/\/www.agriatv.hu\/index.php?rest_route=\/wp\/v2\/posts\/13076","targetHints":{"allow":["GET"]}}],"collection":[{"href":"https:\/\/www.agriatv.hu\/index.php?rest_route=\/wp\/v2\/posts"}],"about":[{"href":"https:\/\/www.agriatv.hu\/index.php?rest_route=\/wp\/v2\/types\/post"}],"author":[{"embeddable":true,"href":"https:\/\/www.agriatv.hu\/index.php?rest_route=\/wp\/v2\/users\/4"}],"replies":[{"embeddable":true,"href":"https:\/\/www.agriatv.hu\/index.php?rest_route=%2Fwp%2Fv2%2Fcomments&post=13076"}],"version-history":[{"count":2,"href":"https:\/\/www.agriatv.hu\/index.php?rest_route=\/wp\/v2\/posts\/13076\/revisions"}],"predecessor-version":[{"id":13078,"href":"https:\/\/www.agriatv.hu\/index.php?rest_route=\/wp\/v2\/posts\/13076\/revisions\/13078"}],"wp:attachment":[{"href":"https:\/\/www.agriatv.hu\/index.php?rest_route=%2Fwp%2Fv2%2Fmedia&parent=13076"}],"wp:term":[{"taxonomy":"category","embeddable":true,"href":"https:\/\/www.agriatv.hu\/index.php?rest_route=%2Fwp%2Fv2%2Fcategories&post=13076"},{"taxonomy":"post_tag","embeddable":true,"href":"https:\/\/www.agriatv.hu\/index.php?rest_route=%2Fwp%2Fv2%2Ftags&post=13076"}],"curies":[{"name":"wp","href":"https:\/\/api.w.org\/{rel}","templated":true}]}}