{"id":13133,"date":"2014-09-15T18:12:50","date_gmt":"2014-09-15T18:12:50","guid":{"rendered":"http:\/\/www.agriatv.hu\/?p=13133"},"modified":"2014-09-16T06:48:25","modified_gmt":"2014-09-16T06:48:25","slug":"elozetesbe-kerultek-a-betorok","status":"publish","type":"post","link":"https:\/\/www.agriatv.hu\/?p=13133","title":{"rendered":"El\u0151zetesbe ker\u00fcltek a bet\u00f6r\u0151k"},"content":{"rendered":"<div class=\"cikklead\" style=\"text-align: justify;\"><strong><a href=\"https:\/\/www.agriatv.hu\/wp-content\/uploads\/2013\/04\/himzettgolya2.jpg\"><img loading=\"lazy\" decoding=\"async\" class=\"alignleft  wp-image-9940\" src=\"https:\/\/www.agriatv.hu\/wp-content\/uploads\/2013\/04\/himzettgolya2.jpg\" alt=\"himzettgolya2\" width=\"96\" height=\"132\" srcset=\"https:\/\/www.agriatv.hu\/wp-content\/uploads\/2013\/04\/himzettgolya2.jpg 640w, https:\/\/www.agriatv.hu\/wp-content\/uploads\/2013\/04\/himzettgolya2-217x300.jpg 217w\" sizes=\"auto, (max-width: 96px) 100vw, 96px\" \/><\/a>D. Ferencnek \u00e9s F. J\u00f3zsefnek rendelte el el\u0151zetes letart\u00f3ztat\u00e1s\u00e1t az Egri j\u00e1r\u00e1sb\u00edr\u00f3s\u00e1g az elm\u00falt h\u00e9tv\u00e9g\u00e9n.<\/strong><\/div>\n<div class=\"cikkleft cikktext\">\n<p style=\"text-align: justify;\">A Tiszan\u00e1nai Rend\u0151r\u0151rs lop\u00e1s v\u00e9ts\u00e9ge elk\u00f6vet\u00e9s\u00e9nek megalapozott gyan\u00faja miatt ind\u00edtott elj\u00e1r\u00e1st egy 23 jobb\u00e1gyi \u00e9s egy 19 \u00e9ves tiszan\u00e1nai f\u00e9rfi ellen. A rendelkez\u00e9sre \u00e1ll\u00f3 adatok alapj\u00e1n a k\u00e9t f\u00e9rfi 2014. augusztus \u00e9s szeptember h\u00f3napban, t\u00f6bb tiszan\u00e1nai ingatlanba behatoltak, s\u00a0onnan k\u00fcl\u00f6nb\u00f6z\u0151 \u00e9rt\u00e9keket tulajdon\u00edtottak el.<\/p>\n<p style=\"text-align: justify;\">A k\u00e9t f\u00e9rfit, akik a b\u0171ncselekm\u00e9ny elk\u00f6vet\u00e9s\u00e9vel megalapozottan gyan\u00fas\u00edthat\u00f3ak\u00a0a Tiszan\u00e1nai Rend\u0151r\u0151rs egyenruh\u00e1sai 2014. szeptember 12-\u00e9n el\u0151\u00e1ll\u00edtott\u00e1k a rend\u0151r\u0151rsre, majd \u0151rizetbe vett\u00e9k.<\/p>\n<p style=\"text-align: justify;\">D. Ferenc gyan\u00fas\u00edtott kihallgat\u00e1sa sor\u00e1n beismer\u0151 vallom\u00e1st tett, m\u00edg t\u00e1rsa F. J\u00f3zsef tagadta a b\u0171ncselekm\u00e9nyek elk\u00f6vet\u00e9s\u00e9t.<\/p>\n<p style=\"text-align: justify;\">A rend\u0151rs\u00e9g kezdem\u00e9nyez\u00e9s\u00e9re az Egri J\u00e1r\u00e1sb\u00edr\u00f3s\u00e1g az elm\u00falt h\u00e9tv\u00e9g\u00e9n elrendelte a gyan\u00fas\u00edtottak el\u0151zetes letart\u00f3ztat\u00e1s\u00e1t &#8211; t\u00e1j\u00e9koztatott a rend\u0151rs\u00e9g honlapj\u00e1n.<\/p>\n<\/div>\n","protected":false},"excerpt":{"rendered":"<p>D. Ferencnek \u00e9s F. J\u00f3zsefnek rendelte el el\u0151zetes letart\u00f3ztat\u00e1s\u00e1t az Egri j\u00e1r\u00e1sb\u00edr\u00f3s\u00e1g az elm\u00falt h\u00e9tv\u00e9g\u00e9n.<\/p>\n<p>A Tiszan\u00e1nai Rend\u0151r\u0151rs lop\u00e1s v\u00e9ts\u00e9ge elk\u00f6vet\u00e9s\u00e9nek megalapozott gyan\u00faja miatt ind\u00edtott elj\u00e1r\u00e1st egy 23 jobb\u00e1gyi \u00e9s egy 19 \u00e9ves tiszan\u00e1nai f\u00e9rfi ellen. A rendelkez\u00e9sre \u00e1ll\u00f3 adatok alapj\u00e1n a k\u00e9t f\u00e9rfi 2014. augusztus \u00e9s szeptember h\u00f3napban, t\u00f6bb tiszan\u00e1nai ingatlanba behatoltak, s\u00a0onnan k\u00fcl\u00f6nb\u00f6z\u0151 \u00e9rt\u00e9keket [&#8230;]<\/p>\n","protected":false},"author":4,"featured_media":0,"comment_status":"closed","ping_status":"closed","sticky":false,"template":"","format":"standard","meta":{"footnotes":""},"categories":[6,5],"tags":[747,122],"class_list":["post-13133","post","type-post","status-publish","format-standard","hentry","category-belfold","category-kek-hirek","tag-nyomozas","tag-rendorseg"],"_links":{"self":[{"href":"https:\/\/www.agriatv.hu\/index.php?rest_route=\/wp\/v2\/posts\/13133","targetHints":{"allow":["GET"]}}],"collection":[{"href":"https:\/\/www.agriatv.hu\/index.php?rest_route=\/wp\/v2\/posts"}],"about":[{"href":"https:\/\/www.agriatv.hu\/index.php?rest_route=\/wp\/v2\/types\/post"}],"author":[{"embeddable":true,"href":"https:\/\/www.agriatv.hu\/index.php?rest_route=\/wp\/v2\/users\/4"}],"replies":[{"embeddable":true,"href":"https:\/\/www.agriatv.hu\/index.php?rest_route=%2Fwp%2Fv2%2Fcomments&post=13133"}],"version-history":[{"count":1,"href":"https:\/\/www.agriatv.hu\/index.php?rest_route=\/wp\/v2\/posts\/13133\/revisions"}],"predecessor-version":[{"id":13134,"href":"https:\/\/www.agriatv.hu\/index.php?rest_route=\/wp\/v2\/posts\/13133\/revisions\/13134"}],"wp:attachment":[{"href":"https:\/\/www.agriatv.hu\/index.php?rest_route=%2Fwp%2Fv2%2Fmedia&parent=13133"}],"wp:term":[{"taxonomy":"category","embeddable":true,"href":"https:\/\/www.agriatv.hu\/index.php?rest_route=%2Fwp%2Fv2%2Fcategories&post=13133"},{"taxonomy":"post_tag","embeddable":true,"href":"https:\/\/www.agriatv.hu\/index.php?rest_route=%2Fwp%2Fv2%2Ftags&post=13133"}],"curies":[{"name":"wp","href":"https:\/\/api.w.org\/{rel}","templated":true}]}}