{"id":13144,"date":"2014-09-17T20:00:35","date_gmt":"2014-09-17T20:00:35","guid":{"rendered":"http:\/\/www.agriatv.hu\/?p=13144"},"modified":"2014-09-17T20:04:01","modified_gmt":"2014-09-17T20:04:01","slug":"sziven-szurta-magat-egy-fiatal","status":"publish","type":"post","link":"https:\/\/www.agriatv.hu\/?p=13144","title":{"rendered":"Sz\u00edven sz\u00farta mag\u00e1t egy fiatal"},"content":{"rendered":"<p style=\"text-align: justify;\"><strong><a href=\"https:\/\/www.agriatv.hu\/wp-content\/uploads\/2014\/09\/0918drogos_v.jpg\"><img loading=\"lazy\" decoding=\"async\" class=\"alignleft  wp-image-13145\" src=\"https:\/\/www.agriatv.hu\/wp-content\/uploads\/2014\/09\/0918drogos_v-300x240.jpg\" alt=\"0918drogos_v\" width=\"116\" height=\"93\" srcset=\"https:\/\/www.agriatv.hu\/wp-content\/uploads\/2014\/09\/0918drogos_v-300x240.jpg 300w, https:\/\/www.agriatv.hu\/wp-content\/uploads\/2014\/09\/0918drogos_v-100x80.jpg 100w, https:\/\/www.agriatv.hu\/wp-content\/uploads\/2014\/09\/0918drogos_v.jpg 720w\" sizes=\"auto, (max-width: 116px) 100vw, 116px\" \/><\/a>Val\u00f3sz\u00edn\u0171leg saj\u00e1t mag\u00e1nak okozott \u00e9letvesz\u00e9lyes s\u00e9r\u00fcl\u00e9st egy m\u00e1traderecskei fiatalember szerda d\u00e9lut\u00e1n.<\/strong><\/p>\n<p style=\"text-align: justify;\">Megsz\u00farta az \u00f6rd\u00f6g kiab\u00e1lta a 18 \u00e9ves fiatal, mik\u00f6zben k\u00e9ssel a mell\u00e9ben j\u00e1rk\u00e1lt h\u00e1zuk udvar\u00e1n. A sz\u00far\u00e1s a sz\u00edv k\u00f6zel\u00e9ben \u00e9rte.<\/p>\n<p style=\"text-align: justify;\">\u00dagy tudjuk, t\u00f6bbsz\u00f6r is volt m\u00e1r probl\u00e9m\u00e1ja a drogokkal, az utcabeliek szerint nemr\u00e9giben elvon\u00f3n is volt. A szomsz\u00e9dok tal\u00e1lgatj\u00e1k csak mi t\u00f6rt\u00e9nhetett, kamer\u00e1n k\u00edv\u00fcl azt mondt\u00e1k, mindenf\u00e9le drogot kipr\u00f3b\u00e1lt m\u00e1r a fi\u00fa.<\/p>\n<p style=\"text-align: justify;\">Az egyik szomsz\u00e9d l\u00e1nya \u00e9pp hazafel\u00e9 tartott, amikor megl\u00e1tta a v\u00e9rz\u0151 fiatalembert. Azonnal sz\u00f3lt a k\u00f6zelben lak\u00f3 rokonoknak, \u0151k h\u00edvtak seg\u00edts\u00e9get, akik azt\u00e1n lefektett\u00e9k a v\u00e9rz\u0151 s\u00e9r\u00fcltet.<\/p>\n<p style=\"text-align: justify;\">Inform\u00e1ci\u00f3ink szerint a fiatalemberen \u00e9letment\u0151 beavatkoz\u00e1sokat v\u00e9geztek a d\u00e9lut\u00e1n folyam\u00e1n az egri k\u00f3rh\u00e1zban.<\/p>\n<p style=\"text-align: justify;\">Az eset k\u00f6r\u00fclm\u00e9nyeit \u00e9s hogy haszn\u00e1lt-e \u00e9s ha igen milyen drogot, a rend\u0151rs\u00e9g vizsg\u00e1lja, \u00fagy tudjuk egyel\u0151re nem vet\u0151d\u00f6tt fel az idegenkez\u0171s\u00e9g gyan\u00faja.<strong><div class=\"wordtube\">\n<div class=\"wordtube single1333\" id=\"WT1_1\" style=\"width:320px; height:240px;\">\n<a href=\"http:\/\/www.macromedia.com\/go\/getflashplayer\">Get the Flash Player<\/a> to see the wordTube Media Player.\n<\/div><\/div>\n\t<script type=\"text\/javascript\" defer=\"defer\">\nvar WT1_1 = {\n\tparams : {\n\t\twmode : \"opaque\",\n\t\tallowscriptaccess : \"always\",\n\t\tallownetworking : \"all\",\n\t\tallowfullscreen : \"true\"},\n\tflashvars : {\n\t\tfile : \"http%3A%2F%2Fwww.agriatv.hu%2Fwp-content%2Fuploads%2F2014%2F09%2F0918drogos_h.flv\",\n\t\tvolume : \"80\",\n\t\tbufferlength : \"5\",\n\t\tquality : \"false\",\n\t\t'logo.hide' : \"false\",\n\t\timage : \"http%3A%2F%2Fwww.agriatv.hu%2Fwp-content%2Fuploads%2F2014%2F09%2F0918drogos_h.Still002.jpg\",\n\t\ttitle : \"0918drogos_h.flv\",\n\t\tlinktarget : \"_self\"},\n\tattr : {\n\t\tid : \"WT1\",\n\t\tname : \"WT1\"},\n\tstart : function() {\n\t\tswfobject.embedSWF(\"https:\/\/www.agriatv.hu\/\/player.swf\", \"WT1_1\", \"320\", \"240\", \"9.0.0\", false, this.flashvars, this.params , this.attr );\n\t}\n}\nWT1_1.start();\n\t<\/script>\n<\/strong><\/p>\n","protected":false},"excerpt":{"rendered":"<p>Val\u00f3sz\u00edn\u0171leg saj\u00e1t mag\u00e1nak okozott \u00e9letvesz\u00e9lyes s\u00e9r\u00fcl\u00e9st egy m\u00e1traderecskei fiatalember szerda d\u00e9lut\u00e1n.<br \/>\nMegsz\u00farta az \u00f6rd\u00f6g kiab\u00e1lta a 18 \u00e9ves fiatal, mik\u00f6zben k\u00e9ssel a mell\u00e9ben j\u00e1rk\u00e1lt h\u00e1zuk udvar\u00e1n. A sz\u00far\u00e1s a sz\u00edv k\u00f6zel\u00e9ben \u00e9rte.<br \/>\n\u00dagy tudjuk, t\u00f6bbsz\u00f6r is volt m\u00e1r probl\u00e9m\u00e1ja a drogokkal, az utcabeliek szerint nemr\u00e9giben elvon\u00f3n is volt. A szomsz\u00e9dok tal\u00e1lgatj\u00e1k csak mi t\u00f6rt\u00e9nhetett, kamer\u00e1n k\u00edv\u00fcl azt [&#8230;]<\/p>\n","protected":false},"author":4,"featured_media":0,"comment_status":"closed","ping_status":"closed","sticky":false,"template":"","format":"standard","meta":{"footnotes":""},"categories":[5],"tags":[1025,1329,122,2098],"class_list":["post-13144","post","type-post","status-publish","format-standard","hentry","category-kek-hirek","tag-eletveszely","tag-kes","tag-rendorseg","tag-sziv"],"_links":{"self":[{"href":"https:\/\/www.agriatv.hu\/index.php?rest_route=\/wp\/v2\/posts\/13144","targetHints":{"allow":["GET"]}}],"collection":[{"href":"https:\/\/www.agriatv.hu\/index.php?rest_route=\/wp\/v2\/posts"}],"about":[{"href":"https:\/\/www.agriatv.hu\/index.php?rest_route=\/wp\/v2\/types\/post"}],"author":[{"embeddable":true,"href":"https:\/\/www.agriatv.hu\/index.php?rest_route=\/wp\/v2\/users\/4"}],"replies":[{"embeddable":true,"href":"https:\/\/www.agriatv.hu\/index.php?rest_route=%2Fwp%2Fv2%2Fcomments&post=13144"}],"version-history":[{"count":3,"href":"https:\/\/www.agriatv.hu\/index.php?rest_route=\/wp\/v2\/posts\/13144\/revisions"}],"predecessor-version":[{"id":13148,"href":"https:\/\/www.agriatv.hu\/index.php?rest_route=\/wp\/v2\/posts\/13144\/revisions\/13148"}],"wp:attachment":[{"href":"https:\/\/www.agriatv.hu\/index.php?rest_route=%2Fwp%2Fv2%2Fmedia&parent=13144"}],"wp:term":[{"taxonomy":"category","embeddable":true,"href":"https:\/\/www.agriatv.hu\/index.php?rest_route=%2Fwp%2Fv2%2Fcategories&post=13144"},{"taxonomy":"post_tag","embeddable":true,"href":"https:\/\/www.agriatv.hu\/index.php?rest_route=%2Fwp%2Fv2%2Ftags&post=13144"}],"curies":[{"name":"wp","href":"https:\/\/api.w.org\/{rel}","templated":true}]}}