{"id":13205,"date":"2014-10-01T19:43:26","date_gmt":"2014-10-01T19:43:26","guid":{"rendered":"http:\/\/www.agriatv.hu\/?p=13205"},"modified":"2014-10-01T19:43:26","modified_gmt":"2014-10-01T19:43:26","slug":"elvagta-a-torkat-a-par-honapos-ozikenek-mert-az-riadalmat-keltett","status":"publish","type":"post","link":"https:\/\/www.agriatv.hu\/?p=13205","title":{"rendered":"Elv\u00e1gta a tork\u00e1t a p\u00e1r h\u00f3napos \u0151zik\u00e9nek, mert az riadalmat keltett"},"content":{"rendered":"<div class=\"cikklead\"><strong><a href=\"https:\/\/www.agriatv.hu\/wp-content\/uploads\/2014\/10\/1001oz_recsk_v.jpg\"><img loading=\"lazy\" decoding=\"async\" class=\"alignleft  wp-image-13206\" src=\"https:\/\/www.agriatv.hu\/wp-content\/uploads\/2014\/10\/1001oz_recsk_v-300x240.jpg\" alt=\"1001oz_recsk_v\" width=\"136\" height=\"109\" srcset=\"https:\/\/www.agriatv.hu\/wp-content\/uploads\/2014\/10\/1001oz_recsk_v-300x240.jpg 300w, https:\/\/www.agriatv.hu\/wp-content\/uploads\/2014\/10\/1001oz_recsk_v-100x80.jpg 100w, https:\/\/www.agriatv.hu\/wp-content\/uploads\/2014\/10\/1001oz_recsk_v.jpg 720w\" sizes=\"auto, (max-width: 136px) 100vw, 136px\" \/><\/a>Felh\u00e1borodott telefon\u00e1l\u00f3k h\u00edvtak benn\u00fcnket Recskr\u0151l:\u00a0 egy p\u00e1r h\u00f3napos, P\u00f6tyi n\u00e9vre keresztelt \u0151zgida tork\u00e1t v\u00e1gt\u00e1k el egy port\u00e1n, ahol \u00e1ll\u00edt\u00f3lag \u201enagy k\u00e1rokat\u201d okozott.<\/strong><\/div>\n<div class=\"cikkleft cikktext\">\n<p>Koml\u00f3si Gy\u00f6rgyn\u00e9t\u0151l megtudtuk, hogy a s\u00e9r\u00fclt gid\u00e1cska j\u00fanius elej\u00e9n ker\u00fclt hozz\u00e1juk. A kis \u00e1llatot befogadt\u00e1k a falu sz\u00e9li h\u00e1zukba, \u00e1polt\u00e1k, s cumis\u00fcvegb\u0151l tejjel t\u00e1pl\u00e1lt\u00e1k. Az \u0151zike er\u0151re kapott \u00e9s hamarosan a csal\u00e1d, valamint a k\u00f6rny\u00e9kbeli gyerekek kedvenc\u00e9v\u00e9 v\u00e1lt. Szel\u00edd, k\u00f6nnyen megriad\u00f3 kis j\u00f3sz\u00e1gr\u00f3l l\u00e9v\u00e9n sz\u00f3, id\u0151nk\u00e9nt a k\u00f6zeli r\u00e9tre is kis\u00e9t\u00e1lt, ahonnan mindig hazatal\u00e1lt. A m\u00falt vas\u00e1rnap d\u00e9lut\u00e1n azonban hi\u00e1ba sz\u00f3l\u00edtgatt\u00e1k gazd\u00e1i, nem ker\u00fclt el\u0151. Koml\u00f3si Gy\u00f6rgy ker\u00e9kp\u00e1rra \u00fclt, hogy megkeresse.<\/p>\n<p>A f\u00e9rfi a k\u00f6zeli utc\u00e1ba hajtott, ahol hangos kutyacsahol\u00e1s jelezte, hogy valami rendhagy\u00f3 dolog t\u00f6rt\u00e9nik. Az egyik porta el\u0151tt azt\u00e1n m\u00e1r csak azt l\u00e1tta, hogy az \u0151zik\u00e9nek elv\u00e1gta a tork\u00e1t az ott \u00e9l\u0151 gazdasszony. A felh\u00e1borodott Koml\u00f3si Gy\u00f6rgy rend\u0151rt h\u00edvott az esethez, majd a helysz\u00ednre \u00e9rkez\u0151k egy vad\u0151rt is \u00e9rtes\u00edtettek a t\u00f6rt\u00e9ntekr\u0151l.<\/p>\n<p>A \u201ebaleset\u201d helysz\u00edn\u00e9n megtudtuk, hogy az \u0151zike v\u00e1ratlanul bukkant fel az udvaron, ahol a kennelben l\u00e9v\u0151 kuty\u00e1juk a vad l\u00e1tt\u00e1ra hangos ugat\u00e1sba kezdett. Ett\u0151l az \u0151z is megriadt, \u00f6ssze-vissza ugrabugr\u00e1lt az udvaron, s \u00edgy megf\u00e9leml\u00edtette az ott tart\u00f3zkod\u00f3 k\u00e9t\u00e9ves unok\u00e1t is, aki hangosan zokog\u00e1sba kezdett.<\/p>\n<p>V\u00e9g\u00fcl a nagymama tett pontot az \u00fcgy v\u00e9g\u00e9re. Att\u00f3l tartv\u00e1n, hogy az udvarra bet\u00e9vedt \u0151zgida veszett, k\u00e9st ragadott, \u00e9s elv\u00e1gta a tork\u00e1t. <strong><div class=\"wordtube\">\n<div class=\"wordtube single1340\" id=\"WT1_1\" style=\"width:320px; height:240px;\">\n<a href=\"http:\/\/www.macromedia.com\/go\/getflashplayer\">Get the Flash Player<\/a> to see the wordTube Media Player.\n<\/div><\/div>\n\t<script type=\"text\/javascript\" defer=\"defer\">\nvar WT1_1 = {\n\tparams : {\n\t\twmode : \"opaque\",\n\t\tallowscriptaccess : \"always\",\n\t\tallownetworking : \"all\",\n\t\tallowfullscreen : \"true\"},\n\tflashvars : {\n\t\tfile : \"http%3A%2F%2Fwww.agriatv.hu%2Fwp-content%2Fuploads%2F2014%2F10%2F1001oz_recsk.flv\",\n\t\tvolume : \"80\",\n\t\tbufferlength : \"5\",\n\t\tquality : \"false\",\n\t\t'logo.hide' : \"false\",\n\t\timage : \"http%3A%2F%2Fwww.agriatv.hu%2Fwp-content%2Fuploads%2F2014%2F10%2F1001oz_recsk.Still001.jpg\",\n\t\ttitle : \"1001oz_recsk.flv\",\n\t\tlinktarget : \"_self\"},\n\tattr : {\n\t\tid : \"WT1\",\n\t\tname : \"WT1\"},\n\tstart : function() {\n\t\tswfobject.embedSWF(\"https:\/\/www.agriatv.hu\/\/player.swf\", \"WT1_1\", \"320\", \"240\", \"9.0.0\", false, this.flashvars, this.params , this.attr );\n\t}\n}\nWT1_1.start();\n\t<\/script>\n<\/strong><\/p>\n<\/div>\n","protected":false},"excerpt":{"rendered":"<p>Felh\u00e1borodott telefon\u00e1l\u00f3k h\u00edvtak benn\u00fcnket Recskr\u0151l:\u00a0 egy p\u00e1r h\u00f3napos, P\u00f6tyi n\u00e9vre keresztelt \u0151zgida tork\u00e1t v\u00e1gt\u00e1k el egy port\u00e1n, ahol \u00e1ll\u00edt\u00f3lag \u201enagy k\u00e1rokat\u201d okozott.<\/p>\n<p>Koml\u00f3si Gy\u00f6rgyn\u00e9t\u0151l megtudtuk, hogy a s\u00e9r\u00fclt gid\u00e1cska j\u00fanius elej\u00e9n ker\u00fclt hozz\u00e1juk. A kis \u00e1llatot befogadt\u00e1k a falu sz\u00e9li h\u00e1zukba, \u00e1polt\u00e1k, s cumis\u00fcvegb\u0151l tejjel t\u00e1pl\u00e1lt\u00e1k. Az \u0151zike er\u0151re kapott \u00e9s hamarosan a csal\u00e1d, valamint a [&#8230;]<\/p>\n","protected":false},"author":4,"featured_media":0,"comment_status":"closed","ping_status":"closed","sticky":false,"template":"","format":"standard","meta":{"footnotes":""},"categories":[6,5],"tags":[1299,2105,1329,2044,533],"class_list":["post-13205","post","type-post","status-publish","format-standard","hentry","category-belfold","category-kek-hirek","tag-allatkinzas","tag-gida","tag-kes","tag-oz","tag-recsk"],"_links":{"self":[{"href":"https:\/\/www.agriatv.hu\/index.php?rest_route=\/wp\/v2\/posts\/13205","targetHints":{"allow":["GET"]}}],"collection":[{"href":"https:\/\/www.agriatv.hu\/index.php?rest_route=\/wp\/v2\/posts"}],"about":[{"href":"https:\/\/www.agriatv.hu\/index.php?rest_route=\/wp\/v2\/types\/post"}],"author":[{"embeddable":true,"href":"https:\/\/www.agriatv.hu\/index.php?rest_route=\/wp\/v2\/users\/4"}],"replies":[{"embeddable":true,"href":"https:\/\/www.agriatv.hu\/index.php?rest_route=%2Fwp%2Fv2%2Fcomments&post=13205"}],"version-history":[{"count":1,"href":"https:\/\/www.agriatv.hu\/index.php?rest_route=\/wp\/v2\/posts\/13205\/revisions"}],"predecessor-version":[{"id":13207,"href":"https:\/\/www.agriatv.hu\/index.php?rest_route=\/wp\/v2\/posts\/13205\/revisions\/13207"}],"wp:attachment":[{"href":"https:\/\/www.agriatv.hu\/index.php?rest_route=%2Fwp%2Fv2%2Fmedia&parent=13205"}],"wp:term":[{"taxonomy":"category","embeddable":true,"href":"https:\/\/www.agriatv.hu\/index.php?rest_route=%2Fwp%2Fv2%2Fcategories&post=13205"},{"taxonomy":"post_tag","embeddable":true,"href":"https:\/\/www.agriatv.hu\/index.php?rest_route=%2Fwp%2Fv2%2Ftags&post=13205"}],"curies":[{"name":"wp","href":"https:\/\/api.w.org\/{rel}","templated":true}]}}