{"id":13219,"date":"2014-09-16T12:05:19","date_gmt":"2014-09-16T12:05:19","guid":{"rendered":"http:\/\/www.agriatv.hu\/?p=13219"},"modified":"2014-10-02T12:09:31","modified_gmt":"2014-10-02T12:09:31","slug":"eelhivas","status":"publish","type":"post","link":"https:\/\/www.agriatv.hu\/?p=13219","title":{"rendered":"Felh\u00edv\u00e1s"},"content":{"rendered":"<p style=\"text-align: justify;\"><a href=\"https:\/\/www.agriatv.hu\/wp-content\/uploads\/2014\/10\/evk.png\"><img loading=\"lazy\" decoding=\"async\" class=\"size-medium wp-image-13220\" src=\"https:\/\/www.agriatv.hu\/wp-content\/uploads\/2014\/10\/evk-300x43.png\" alt=\"evk\" width=\"300\" height=\"43\" srcset=\"https:\/\/www.agriatv.hu\/wp-content\/uploads\/2014\/10\/evk-300x43.png 300w, https:\/\/www.agriatv.hu\/wp-content\/uploads\/2014\/10\/evk.png 986w\" sizes=\"auto, (max-width: 300px) 100vw, 300px\" \/><\/a>A Minisztereln\u00f6ks\u00e9get vezet\u0151 miniszter 1\/2014. (IX. 15.) MvM rendelete<\/p>\n<p style=\"text-align: justify;\">az Eur\u00f3pai Mez\u0151gazdas\u00e1gi Vid\u00e9kfejleszt\u00e9si Alapb\u00f3l finansz\u00edrozott egyes agr\u00e1rt\u00e1mogat\u00e1si t\u00e1rgy\u00fa miniszteri rendeletek m\u00f3dos\u00edt\u00e1s\u00e1r\u00f3l.<\/p>\n<p style=\"text-align: justify;\">\u00a0<strong>Az Eur\u00f3pai Mez\u0151gazdas\u00e1gi Vid\u00e9kfejleszt\u00e9si Alapb\u00f3l a mikrov\u00e1llalkoz\u00e1sok l\u00e9trehoz\u00e1s\u00e1ra \u00e9s fejleszt\u00e9s\u00e9re LEADER Helyi Akci\u00f3csoportok k\u00f6zrem\u0171k\u00f6d\u00e9s\u00e9vel 2012-ben ny\u00fajtand\u00f3 t\u00e1mogat\u00e1sok <\/strong>r\u00e9szletes felt\u00e9teleir\u0151l sz\u00f3l\u00f3 47\/2012. (V. 11.) VM rendelet m\u00f3dos\u00edt\u00e1sa<\/p>\n<ol style=\"text-align: justify;\" start=\"3\">\n<li>\u00a7 (1) Az Eur\u00f3pai Mez\u0151gazdas\u00e1gi Vid\u00e9kfejleszt\u00e9si Alapb\u00f3l a mikrov\u00e1llalkoz\u00e1sok l\u00e9trehoz\u00e1s\u00e1ra \u00e9s fejleszt\u00e9s\u00e9re LEADER Helyi Akci\u00f3csoportok k\u00f6zrem\u0171k\u00f6d\u00e9s\u00e9vel 2012-ben ny\u00fajtand\u00f3 t\u00e1mogat\u00e1sok r\u00e9szletes felt\u00e9teleir\u0151l sz\u00f3l\u00f3 47\/2012. (V. 11.)<\/li>\n<\/ol>\n<p style=\"text-align: justify;\">VM rendelet [a tov\u00e1bbiakban: 47\/2012. (V. 11.) VM rendelet] 4. \u00a7 (5) bekezd\u00e9se hely\u00e9be a k\u00f6vetkez\u0151 rendelkez\u00e9s l\u00e9p:<\/p>\n<p style=\"text-align: justify;\">\u201e(5) A Vhr. 25. \u00a7 (2) bekezd\u00e9s\u00e9ben foglaltakt\u00f3l elt\u00e9r\u0151en,<\/p>\n<ol style=\"text-align: justify;\">\n<li>a) az \u00fcgyf\u00e9lnek a t\u00e1mogat\u00e1si hat\u00e1rozat k\u00f6zl\u00e9s\u00e9t\u0151l sz\u00e1m\u00edtott k\u00e9t \u00e9ven bel\u00fcl,<\/li>\n<li>b) annak az \u00fcgyf\u00e9lnek, aki 2015. m\u00e1rcius 31. napj\u00e1t megel\u0151z\u0151 k\u00e9t \u00e9ven bel\u00fcl veszi k\u00e9zhez a t\u00e1mogat\u00e1si hat\u00e1rozatot,<\/li>\n<\/ol>\n<p style=\"text-align: justify;\">az a) pont szerinti hat\u00e1rid\u0151re tekintet n\u00e9lk\u00fcl 2015. m\u00e1rcius 31. napj\u00e1ig kell a m\u0171veletet megval\u00f3s\u00edtania.\u201d<\/p>\n<p style=\"text-align: justify;\">(2) A 47\/2012. (V. 11.) VM rendelet 12. \u00a7-a a k\u00f6vetkez\u0151 (3) bekezd\u00e9ssel eg\u00e9sz\u00fcl ki:<\/p>\n<p style=\"text-align: justify;\">\u201e(3) A Vhr. 17. \u00a7 (3) bekezd\u00e9s\u00e9ben foglaltakt\u00f3l elt\u00e9r\u0151en,<\/p>\n<ol style=\"text-align: justify;\">\n<li>a) az \u00fcgyf\u00e9lnek a m\u0171velet megval\u00f3sul\u00e1s\u00e1t k\u00f6vet\u0151 hat h\u00f3napon bel\u00fcl,<\/li>\n<li>b) annak az \u00fcgyf\u00e9lnek, aki 2015. m\u00e1jus 31. napj\u00e1t megel\u0151z\u0151 hat h\u00f3napon bel\u00fcl val\u00f3s\u00edtja meg a m\u0171veletet, az a) pont<\/li>\n<\/ol>\n<p style=\"text-align: justify;\">szerinti hat\u00e1rid\u0151re tekintet n\u00e9lk\u00fcl 2015. m\u00e1jus 31. napj\u00e1ig<\/p>\n<p style=\"text-align: justify;\">kell az utols\u00f3 kifizet\u00e9si k\u00e9relmet beny\u00fajtania.\u201d<\/p>\n<p style=\"text-align: justify;\">(3) A 47\/2012. (V. 11.) VM rendelet 9. Z\u00e1r\u00f3 rendelkez\u00e9sek alc\u00edme a k\u00f6vetkez\u0151 15\/A. \u00a7-sal eg\u00e9sz\u00fcl ki:<\/p>\n<p style=\"text-align: justify;\">\u201e15\/A. \u00a7 Az Eur\u00f3pai Mez\u0151gazdas\u00e1gi Vid\u00e9kfejleszt\u00e9si Alapb\u00f3l finansz\u00edrozott egyes agr\u00e1rt\u00e1mogat\u00e1si t\u00e1rgy\u00fa miniszteri<\/p>\n<p style=\"text-align: justify;\">rendeletek m\u00f3dos\u00edt\u00e1s\u00e1r\u00f3l sz\u00f3l\u00f3 1\/2014. (IX. 15.) MvM rendelettel [a tov\u00e1bbiakban: 1\/2014. (IX. 15.) MvM rendelet]<\/p>\n<ol style=\"text-align: justify;\" start=\"4\">\n<li>a) meg\u00e1llap\u00edtott 4. \u00a7 (5) bekezd\u00e9st, 12. \u00a7 (3) bekezd\u00e9st az 1\/2014. (IX. 15.) MvM rendelet hat\u00e1lybal\u00e9p\u00e9sekor<\/li>\n<\/ol>\n<p style=\"text-align: justify;\">folyamatban l\u00e9v\u0151 \u00fcgyekben is alkalmazni kell,<\/p>\n<ol style=\"text-align: justify;\" start=\"4\">\n<li>b) hat\u00e1lyon k\u00edv\u00fcl helyezett 4. \u00a7 (6) bekezd\u00e9st az 1\/2014. (IX. 15.) MvM rendelet hat\u00e1lybal\u00e9p\u00e9sekor folyamatban l\u00e9v\u0151<\/li>\n<\/ol>\n<p style=\"text-align: justify;\">\u00fcgyekben sem kell alkalmazni.\u201d<\/p>\n<ol style=\"text-align: justify;\" start=\"4\">\n<li>\u00a7 Hat\u00e1ly\u00e1t veszti a 47\/2012. (V. 11.) VM rendelet 4. \u00a7 (6) bekezd\u00e9se.<\/li>\n<li>Az Eur\u00f3pai Mez\u0151gazdas\u00e1gi Vid\u00e9kfejleszt\u00e9si Alapb\u00f3l a mez\u0151gazdas\u00e1gi term\u00e9kek \u00e9rt\u00e9kn\u00f6vel\u00e9s\u00e9hez<\/li>\n<\/ol>\n<p style=\"text-align: justify;\">a 2012. \u00e9vben ny\u00fajtand\u00f3 t\u00e1mogat\u00e1sok r\u00e9szletes felt\u00e9teleir\u0151l sz\u00f3l\u00f3 49\/2012. (V. 22.) VM rendelet m\u00f3dos\u00edt\u00e1sa<\/p>\n<ol style=\"text-align: justify;\" start=\"5\">\n<li>\u00a7 (1) Az Eur\u00f3pai Mez\u0151gazdas\u00e1gi Vid\u00e9kfejleszt\u00e9si Alapb\u00f3l a mez\u0151gazdas\u00e1gi term\u00e9kek \u00e9rt\u00e9kn\u00f6vel\u00e9s\u00e9hez a 2012. \u00e9vben<\/li>\n<\/ol>\n<p style=\"text-align: justify;\">ny\u00fajtand\u00f3 t\u00e1mogat\u00e1sok r\u00e9szletes felt\u00e9teleir\u0151l sz\u00f3l\u00f3 49\/2012. (V. 22.) VM rendelet [a tov\u00e1bbiakban: 49\/2012. (V. 22.)<\/p>\n<p style=\"text-align: justify;\">VM rendelet] 4. \u00a7 (5) bekezd\u00e9se hely\u00e9be a k\u00f6vetkez\u0151 rendelkez\u00e9s l\u00e9p:<\/p>\n<p style=\"text-align: justify;\">\u201e(5) A Vhr. 25. \u00a7 (2) bekezd\u00e9s\u00e9ben foglaltakt\u00f3l elt\u00e9r\u0151en,<\/p>\n<ol style=\"text-align: justify;\">\n<li>az \u00fcgyf\u00e9lnek a t\u00e1mogat\u00e1si hat\u00e1rozat k\u00f6zl\u00e9s\u00e9t\u0151l sz\u00e1m\u00edtott k\u00e9t \u00e9ven bel\u00fcl.<\/li>\n<\/ol>\n<p style=\"text-align: justify;\">Forr\u00e1s: <a href=\"http:\/\/www.evk-egysulet.hu\">www.evk-egysulet.hu<\/a><\/p>\n<p style=\"text-align: justify;\">\n","protected":false},"excerpt":{"rendered":"<p>A Minisztereln\u00f6ks\u00e9get vezet\u0151 miniszter 1\/2014. (IX. 15.) MvM rendelete<br \/>\naz Eur\u00f3pai Mez\u0151gazdas\u00e1gi Vid\u00e9kfejleszt\u00e9si Alapb\u00f3l finansz\u00edrozott egyes agr\u00e1rt\u00e1mogat\u00e1si t\u00e1rgy\u00fa miniszteri rendeletek m\u00f3dos\u00edt\u00e1s\u00e1r\u00f3l.<br \/>\n\u00a0Az Eur\u00f3pai Mez\u0151gazdas\u00e1gi Vid\u00e9kfejleszt\u00e9si Alapb\u00f3l a mikrov\u00e1llalkoz\u00e1sok l\u00e9trehoz\u00e1s\u00e1ra \u00e9s fejleszt\u00e9s\u00e9re LEADER Helyi Akci\u00f3csoportok k\u00f6zrem\u0171k\u00f6d\u00e9s\u00e9vel 2012-ben ny\u00fajtand\u00f3 t\u00e1mogat\u00e1sok r\u00e9szletes felt\u00e9teleir\u0151l sz\u00f3l\u00f3 47\/2012. (V. 11.) VM rendelet m\u00f3dos\u00edt\u00e1sa<\/p>\n<p>\u00a7 (1) Az Eur\u00f3pai Mez\u0151gazdas\u00e1gi Vid\u00e9kfejleszt\u00e9si Alapb\u00f3l a mikrov\u00e1llalkoz\u00e1sok l\u00e9trehoz\u00e1s\u00e1ra \u00e9s [&#8230;]<\/p>\n","protected":false},"author":4,"featured_media":0,"comment_status":"closed","ping_status":"closed","sticky":false,"template":"","format":"standard","meta":{"footnotes":""},"categories":[6,450],"tags":[1615],"class_list":["post-13219","post","type-post","status-publish","format-standard","hentry","category-belfold","category-gazdasag-2","tag-evk"],"_links":{"self":[{"href":"https:\/\/www.agriatv.hu\/index.php?rest_route=\/wp\/v2\/posts\/13219","targetHints":{"allow":["GET"]}}],"collection":[{"href":"https:\/\/www.agriatv.hu\/index.php?rest_route=\/wp\/v2\/posts"}],"about":[{"href":"https:\/\/www.agriatv.hu\/index.php?rest_route=\/wp\/v2\/types\/post"}],"author":[{"embeddable":true,"href":"https:\/\/www.agriatv.hu\/index.php?rest_route=\/wp\/v2\/users\/4"}],"replies":[{"embeddable":true,"href":"https:\/\/www.agriatv.hu\/index.php?rest_route=%2Fwp%2Fv2%2Fcomments&post=13219"}],"version-history":[{"count":2,"href":"https:\/\/www.agriatv.hu\/index.php?rest_route=\/wp\/v2\/posts\/13219\/revisions"}],"predecessor-version":[{"id":13222,"href":"https:\/\/www.agriatv.hu\/index.php?rest_route=\/wp\/v2\/posts\/13219\/revisions\/13222"}],"wp:attachment":[{"href":"https:\/\/www.agriatv.hu\/index.php?rest_route=%2Fwp%2Fv2%2Fmedia&parent=13219"}],"wp:term":[{"taxonomy":"category","embeddable":true,"href":"https:\/\/www.agriatv.hu\/index.php?rest_route=%2Fwp%2Fv2%2Fcategories&post=13219"},{"taxonomy":"post_tag","embeddable":true,"href":"https:\/\/www.agriatv.hu\/index.php?rest_route=%2Fwp%2Fv2%2Ftags&post=13219"}],"curies":[{"name":"wp","href":"https:\/\/api.w.org\/{rel}","templated":true}]}}