{"id":13229,"date":"2014-10-04T14:48:13","date_gmt":"2014-10-04T14:48:13","guid":{"rendered":"http:\/\/www.agriatv.hu\/?p=13229"},"modified":"2014-10-04T14:48:13","modified_gmt":"2014-10-04T14:48:13","slug":"felnemet-a-szolot-es-a-bort-unneplik","status":"publish","type":"post","link":"https:\/\/www.agriatv.hu\/?p=13229","title":{"rendered":"Feln\u00e9met: a sz\u0151l\u0151t \u00e9s a bort \u00fcnneplik"},"content":{"rendered":"<p style=\"text-align: justify;\"><strong><a href=\"https:\/\/www.agriatv.hu\/wp-content\/uploads\/2014\/10\/1004felnemet_szuret_v.jpg\"><img loading=\"lazy\" decoding=\"async\" class=\"alignleft  wp-image-13230\" src=\"https:\/\/www.agriatv.hu\/wp-content\/uploads\/2014\/10\/1004felnemet_szuret_v-300x240.jpg\" alt=\"1004felnemet_szuret_v\" width=\"106\" height=\"85\" srcset=\"https:\/\/www.agriatv.hu\/wp-content\/uploads\/2014\/10\/1004felnemet_szuret_v-300x240.jpg 300w, https:\/\/www.agriatv.hu\/wp-content\/uploads\/2014\/10\/1004felnemet_szuret_v-100x80.jpg 100w, https:\/\/www.agriatv.hu\/wp-content\/uploads\/2014\/10\/1004felnemet_szuret_v.jpg 720w\" sizes=\"auto, (max-width: 106px) 100vw, 106px\" \/><\/a>Huszadik alkalommal rendezi meg Feln\u00e9meten a sz\u0151l\u0151 \u00e9s a bor \u00fcnnep\u00e9t. <\/strong>A v\u00e1rosr\u00e9szben is nagy hagyom\u00e1nya van a termeszt\u00e9snek \u00e9s a borok k\u00e9sz\u00edt\u00e9s\u00e9nek. Ezen a h\u00e9tv\u00e9g\u00e9n meg\u00e1ldott\u00e1k a sz\u00fcreti koszor\u00fat a templomban, \u00f6sszem\u00e9rt\u00e9k a helyi borok min\u0151s\u00e9g\u00e9t a zs\u0171ri el\u0151tt \u00e9s megmutatt\u00e1k t\u00e1nctud\u00e1sukat az iskola tanul\u00f3i is. A t\u00f6bb napos rendezv\u00e9nyt sz\u00fcreti b\u00e1llal z\u00e1rj\u00e1k.<div class=\"wordtube\">\n<div class=\"wordtube single1341\" id=\"WT1_1\" style=\"width:320px; height:240px;\">\n<a href=\"http:\/\/www.macromedia.com\/go\/getflashplayer\">Get the Flash Player<\/a> to see the wordTube Media Player.\n<\/div><\/div>\n\t<script type=\"text\/javascript\" defer=\"defer\">\nvar WT1_1 = {\n\tparams : {\n\t\twmode : \"opaque\",\n\t\tallowscriptaccess : \"always\",\n\t\tallownetworking : \"all\",\n\t\tallowfullscreen : \"true\"},\n\tflashvars : {\n\t\tfile : \"http%3A%2F%2Fwww.agriatv.hu%2Fwp-content%2Fuploads%2F2014%2F10%2F1004felnemet_szuret.flv\",\n\t\tvolume : \"80\",\n\t\tbufferlength : \"5\",\n\t\tquality : \"false\",\n\t\t'logo.hide' : \"false\",\n\t\timage : \"http%3A%2F%2Fwww.agriatv.hu%2Fwp-content%2Fuploads%2F2014%2F10%2F1004felnemet_szuret.Still002.jpg\",\n\t\ttitle : \"1004felnemet_szuret.flv\",\n\t\tlinktarget : \"_self\"},\n\tattr : {\n\t\tid : \"WT1\",\n\t\tname : \"WT1\"},\n\tstart : function() {\n\t\tswfobject.embedSWF(\"https:\/\/www.agriatv.hu\/\/player.swf\", \"WT1_1\", \"320\", \"240\", \"9.0.0\", false, this.flashvars, this.params , this.attr );\n\t}\n}\nWT1_1.start();\n\t<\/script>\n<\/p>\n","protected":false},"excerpt":{"rendered":"<p>Huszadik alkalommal rendezi meg Feln\u00e9meten a sz\u0151l\u0151 \u00e9s a bor \u00fcnnep\u00e9t. A v\u00e1rosr\u00e9szben is nagy hagyom\u00e1nya van a termeszt\u00e9snek \u00e9s a borok k\u00e9sz\u00edt\u00e9s\u00e9nek. Ezen a h\u00e9tv\u00e9g\u00e9n meg\u00e1ldott\u00e1k a sz\u00fcreti koszor\u00fat a templomban, \u00f6sszem\u00e9rt\u00e9k a helyi borok min\u0151s\u00e9g\u00e9t a zs\u0171ri el\u0151tt \u00e9s megmutatt\u00e1k t\u00e1nctud\u00e1sukat az iskola tanul\u00f3i is. A t\u00f6bb napos rendezv\u00e9nyt sz\u00fcreti b\u00e1llal z\u00e1rj\u00e1k.<\/p>\n","protected":false},"author":4,"featured_media":0,"comment_status":"closed","ping_status":"closed","sticky":false,"template":"","format":"standard","meta":{"footnotes":""},"categories":[6,450,8,4],"tags":[160,1583,93,159],"class_list":["post-13229","post","type-post","status-publish","format-standard","hentry","category-belfold","category-gazdasag-2","category-kultura","category-szabadido","tag-bor","tag-felnemet","tag-kultura-2","tag-szolo"],"_links":{"self":[{"href":"https:\/\/www.agriatv.hu\/index.php?rest_route=\/wp\/v2\/posts\/13229","targetHints":{"allow":["GET"]}}],"collection":[{"href":"https:\/\/www.agriatv.hu\/index.php?rest_route=\/wp\/v2\/posts"}],"about":[{"href":"https:\/\/www.agriatv.hu\/index.php?rest_route=\/wp\/v2\/types\/post"}],"author":[{"embeddable":true,"href":"https:\/\/www.agriatv.hu\/index.php?rest_route=\/wp\/v2\/users\/4"}],"replies":[{"embeddable":true,"href":"https:\/\/www.agriatv.hu\/index.php?rest_route=%2Fwp%2Fv2%2Fcomments&post=13229"}],"version-history":[{"count":1,"href":"https:\/\/www.agriatv.hu\/index.php?rest_route=\/wp\/v2\/posts\/13229\/revisions"}],"predecessor-version":[{"id":13231,"href":"https:\/\/www.agriatv.hu\/index.php?rest_route=\/wp\/v2\/posts\/13229\/revisions\/13231"}],"wp:attachment":[{"href":"https:\/\/www.agriatv.hu\/index.php?rest_route=%2Fwp%2Fv2%2Fmedia&parent=13229"}],"wp:term":[{"taxonomy":"category","embeddable":true,"href":"https:\/\/www.agriatv.hu\/index.php?rest_route=%2Fwp%2Fv2%2Fcategories&post=13229"},{"taxonomy":"post_tag","embeddable":true,"href":"https:\/\/www.agriatv.hu\/index.php?rest_route=%2Fwp%2Fv2%2Ftags&post=13229"}],"curies":[{"name":"wp","href":"https:\/\/api.w.org\/{rel}","templated":true}]}}