{"id":13235,"date":"2014-10-03T22:48:20","date_gmt":"2014-10-03T22:48:20","guid":{"rendered":"http:\/\/www.agriatv.hu\/?p=13235"},"modified":"2014-10-04T15:51:02","modified_gmt":"2014-10-04T15:51:02","slug":"eltevedt-turistakat-mentettek-az-egri-varban","status":"publish","type":"post","link":"https:\/\/www.agriatv.hu\/?p=13235","title":{"rendered":"Elt\u00e9vedt turist\u00e1kat mentettek az egri v\u00e1rban"},"content":{"rendered":"<div class=\"cikklead\" style=\"text-align: justify;\"><strong><a href=\"https:\/\/www.agriatv.hu\/wp-content\/uploads\/2014\/10\/1003katasztrofa_v.jpg\"><img loading=\"lazy\" decoding=\"async\" class=\"alignleft  wp-image-13236\" src=\"https:\/\/www.agriatv.hu\/wp-content\/uploads\/2014\/10\/1003katasztrofa_v-300x240.jpg\" alt=\"1003katasztrofa_v\" width=\"138\" height=\"110\" srcset=\"https:\/\/www.agriatv.hu\/wp-content\/uploads\/2014\/10\/1003katasztrofa_v-300x240.jpg 300w, https:\/\/www.agriatv.hu\/wp-content\/uploads\/2014\/10\/1003katasztrofa_v-100x80.jpg 100w, https:\/\/www.agriatv.hu\/wp-content\/uploads\/2014\/10\/1003katasztrofa_v.jpg 720w\" sizes=\"auto, (max-width: 138px) 100vw, 138px\" \/><\/a>F\u00f6ldreng\u00e9s miatt emberekre omlott egy \u00e9p\u00fclet Egerben, a G\u00e1rdonyi-h\u00e1z mellett p\u00e9nteken. A szakemberek a v\u00e1r pincerendszer\u00e9be is vonultak, ahol elt\u00e9vedt turistacsoportot kutattak fel. V\u00e1rosi vesz\u00e9lyeket szimul\u00e1ltak.<\/strong><\/div>\n<div class=\"cikkleft cikktext\" style=\"text-align: justify;\">\n<p>F\u00f6ldreng\u00e9s miatt emberekre omlott egy \u00e9p\u00fclet Egerben, a G\u00e1rdonyi-h\u00e1z mellett p\u00e9nteken. A romokb\u00f3l fal\u00e1tt\u00f6r\u00e9ssel, d\u00facol\u00e1ssal, az emeletr\u0151l alpintechnik\u00e1val \u00e9s keres\u0151kutya seg\u00edts\u00e9g\u00e9vel mentett\u00e9k ki \u0151ket a ment\u0151csoportok. A szakemberek nem sokkal k\u00e9s\u0151bb az egri v\u00e1r pincerendszer\u00e9be vonultak, ahol elt\u00e9vedt turistacsoportot kutattak fel \u00e9s seg\u00edtettek a bajba ker\u00fclt di\u00e1koknak a kijut\u00e1sban.<\/p>\n<p>Mindezt csak gyakorlat keret\u00e9ben, ugyanis k\u00e9tnapos nemzeti min\u0151s\u00edt\u0151 t\u00f6rzsvezet\u00e9si- \u00e9s terepgyakorlaton bizony\u00edtja tud\u00e1s\u00e1t Heves megye h\u00e9t ment\u0151csapata:\u00a0 a Dob\u00f3, a Gy\u00f6ngy, a Tarna, a B\u00e9lk\u0151, a Zagyva, a Rima-Lask\u00f3 \u00e9s a Hanyi.<br \/>\nA m\u0171veletet szombaton az egerszal\u00f3ki v\u00edzt\u00e1roz\u00f3 t\u00e9rs\u00e9g\u00e9ben folytatj\u00e1k. A ment\u0151csoportok feladata lesz a v\u00edzfel\u00fcletre ker\u00fclt szennyez\u0151 anyag elhat\u00e1rol\u00e1sa, mentes\u00edt\u00e9se, buzg\u00e1r elfog\u00e1sa, hull\u00e1mver\u00e9s elleni v\u00e9delem \u00e9s ny\u00falg\u00e1t ki\u00e9p\u00edt\u00e9se. Ezt speci\u00e1lis tud\u00e1s\u00e1val, technikai eszk\u00f6z\u00f6kkel seg\u00edti az Agria Speci\u00e1lis Ment\u0151 \u00e9s T\u0171zolt\u00f3 Csoport, s a K\u00e9kes Kutat\u00f3 Ment\u0151 Alap\u00edtv\u00e1ny.<br \/>\nHa a csoportok teljes\u00edtik a felt\u00e9teleket, akkor val\u00f3di k\u00e1rhelyen \u00f6n\u00e1ll\u00f3an is beavatkozhatnak a j\u00f6v\u0151ben.<\/p>\n<p>Az \u00e1llampolg\u00e1rok biztons\u00e1g\u00e9rzete \u00e9s a k\u00f6z\u00f6ss\u00e9gi felel\u0151ss\u00e9gv\u00e1llal\u00e1s ker\u00fclt el\u0151t\u00e9rbe akkor, amikor a tavalyi \u00e9vben megalakult a megye 7 j\u00e1r\u00e1s\u00e1b\u00f3l 6-ban egy-egy olyan ter\u00fcleti rendeltet\u00e9s\u0171 ment\u0151csoport, mely els\u0151dlegesen a saj\u00e1t ter\u00fclet\u00e9n, de sz\u00fcks\u00e9g szerint b\u00e1rhol a megy\u00e9ben tudja seg\u00edteni a hivat\u00e1sos szervek munk\u00e1j\u00e1t. Id\u00e9n \u0151sszel megalakult az Egri j\u00e1r\u00e1sban a Dob\u00f3 Ment\u0151csoport is, melynek tagjai a Vit\u00e9zl\u0151 Oskola, a Bornemisza Cserk\u00e9szcsapat, a Nagyt\u00e1lya \u00d6TE \u00e9s a B\u00fav\u00e1r- \u00e9s V\u00edzi Sport Klub.<\/p>\n<p>P\u00e9nteken \u00e9jf\u00e9lkor a megyei f\u0151\u00fcgyelet riasztotta a gyakorlat els\u0151 napj\u00e1n r\u00e9szt vev\u0151\u00a0vezet\u0151ket. Reggel hat \u00f3r\u00e1ra kellett a riasztottaknak a megjel\u00f6lt tal\u00e1lkoz\u00e1si pontra bevonulni. A k\u00f6telez\u0151 felszerel\u00e9sek szeml\u00e9t \u00e9s munkav\u00e9delmi oktat\u00e1st k\u00f6vet\u0151en megkezd\u0151d\u00f6tt az \u00e9rdemi feladat v\u00e9gz\u00e9se. Nyolc \u00f3r\u00e1ra a gyakorlat minden r\u00e9sztvev\u0151je az egri G\u00e1rdonyi-h\u00e1z kertj\u00e9ben megkezdhette a tereprendez\u00e9st \u00e9s a b\u00e1zis\u00e9p\u00edt\u00e9st. A tereprendez\u00e9si feladatok k\u00f6z\u00f6tt szerepelt fav\u00e1g\u00e1s, cserje irt\u00e1s, s\u0151t egy akad\u00e1lyt k\u00e9pez\u0151 teljes vasl\u00e9pcs\u0151 elbont\u00e1sa is. F\u00e9l egykor S\u00f3s Istv\u00e1n Eger alpolg\u00e1rmestere nyitotta meg \u00fcnnep\u00e9lyesen a gyakorlatot.<\/p>\n<p>D\u00e9lut\u00e1n az el\u0151k\u00e9sz\u00fcleteket k\u00f6vet\u0151en kiz\u00e1r\u00f3lag v\u00e1rosi vesz\u00e9lyeket szimul\u00e1ltak. Ez alapj\u00e1n els\u0151 feladatk\u00e9nt egy kifel\u00e9 d\u0151l\u0151 h\u00e1zfal megt\u00e1maszt\u00e1sa szerepelt, szab\u00e1lyos d\u00facol\u00e1ssal. A felt\u00e9telezett helyzetnek megfelel\u0151en s\u00e9r\u00fcltek kiment\u00e9se is feladatk\u00e9nt jelentkezett egy f\u00f6ldreng\u00e9sben k\u00e1rosodott \u00e9p\u00fcletb\u0151l. A sikeres ment\u00e9s \u00e9rdek\u00e9ben alpin technik\u00e1s ment\u00e9st alkalmaztak emeltr\u0151l, valamint elz\u00e1rt ter\u00fcletre fal\u00e1tt\u00f6r\u00e9ssel jutottak be. A biztons\u00e1gos munkav\u00e9gz\u00e9s \u00e9rdek\u00e9ben az \u00e9p\u00fcletet bel\u00fclr\u0151l is al\u00e1 kellett d\u00facolni.<\/p>\n<div class=\"cikkpic\"><\/div>\n<p>Tov\u00e1bbi feladat volt, hogy elt\u00fcnt, s\u00e9r\u00fclt gyerekeket kellett felkutatni keres\u00e9sre kik\u00e9pzett kuty\u00e1kkal. Eger v\u00e1ros\u00e1ra jellemz\u0151 a kiterjedt pincerendszer, ez\u00e9rt a ment\u0151csapatok azt a feladatot kapt\u00e1k, hogy s\u00e9r\u00fclt gyerekeket mentsenek ki teljesen s\u00f6t\u00e9t k\u00f6rnyezetb\u0151l. Ezeket a k\u00f6r\u00fclm\u00e9nyeket az Egri V\u00e1r kazamata rendszer\u00e9ben imit\u00e1ltuk. A feladatot nehez\u00edtette, hogy a s\u00e9r\u00fclteket egy sz\u0171k, kanyarg\u00f3s l\u00e9pcs\u0151n kereszt\u00fcl kellett kimenteni.<\/p>\n<p>Szombaton\u00a0az Egerszal\u00f3ki v\u00edzt\u00e1roz\u00f3n\u00e1l folytat\u00f3dik a gyakorlat, ahol \u00e1rv\u00edzi \u00e9s a vizek k\u00e1rt\u00e9telei elleni v\u00e9dekez\u00e9sb\u0151l adnak sz\u00e1mot a ment\u0151csoportok: feladataik k\u00f6z\u00f3tt szerepel t\u00f6bbek k\u00f6z\u00f6tt ny\u0171lg\u00e1t \u00e9p\u00edt\u00e9s, a v\u00e9dm\u0171vek bord\u00e1s megt\u00e1maszt\u00e1sa, j\u00e1szolg\u00e1t-\u00e9p\u00edt\u00e9s, buzg\u00e1r elfojt\u00e1s \u00e9s f\u00f3li\u00e1z\u00e1s.<\/p>\n<p>Forr\u00e1s: <a href=\"heol.hu\">Heol<\/a><\/p>\n<div class=\"minipadtop\"><\/div>\n<p><strong><div class=\"wordtube\">\n<div class=\"wordtube single1343\" id=\"WT1_1\" style=\"width:320px; height:240px;\">\n<a href=\"http:\/\/www.macromedia.com\/go\/getflashplayer\">Get the Flash Player<\/a> to see the wordTube Media Player.\n<\/div><\/div>\n\t<script type=\"text\/javascript\" defer=\"defer\">\nvar WT1_1 = {\n\tparams : {\n\t\twmode : \"opaque\",\n\t\tallowscriptaccess : \"always\",\n\t\tallownetworking : \"all\",\n\t\tallowfullscreen : \"true\"},\n\tflashvars : {\n\t\tfile : \"http%3A%2F%2Fwww.agriatv.hu%2Fwp-content%2Fuploads%2F2014%2F10%2F1003katasztrofa.flv\",\n\t\tvolume : \"80\",\n\t\tbufferlength : \"5\",\n\t\tquality : \"false\",\n\t\t'logo.hide' : \"false\",\n\t\timage : \"http%3A%2F%2Fwww.agriatv.hu%2Fwp-content%2Fuploads%2F2014%2F10%2F1003katasztrofa.Still001.jpg\",\n\t\ttitle : \"1003katasztrofa.flv\",\n\t\tlinktarget : \"_self\"},\n\tattr : {\n\t\tid : \"WT1\",\n\t\tname : \"WT1\"},\n\tstart : function() {\n\t\tswfobject.embedSWF(\"https:\/\/www.agriatv.hu\/\/player.swf\", \"WT1_1\", \"320\", \"240\", \"9.0.0\", false, this.flashvars, this.params , this.attr );\n\t}\n}\nWT1_1.start();\n\t<\/script>\n<\/strong><\/div>\n","protected":false},"excerpt":{"rendered":"<p>F\u00f6ldreng\u00e9s miatt emberekre omlott egy \u00e9p\u00fclet Egerben, a G\u00e1rdonyi-h\u00e1z mellett p\u00e9nteken. A szakemberek a v\u00e1r pincerendszer\u00e9be is vonultak, ahol elt\u00e9vedt turistacsoportot kutattak fel. V\u00e1rosi vesz\u00e9lyeket szimul\u00e1ltak.<\/p>\n<p>F\u00f6ldreng\u00e9s miatt emberekre omlott egy \u00e9p\u00fclet Egerben, a G\u00e1rdonyi-h\u00e1z mellett p\u00e9nteken. A romokb\u00f3l fal\u00e1tt\u00f6r\u00e9ssel, d\u00facol\u00e1ssal, az emeletr\u0151l alpintechnik\u00e1val \u00e9s keres\u0151kutya seg\u00edts\u00e9g\u00e9vel mentett\u00e9k ki \u0151ket a ment\u0151csoportok. A szakemberek nem sokkal [&#8230;]<\/p>\n","protected":false},"author":4,"featured_media":0,"comment_status":"closed","ping_status":"closed","sticky":false,"template":"","format":"standard","meta":{"footnotes":""},"categories":[1],"tags":[],"class_list":["post-13235","post","type-post","status-publish","format-standard","hentry","category-nincs-kategorizalva"],"_links":{"self":[{"href":"https:\/\/www.agriatv.hu\/index.php?rest_route=\/wp\/v2\/posts\/13235","targetHints":{"allow":["GET"]}}],"collection":[{"href":"https:\/\/www.agriatv.hu\/index.php?rest_route=\/wp\/v2\/posts"}],"about":[{"href":"https:\/\/www.agriatv.hu\/index.php?rest_route=\/wp\/v2\/types\/post"}],"author":[{"embeddable":true,"href":"https:\/\/www.agriatv.hu\/index.php?rest_route=\/wp\/v2\/users\/4"}],"replies":[{"embeddable":true,"href":"https:\/\/www.agriatv.hu\/index.php?rest_route=%2Fwp%2Fv2%2Fcomments&post=13235"}],"version-history":[{"count":1,"href":"https:\/\/www.agriatv.hu\/index.php?rest_route=\/wp\/v2\/posts\/13235\/revisions"}],"predecessor-version":[{"id":13237,"href":"https:\/\/www.agriatv.hu\/index.php?rest_route=\/wp\/v2\/posts\/13235\/revisions\/13237"}],"wp:attachment":[{"href":"https:\/\/www.agriatv.hu\/index.php?rest_route=%2Fwp%2Fv2%2Fmedia&parent=13235"}],"wp:term":[{"taxonomy":"category","embeddable":true,"href":"https:\/\/www.agriatv.hu\/index.php?rest_route=%2Fwp%2Fv2%2Fcategories&post=13235"},{"taxonomy":"post_tag","embeddable":true,"href":"https:\/\/www.agriatv.hu\/index.php?rest_route=%2Fwp%2Fv2%2Ftags&post=13235"}],"curies":[{"name":"wp","href":"https:\/\/api.w.org\/{rel}","templated":true}]}}