{"id":13308,"date":"2014-10-25T15:41:10","date_gmt":"2014-10-25T15:41:10","guid":{"rendered":"http:\/\/www.agriatv.hu\/?p=13308"},"modified":"2014-10-25T15:41:10","modified_gmt":"2014-10-25T15:41:10","slug":"kapunk-plusz-egy-orat","status":"publish","type":"post","link":"https:\/\/www.agriatv.hu\/?p=13308","title":{"rendered":"Kapunk plusz egy \u00f3r\u00e1t"},"content":{"rendered":"<div class=\"cikklead\">\n<p><a href=\"http:\/\/www.heol.hu\/heves\/kozelet\/kapunk-plusz-egy-orat-578212\"><img loading=\"lazy\" decoding=\"async\" class=\"alignleft\" src=\"http:\/\/www.heol.hu\/lapokkepek\/cikkek\/index\/578000\/578212_1.jpg\" alt=\"\" width=\"111\" height=\"74\" \/><\/a><strong>Ugye milyen sokszor emlegetj\u00fck \u00e9v k\u00f6zben, hogy de j\u00f3 lenne m\u00e9g egy \u00f3ra a naphoz? Most megkapjuk, de ilyen csak egyszer van egy \u00e9vben, \u00fagyhogy haszn\u00e1ljuk ki!<\/strong><\/p>\n<\/div>\n<div class=\"cikkleft cikktext\">\n<p>Az \u00f3ra\u00e1t\u00e1ll\u00edt\u00e1ssal egy mesters\u00e9gesen meghosszabb\u00edtott 25 \u00f3r\u00e1s napot kapunk, ez az emberek t\u00f6bbs\u00e9g\u00e9re n\u00e9zve kedvez\u0151, de \u00edgy is id\u0151be telik, am\u00edg szervezet\u00fcnk hozz\u00e1szokik a t\u00e9li id\u0151sz\u00e1m\u00edt\u00e1shoz.<\/p>\n<p class=\"folyt\">Vas\u00e1rnapra virrad\u00f3ra 3-r\u00f3l 2 \u00f3r\u00e1ra kell \u00e1t\u00e1ll\u00edtani a ketyeg\u0151ket. A MAVIR Magyar Villamosenergia-ipari \u00c1tviteli Rendszerir\u00e1ny\u00edt\u00f3 ZRt. ennek sz\u00fcks\u00e9gess\u00e9g\u00e9t \u00edgy indokolja: becsl\u00e9seik szerint \u00e9vente egy nagyobb v\u00e1ros villamosenergia-fogyaszt\u00e1s\u00e1t takar\u00edthatjuk meg azzal, hogy egy \u00f3r\u00e1val vissza\u00e1ll\u00edtjuk az \u00f3r\u00e1ink mutat\u00f3it. \u00cdgy ez esztend\u0151ben okt\u00f3ber 26-\u00e1n visszat\u00e9r\u00fcnk a norm\u00e1l vagy t\u00e9linek is nevezett id\u0151sz\u00e1m\u00edt\u00e1sra.<\/p>\n<p>Magyarorsz\u00e1g 1980 \u00f3ta megk\u00f6zel\u00edt\u0151leg 4000 gigawatt\u00f3ra villamosenergi\u00e1t takar\u00edtott meg az \u00f3ra\u00e1t\u00e1ll\u00edt\u00e1ssal, pontosabban a ny\u00e1ri id\u0151sz\u00e1m\u00edt\u00e1s hat\u00e1sak\u00e9nt \u2013 der\u00fcl ki a MAVIR ZRt. \u00e9vtizedek \u00f3ta gy\u0171jt\u00f6tt adataib\u00f3l. Az okt\u00f3ber v\u00e9g\u00e9ig tart\u00f3 ny\u00e1ri id\u0151sz\u00e1m\u00edt\u00e1s egyik legnagyobb el\u0151nye az \u00e9vi mintegy 120 gigawatt\u00f3ra fel nem haszn\u00e1lt energia, ami egy nagyobb v\u00e1ros, azaz mintegy 30\u201340 ezer h\u00e1ztart\u00e1s \u00e9ves fogyaszt\u00e1s\u00e1nak felel meg.<\/p>\n<p>Az Eur\u00f3p\u00e1ban egys\u00e9gesen alkalmazott \u00f3ra\u00e1ll\u00edt\u00e1si m\u00f3dszer azon alapszik, hogy a lakoss\u00e1g szok\u00e1sos \u00e9brenl\u00e9ti id\u0151szaka \u2013 reggel 7 \u00e9s este 10 \u00f3ra k\u00f6z\u00f6tt \u2013 jobban egybeessen a term\u00e9szetes nappali vil\u00e1goss\u00e1g idej\u00e9vel. Az egy \u00f3r\u00e1val hosszabb term\u00e9szetes vil\u00e1g\u00edt\u00e1s hasznos p\u00e9ld\u00e1ul az iskolai, munkahelyi tev\u00e9kenys\u00e9g befejez\u00e9se ut\u00e1n, a szabadid\u0151s, illetve az otthoni programok id\u0151pontjai kitolhat\u00f3k. A tavaszi \u00f3ra\u00e1ll\u00edt\u00e1skor jelent\u0151sen cs\u00f6kken a hazai villamosenergia-rendszer esti terhel\u00e9se, hiszen k\u00e9s\u0151bb s\u00f6t\u00e9tedik, ez\u00e1ltal k\u00e9s\u0151bb kapcsoljuk fel a vil\u00e1g\u00edt\u00e1st. Az \u00f3r\u00e1k okt\u00f3ber v\u00e9gi vissza\u00e1ll\u00edt\u00e1s\u00e1t k\u00f6vet\u0151en ugyan hamarabb s\u00f6t\u00e9tedik, de ez \u2013 \u00f6sszevetve azzal az id\u0151ponttal, amikor jellemz\u0151en haza\u00e9rkez\u00fcnk \u2013 nem okoz t\u00f6bbletfogyaszt\u00e1st.<\/p>\n<p>\u2013 Visszas\u00edrom a nyarat, amikor arra \u00e9bredtem, hogy s\u00fct a Nap. Erre most: reggel s\u00f6t\u00e9tben indulok el itthonr\u00f3l, este pedig s\u00f6t\u00e9tben \u00e9rkezem. Alig v\u00e1rom, hogy ez v\u00e1ltozzon \u2013 panaszkodott a minap egy anyuka az egri buszp\u00e1lyaudvaron, s v\u00e9lem\u00e9ny\u00e9vel nem volt egyed\u00fcl.<\/p>\n<p>Noha az \u00f3ra\u00e1t\u00e1ll\u00edt\u00e1ssal kapunk egy plusz \u00f3r\u00e1t, az emberi szervezet az\u00e9rt nem alkalmazkodik olyan gyorsan a v\u00e1ltoz\u00e1sokhoz. A szakemberek szerint az \u00f3ra\u00e1t\u00e1ll\u00edt\u00e1s hat\u00e1sa kort\u00f3l f\u00fcggetlen\u00fcl mindenkit \u00e9rint, de tal\u00e1n a t\u00e9li id\u0151sz\u00e1m\u00edt\u00e1s kicsit jobb hat\u00e1ssal lehet az emberekre.<\/p>\n<p>\u2013 Az \u00f3ra\u00e1t\u00e1ll\u00edt\u00e1snak term\u00e9szetesen vannak kihat\u00e1sai a szervezet\u00fcnkre, a biol\u00f3giai \u00f3r\u00e1nkra \u2013 magyar\u00e1zta lapunk k\u00e9rd\u00e9s\u00e9re dr. Semj\u00e9n Judit, a Markhot Ferenc K\u00f3rh\u00e1z Neurol\u00f3giai Oszt\u00e1ly\u00e1nak vezet\u0151 f\u0151orvosa. \u2013 Az \u00e1t\u00e1ll\u00e1s kihat a k\u00f6vetkez\u0151 napokra is, az alv\u00e1s \u00e9s \u00e9brenl\u00e9t ritmusunk megv\u00e1ltozik, de ehhez most r\u00f6vid id\u0151 alatt hozz\u00e1szokhatunk, nem \u00fagy, mint tavasszal. Ez az okt\u00f3beri \u00f3ra\u00e1t\u00e1ll\u00edt\u00e1s pszich\u00e9sen tal\u00e1n jobb hat\u00e1ssal van r\u00e1nk, tov\u00e1bb van vil\u00e1gos, nem s\u00f6t\u00e9tben kell felkelni, ami a gyermekek sz\u00e1m\u00e1ra is mindenk\u00e9ppen pozit\u00edv. Egyed\u00fcl, akiket kellemetlen\u00fcl \u00e9rinthet, azok az \u00e9jszakai m\u0171szakban dolgoz\u00f3k, mert nekik t\u00f6bb id\u0151t kell munk\u00e1val t\u00f6lteni \u2013 mondta a f\u0151orvos.<\/p>\n<p>A\u00a0vas\u00e1rnapi \u00f3ra\u00e1t\u00e1ll\u00edt\u00e1s az\u00e9rt val\u00f3sz\u00edn\u0171leg sokakat m\u00e9gis \u00f6r\u00f6mmel t\u00f6lthet el, hiszen ez az \u00e9jszak\u00e1nk hosszabb lesz egy \u00f3r\u00e1val, ennyivel t\u00f6bbet alhatunk vagy, amihez kedv\u00fcnk van\u2026<\/p>\n<p><strong>Harmincn\u00e9gy \u00e9ve tekergetj\u00fck a mutat\u00f3kat<\/strong><\/p>\n<p>Az \u00f3ra\u00e1t\u00e1ll\u00edt\u00e1s el\u0151sz\u00f6r 1976-ban, h\u00e1rom \u00e9vvel az els\u0151 olaj\u00e1rrobban\u00e1s ut\u00e1n vezett\u00e9k be Franciaorsz\u00e1gban. A hat\u00f3s\u00e1gok a l\u00e9p\u00e9st azzal indokolt\u00e1k, hogy ezzel az akci\u00f3val 300 ezer tonna k\u0151olajnak megfelel\u0151 energia megtakar\u00edt\u00e1s \u00e9rhet\u0151 el. Magyarorsz\u00e1gon 1980 \u00f3ta alkalmazz\u00e1k \u00e9vr\u0151l-\u00e9vre a ny\u00e1ri id\u0151sz\u00e1m\u00edt\u00e1st, amelynek szint\u00e9n az volt a c\u00e9lja, hogy energi\u00e1t sp\u00f3roljunk meg. A ny\u00e1ri-t\u00e9li id\u0151sz\u00e1m\u00edt\u00e1st jelenleg egy korm\u00e1nyrendelet szab\u00e1lyozza, amelyet az Eur\u00f3pai Uni\u00f3 tag\u00e1llamaiban \u00e9rv\u00e9nyes szab\u00e1lyhoz igaz\u00edtottak. Eszerint a ny\u00e1ri id\u0151sz\u00e1m\u00edt\u00e1s minden \u00e9v m\u00e1rcius utols\u00f3 vas\u00e1rnapj\u00e1n kezd\u0151dik \u00e9s okt\u00f3ber utols\u00f3 vas\u00e1rnapj\u00e1ig tart.<br \/>\nForr\u00e1s: <a href=\"heol.hu\">HEOL<\/a><\/p>\n<div class=\"minipadtop\"><\/div>\n<\/div>\n","protected":false},"excerpt":{"rendered":"<p>Ugye milyen sokszor emlegetj\u00fck \u00e9v k\u00f6zben, hogy de j\u00f3 lenne m\u00e9g egy \u00f3ra a naphoz? Most megkapjuk, de ilyen csak egyszer van egy \u00e9vben, \u00fagyhogy haszn\u00e1ljuk ki!<\/p>\n<p>Az \u00f3ra\u00e1t\u00e1ll\u00edt\u00e1ssal egy mesters\u00e9gesen meghosszabb\u00edtott 25 \u00f3r\u00e1s napot kapunk, ez az emberek t\u00f6bbs\u00e9g\u00e9re n\u00e9zve kedvez\u0151, de \u00edgy is id\u0151be telik, am\u00edg szervezet\u00fcnk hozz\u00e1szokik a t\u00e9li id\u0151sz\u00e1m\u00edt\u00e1shoz.<br \/>\nVas\u00e1rnapra virrad\u00f3ra 3-r\u00f3l 2 [&#8230;]<\/p>\n","protected":false},"author":4,"featured_media":0,"comment_status":"closed","ping_status":"closed","sticky":false,"template":"","format":"standard","meta":{"footnotes":""},"categories":[6,450],"tags":[579,2115],"class_list":["post-13308","post","type-post","status-publish","format-standard","hentry","category-belfold","category-gazdasag-2","tag-energia","tag-ora"],"_links":{"self":[{"href":"https:\/\/www.agriatv.hu\/index.php?rest_route=\/wp\/v2\/posts\/13308","targetHints":{"allow":["GET"]}}],"collection":[{"href":"https:\/\/www.agriatv.hu\/index.php?rest_route=\/wp\/v2\/posts"}],"about":[{"href":"https:\/\/www.agriatv.hu\/index.php?rest_route=\/wp\/v2\/types\/post"}],"author":[{"embeddable":true,"href":"https:\/\/www.agriatv.hu\/index.php?rest_route=\/wp\/v2\/users\/4"}],"replies":[{"embeddable":true,"href":"https:\/\/www.agriatv.hu\/index.php?rest_route=%2Fwp%2Fv2%2Fcomments&post=13308"}],"version-history":[{"count":1,"href":"https:\/\/www.agriatv.hu\/index.php?rest_route=\/wp\/v2\/posts\/13308\/revisions"}],"predecessor-version":[{"id":13309,"href":"https:\/\/www.agriatv.hu\/index.php?rest_route=\/wp\/v2\/posts\/13308\/revisions\/13309"}],"wp:attachment":[{"href":"https:\/\/www.agriatv.hu\/index.php?rest_route=%2Fwp%2Fv2%2Fmedia&parent=13308"}],"wp:term":[{"taxonomy":"category","embeddable":true,"href":"https:\/\/www.agriatv.hu\/index.php?rest_route=%2Fwp%2Fv2%2Fcategories&post=13308"},{"taxonomy":"post_tag","embeddable":true,"href":"https:\/\/www.agriatv.hu\/index.php?rest_route=%2Fwp%2Fv2%2Ftags&post=13308"}],"curies":[{"name":"wp","href":"https:\/\/api.w.org\/{rel}","templated":true}]}}