{"id":13353,"date":"2014-10-30T13:07:46","date_gmt":"2014-10-30T13:07:46","guid":{"rendered":"http:\/\/www.agriatv.hu\/?p=13353"},"modified":"2014-10-30T13:07:46","modified_gmt":"2014-10-30T13:07:46","slug":"rendorok-a-temetok-kornyeken","status":"publish","type":"post","link":"https:\/\/www.agriatv.hu\/?p=13353","title":{"rendered":"Rend\u0151r\u00f6k a temet\u0151k k\u00f6rny\u00e9k\u00e9n"},"content":{"rendered":"<div class=\"field field-name-field-lead field-type-text-long field-label-hidden\">\n<div class=\"field-items\">\n<div class=\"field-item even\" style=\"text-align: justify;\"><strong><a href=\"https:\/\/www.agriatv.hu\/wp-content\/uploads\/2013\/04\/himzettgolya2.jpg\"><img loading=\"lazy\" decoding=\"async\" class=\"alignleft  wp-image-9940\" src=\"https:\/\/www.agriatv.hu\/wp-content\/uploads\/2013\/04\/himzettgolya2-217x300.jpg\" alt=\"himzettgolya2\" width=\"123\" height=\"170\" srcset=\"https:\/\/www.agriatv.hu\/wp-content\/uploads\/2013\/04\/himzettgolya2-217x300.jpg 217w, https:\/\/www.agriatv.hu\/wp-content\/uploads\/2013\/04\/himzettgolya2.jpg 640w\" sizes=\"auto, (max-width: 123px) 100vw, 123px\" \/><\/a>Heves megy\u00e9ben is seg\u00edtik a rend\u0151r\u00f6k a balesetmentes k\u00f6zleked\u00e9st, \u00e9s kiemelten \u00f3vj\u00e1k a temet\u0151k k\u00f6rny\u00e9k\u00e9nek biztons\u00e1g\u00e1t.<\/strong><\/div>\n<\/div>\n<\/div>\n<div class=\"field field-name-field-szovegtorzs field-type-text-long field-label-hidden\">\n<div class=\"field-items\">\n<div class=\"field-item even\">\n<p style=\"text-align: justify;\">Mindenszentek \u00e9s Halottak Napj\u00e1val \u00f6sszef\u00fcgg\u00e9sben v\u00e1rhat\u00f3an a szok\u00e1sosn\u00e1l t\u00f6bben kelnek \u00fatra, hogy ler\u00f3j\u00e1k kegyelet\u00fcket megy\u00e9nk telep\u00fcl\u00e9sein l\u00e9v\u0151 temet\u0151kben.<\/p>\n<p style=\"text-align: justify;\">A megn\u00f6veked\u0151 forgalom kezel\u00e9se, a balesetvesz\u00e9ly cs\u00f6kkent\u00e9se, a megeml\u00e9kez\u00e9s nyugalm\u00e1t vesz\u00e9lyeztet\u0151 b\u0171ncselekm\u00e9nyek megel\u0151z\u00e9se, a temet\u0151k \u00e9s azok k\u00f6rny\u00e9ke k\u00f6zrendj\u00e9nek \u00e9s k\u00f6zbiztons\u00e1g\u00e1nak fenntart\u00e1sa \u00e9rdek\u00e9ben, ez \u00e9vben is kiemelten kezeli megy\u00e9nk valamennyi rend\u0151ri szerve az ehhez kapcsol\u00f3d\u00f3 feladatokat.<\/p>\n<p style=\"text-align: justify;\">A f\u0151\u00fatvonalakon, a temet\u0151kh\u00f6z vezet\u0151 utakon fokozott k\u00f6zleked\u00e9srend\u00e9szeti \u00e9s k\u00f6zrendv\u00e9delmi j\u00e1r\u0151rszolg\u00e1latot l\u00e1tnak el a rend\u0151r\u00f6k az elk\u00f6vetkezend\u0151 napokban, tov\u00e1bb\u00e1 a b\u0171n\u00fcgyi szolg\u00e1lat civil ruh\u00e1s szakemberei is visszat\u00e9r\u0151 ellen\u0151rz\u00e9seket fognak tartani. Megy\u00e9nk nagyobb temet\u0151inek k\u00f6rny\u00e9k\u00e9n, amennyiben sz\u00fcks\u00e9gess\u00e9 v\u00e1lik, az aut\u00f3forgalom ir\u00e1ny\u00edt\u00e1s\u00e1t is elv\u00e9gzik a rend\u0151r\u00f6k.<\/p>\n<p style=\"text-align: justify;\">A bevezetett rend\u0151ri, megel\u0151z\u0151 int\u00e9zked\u00e9sek mellett k\u00e9rj\u00fck a lakoss\u00e1got, hogy k\u00fcl\u00f6n\u00f6sen figyeljenek arra, hogy \u00e9rt\u00e9ket ne hagyjanak leparkolt aut\u00f3ikban, tov\u00e1bb\u00e1 a megszokottn\u00e1l is k\u00f6r\u00fcltekint\u0151bben \u00e9s \u00f3vatosabban k\u00f6zlekedjenek a k\u00f6vetkez\u0151 napokban.<\/p>\n<p style=\"text-align: justify;\">A temet\u0151kben is legyenek k\u00f6r\u00fcltekint\u0151ek, \u00f3vatosak, \u00e9rt\u00e9keiket, t\u00e1sk\u00e1ikat ne hagyj\u00e1k \u0151rizetlen\u00fcl, ne tegy\u00e9k le a s\u00edrokra, vagy azok mell\u00e9, mert ez k\u00f6nnyen szemet sz\u00farhat a tolvajoknak.<\/p>\n<p style=\"text-align: justify;\">A temet\u0151k k\u00f6rny\u00e9k\u00e9n is bizalommal fordulhatnak az ott szolg\u00e1latot teljes\u00edt\u0151 rend\u0151r\u00f6kh\u00f6z, akik minden k\u00e9rd\u00e9sben seg\u00edts\u00e9get ny\u00fajtanak.<\/p>\n<\/div>\n<\/div>\n<\/div>\n","protected":false},"excerpt":{"rendered":"<p>Heves megy\u00e9ben is seg\u00edtik a rend\u0151r\u00f6k a balesetmentes k\u00f6zleked\u00e9st, \u00e9s kiemelten \u00f3vj\u00e1k a temet\u0151k k\u00f6rny\u00e9k\u00e9nek biztons\u00e1g\u00e1t.<\/p>\n<p>Mindenszentek \u00e9s Halottak Napj\u00e1val \u00f6sszef\u00fcgg\u00e9sben v\u00e1rhat\u00f3an a szok\u00e1sosn\u00e1l t\u00f6bben kelnek \u00fatra, hogy ler\u00f3j\u00e1k kegyelet\u00fcket megy\u00e9nk telep\u00fcl\u00e9sein l\u00e9v\u0151 temet\u0151kben.<br \/>\nA megn\u00f6veked\u0151 forgalom kezel\u00e9se, a balesetvesz\u00e9ly cs\u00f6kkent\u00e9se, a megeml\u00e9kez\u00e9s nyugalm\u00e1t vesz\u00e9lyeztet\u0151 b\u0171ncselekm\u00e9nyek megel\u0151z\u00e9se, a temet\u0151k \u00e9s azok k\u00f6rny\u00e9ke k\u00f6zrendj\u00e9nek \u00e9s k\u00f6zbiztons\u00e1g\u00e1nak fenntart\u00e1sa \u00e9rdek\u00e9ben, [&#8230;]<\/p>\n","protected":false},"author":4,"featured_media":0,"comment_status":"closed","ping_status":"closed","sticky":false,"template":"","format":"standard","meta":{"footnotes":""},"categories":[6,5],"tags":[56,1121,122,705,1406],"class_list":["post-13353","post","type-post","status-publish","format-standard","hentry","category-belfold","category-kek-hirek","tag-biztonsag","tag-ellenorzes","tag-rendorseg","tag-segitseg","tag-temeto"],"_links":{"self":[{"href":"https:\/\/www.agriatv.hu\/index.php?rest_route=\/wp\/v2\/posts\/13353","targetHints":{"allow":["GET"]}}],"collection":[{"href":"https:\/\/www.agriatv.hu\/index.php?rest_route=\/wp\/v2\/posts"}],"about":[{"href":"https:\/\/www.agriatv.hu\/index.php?rest_route=\/wp\/v2\/types\/post"}],"author":[{"embeddable":true,"href":"https:\/\/www.agriatv.hu\/index.php?rest_route=\/wp\/v2\/users\/4"}],"replies":[{"embeddable":true,"href":"https:\/\/www.agriatv.hu\/index.php?rest_route=%2Fwp%2Fv2%2Fcomments&post=13353"}],"version-history":[{"count":1,"href":"https:\/\/www.agriatv.hu\/index.php?rest_route=\/wp\/v2\/posts\/13353\/revisions"}],"predecessor-version":[{"id":13354,"href":"https:\/\/www.agriatv.hu\/index.php?rest_route=\/wp\/v2\/posts\/13353\/revisions\/13354"}],"wp:attachment":[{"href":"https:\/\/www.agriatv.hu\/index.php?rest_route=%2Fwp%2Fv2%2Fmedia&parent=13353"}],"wp:term":[{"taxonomy":"category","embeddable":true,"href":"https:\/\/www.agriatv.hu\/index.php?rest_route=%2Fwp%2Fv2%2Fcategories&post=13353"},{"taxonomy":"post_tag","embeddable":true,"href":"https:\/\/www.agriatv.hu\/index.php?rest_route=%2Fwp%2Fv2%2Ftags&post=13353"}],"curies":[{"name":"wp","href":"https:\/\/api.w.org\/{rel}","templated":true}]}}