{"id":13355,"date":"2014-10-30T18:39:07","date_gmt":"2014-10-30T18:39:07","guid":{"rendered":"http:\/\/www.agriatv.hu\/?p=13355"},"modified":"2014-10-30T22:00:40","modified_gmt":"2014-10-30T22:00:40","slug":"mintegy-felezer-ember-a-netado-elleni-tuntetesen-egerben","status":"publish","type":"post","link":"https:\/\/www.agriatv.hu\/?p=13355","title":{"rendered":"Mintegy f\u00e9lezer ember a netad\u00f3 elleni t\u00fcntet\u00e9sen, Egerben"},"content":{"rendered":"<p><a href=\"https:\/\/www.agriatv.hu\/wp-content\/uploads\/2014\/10\/1030tuntetes_v.jpg\"><img loading=\"lazy\" decoding=\"async\" class=\"alignleft  wp-image-13356\" src=\"https:\/\/www.agriatv.hu\/wp-content\/uploads\/2014\/10\/1030tuntetes_v-300x240.jpg\" alt=\"1030tuntetes_v\" width=\"149\" height=\"119\" srcset=\"https:\/\/www.agriatv.hu\/wp-content\/uploads\/2014\/10\/1030tuntetes_v-300x240.jpg 300w, https:\/\/www.agriatv.hu\/wp-content\/uploads\/2014\/10\/1030tuntetes_v-100x80.jpg 100w, https:\/\/www.agriatv.hu\/wp-content\/uploads\/2014\/10\/1030tuntetes_v.jpg 720w\" sizes=\"auto, (max-width: 149px) 100vw, 149px\" \/><\/a><strong>F\u00e9l hatra hirdett\u00e9k, \u00e9s a kezd\u00e9sre mintegy 150 ember gy\u0171lt \u00f6ssze az internetad\u00f3 elleni t\u00fcntet\u00e9sen az egri Dob\u00f3 t\u00e9ren. <\/strong><\/p>\n<div id=\"zonakod_1626\" class=\"ad ad468\">\u00a0Azt tervezik, hogy a\u00a0r\u00e9sztvev\u0151k a Dob\u00f3 t\u00e9rr\u0151l \u00e1tvonulnak a R\u00e1k\u00f3czi \u00faton tal\u00e1lhat\u00f3 Fidesz sz\u00e9kh\u00e1zhoz \u00e9s ott elhelyezik a tiltakoz\u00e1s hardvereit.<\/div>\n<div class=\"cikkleft cikktext\">\n<p>A t\u00fcntet\u00e9st Tiltakozunk a korrupci\u00f3 ellen! Tiltakozunk az internetad\u00f3 ellen! c\u00edmmel hirdette meg a Tiszta Eger.<\/p>\n<p><strong>Friss\u00edt\u00e9s, 18.00: <\/strong>R\u00f6pke f\u00e9l \u00f3ra alatt megdupl\u00e1z\u00f3dott a r\u00e9sztvev\u0151k sz\u00e1ma a t\u00e9ren. A szervez\u0151k arra h\u00edvt\u00e1k fel a figyelmet, hogy ez egy b\u00e9k\u00e9s t\u00fcntet\u00e9s. K\u00e9rtek mindenkit, hogy ehhez tartsa mag\u00e1t, nehogy a f\u0151v\u00e1rosihoz hasonl\u00f3 er\u0151szakos cselekm\u00e9ny forduljon el\u0151. Azt is k\u00f6z\u00f6lt\u00e9k, hogy nem csak az internetad\u00f3 ellen sz\u00f3l a tiltakoz\u00e1s, hanem a korrupci\u00f3 miatt is.<\/p>\n<p>Felsz\u00f3lalt <strong>Sior,<\/strong> aki kifejezte csal\u00f3dotts\u00e1g\u00e1t a rendszerv\u00e1lt\u00e1sban. \u00dagy v\u00e9lekedett, hogy a kudarcok egyik oka, hogy mindenki m\u00e1sban keress\u00fck az okot. A felel\u0151ss\u00e9get a hib\u00e1k\u00e9rt, az elszalasztott lehet\u0151s\u00e9gek\u00e9rt\u00a0senki nem v\u00e1llalja fel. A magyarok joggal \u00e9rezhetik becsapottnak magukat a t\u00f6rt\u00e9ntek\u00e9rt.<\/p>\n<div class=\"cikkpic\">\u00a0<strong>18.10: <\/strong>Mintegy f\u00e9lezres, transzperensekkel \u00e9s z\u00e1szl\u00f3kkal felszerelkezett\u00a0t\u00f6meg indult el a Polg\u00e1rok H\u00e1z\u00e1hoz. A menetet rend\u0151r\u00f6k biztos\u00edtj\u00e1k.<\/div>\n<p><strong>18.35: <\/strong>A b\u00e9k\u00e9sen vonul\u00f3 t\u00f6meg \u00e1t\u00e9rt a polg\u00e1rok h\u00e1z\u00e1hoz. \u00fatk\u00f6zben azt skand\u00e1lt\u00e1k, hogy nem lesz netad\u00f3, illetve \u201eszabad orsz\u00e1g, szabad internet\u201d. Meg\u00e9rkezve Nyitrai Zsoltot hi\u00e1nyolt\u00e1k, aki annak idej\u00e9n igen hevesen tiltakozott a netad\u00f3 bevezet\u00e9s\u00e9nek szocialista terve ellen.<\/p>\n<p>Forr\u00e1s: <a href=\"heol.hu\">HEOL<\/a><\/p>\n<p><strong><div class=\"wordtube\">\n<div class=\"wordtube single1358\" id=\"WT1_1\" style=\"width:320px; height:240px;\">\n<a href=\"http:\/\/www.macromedia.com\/go\/getflashplayer\">Get the Flash Player<\/a> to see the wordTube Media Player.\n<\/div><\/div>\n\t<script type=\"text\/javascript\" defer=\"defer\">\nvar WT1_1 = {\n\tparams : {\n\t\twmode : \"opaque\",\n\t\tallowscriptaccess : \"always\",\n\t\tallownetworking : \"all\",\n\t\tallowfullscreen : \"true\"},\n\tflashvars : {\n\t\tfile : \"http%3A%2F%2Fwww.agriatv.hu%2Fwp-content%2Fuploads%2F2014%2F10%2F1030tuntetes.flv\",\n\t\tvolume : \"80\",\n\t\tbufferlength : \"5\",\n\t\tquality : \"false\",\n\t\t'logo.hide' : \"false\",\n\t\timage : \"http%3A%2F%2Fwww.agriatv.hu%2Fwp-content%2Fuploads%2F2014%2F10%2F1030tuntetes.Still002.jpg\",\n\t\ttitle : \"1030tuntetes\",\n\t\tlinktarget : \"_self\"},\n\tattr : {\n\t\tid : \"WT1\",\n\t\tname : \"WT1\"},\n\tstart : function() {\n\t\tswfobject.embedSWF(\"https:\/\/www.agriatv.hu\/\/player.swf\", \"WT1_1\", \"320\", \"240\", \"9.0.0\", false, this.flashvars, this.params , this.attr );\n\t}\n}\nWT1_1.start();\n\t<\/script>\n<\/strong><\/div>\n","protected":false},"excerpt":{"rendered":"<p>F\u00e9l hatra hirdett\u00e9k, \u00e9s a kezd\u00e9sre mintegy 150 ember gy\u0171lt \u00f6ssze az internetad\u00f3 elleni t\u00fcntet\u00e9sen az egri Dob\u00f3 t\u00e9ren.<br \/>\n\u00a0Azt tervezik, hogy a\u00a0r\u00e9sztvev\u0151k a Dob\u00f3 t\u00e9rr\u0151l \u00e1tvonulnak a R\u00e1k\u00f3czi \u00faton tal\u00e1lhat\u00f3 Fidesz sz\u00e9kh\u00e1zhoz \u00e9s ott elhelyezik a tiltakoz\u00e1s hardvereit.<\/p>\n<p>A t\u00fcntet\u00e9st Tiltakozunk a korrupci\u00f3 ellen! Tiltakozunk az internetad\u00f3 ellen! c\u00edmmel hirdette meg a Tiszta Eger.<br \/>\nFriss\u00edt\u00e9s, 18.00: [&#8230;]<\/p>\n","protected":false},"author":4,"featured_media":0,"comment_status":"closed","ping_status":"closed","sticky":false,"template":"","format":"standard","meta":{"footnotes":""},"categories":[6,3],"tags":[36,80,2117,78,29],"class_list":["post-13355","post","type-post","status-publish","format-standard","hentry","category-belfold","category-politika","tag-eger","tag-fidesz","tag-netado","tag-nyitrai-zsolt","tag-tuntetes"],"_links":{"self":[{"href":"https:\/\/www.agriatv.hu\/index.php?rest_route=\/wp\/v2\/posts\/13355","targetHints":{"allow":["GET"]}}],"collection":[{"href":"https:\/\/www.agriatv.hu\/index.php?rest_route=\/wp\/v2\/posts"}],"about":[{"href":"https:\/\/www.agriatv.hu\/index.php?rest_route=\/wp\/v2\/types\/post"}],"author":[{"embeddable":true,"href":"https:\/\/www.agriatv.hu\/index.php?rest_route=\/wp\/v2\/users\/4"}],"replies":[{"embeddable":true,"href":"https:\/\/www.agriatv.hu\/index.php?rest_route=%2Fwp%2Fv2%2Fcomments&post=13355"}],"version-history":[{"count":6,"href":"https:\/\/www.agriatv.hu\/index.php?rest_route=\/wp\/v2\/posts\/13355\/revisions"}],"predecessor-version":[{"id":13362,"href":"https:\/\/www.agriatv.hu\/index.php?rest_route=\/wp\/v2\/posts\/13355\/revisions\/13362"}],"wp:attachment":[{"href":"https:\/\/www.agriatv.hu\/index.php?rest_route=%2Fwp%2Fv2%2Fmedia&parent=13355"}],"wp:term":[{"taxonomy":"category","embeddable":true,"href":"https:\/\/www.agriatv.hu\/index.php?rest_route=%2Fwp%2Fv2%2Fcategories&post=13355"},{"taxonomy":"post_tag","embeddable":true,"href":"https:\/\/www.agriatv.hu\/index.php?rest_route=%2Fwp%2Fv2%2Ftags&post=13355"}],"curies":[{"name":"wp","href":"https:\/\/api.w.org\/{rel}","templated":true}]}}