{"id":13389,"date":"2014-11-06T19:58:03","date_gmt":"2014-11-06T19:58:03","guid":{"rendered":"http:\/\/www.agriatv.hu\/?p=13389"},"modified":"2014-11-06T19:58:03","modified_gmt":"2014-11-06T19:58:03","slug":"bicskaval-fenyegette-az-eladot-a-lopason-ert-ferfi","status":"publish","type":"post","link":"https:\/\/www.agriatv.hu\/?p=13389","title":{"rendered":"Bicsk\u00e1val fenyegette az elad\u00f3t a lop\u00e1son \u00e9rt f\u00e9rfi"},"content":{"rendered":"<div class=\"cikklead\" style=\"text-align: justify;\"><strong><a href=\"https:\/\/www.agriatv.hu\/wp-content\/uploads\/2014\/11\/1106keses_gyongyos_v.jpg\"><img loading=\"lazy\" decoding=\"async\" class=\"alignleft  wp-image-13390\" src=\"https:\/\/www.agriatv.hu\/wp-content\/uploads\/2014\/11\/1106keses_gyongyos_v-300x240.jpg\" alt=\"1106keses_gyongyos_v\" width=\"141\" height=\"113\" srcset=\"https:\/\/www.agriatv.hu\/wp-content\/uploads\/2014\/11\/1106keses_gyongyos_v-300x240.jpg 300w, https:\/\/www.agriatv.hu\/wp-content\/uploads\/2014\/11\/1106keses_gyongyos_v-100x80.jpg 100w, https:\/\/www.agriatv.hu\/wp-content\/uploads\/2014\/11\/1106keses_gyongyos_v.jpg 720w\" sizes=\"auto, (max-width: 141px) 100vw, 141px\" \/><\/a>H\u00e1rom gy\u00f6ngy\u00f6si \u00fczletben is tetten \u00e9rt\u00e9k a lop\u00e1st tervez\u0151 f\u00e9rfit egyetlen nap alatt.<\/strong><\/div>\n<div id=\"zonakod_1626\" class=\"ad ad468\" style=\"text-align: justify;\">A Heves Megyei Rend\u0151r-f\u0151kapit\u00e1nys\u00e1g \u00fcgyelet\u00e9re szerd\u00e1n 12 \u00f3ra 20 perckor \u00e9rkezett bejelent\u00e9s, miszerint egy gy\u00f6ngy\u00f6si \u00e9lelmiszer\u00fczletben tetten \u00e9rtek egy f\u00e9rfit, aki kozmetikai term\u00e9keket pr\u00f3b\u00e1lt meg eltulajdon\u00edtani.<\/div>\n<div class=\"cikkleft cikktext\" style=\"text-align: justify;\">\n<p>A bejelent\u0151 a helysz\u00ednen elmondta a rend\u0151r\u00f6knek, hogy egy f\u00e9rfi az \u00fczletben k\u00fcl\u00f6nb\u00f6z\u0151 kozmetikai term\u00e9keket \u00e9s gy\u00fcm\u00f6lcs\u00f6ket pr\u00f3b\u00e1lt meg eltulajdon\u00edtani, azonban ek\u00f6zben tetten \u00e9rte, majd a rakt\u00e1rhelys\u00e9gbe pr\u00f3b\u00e1lta bek\u00eds\u00e9rni egy ott dolgoz\u00f3.<\/p>\n<p>A f\u00e9rfi ek\u00f6zben egy bicsk\u00e1t vett el\u0151 a zseb\u00e9b\u0151l \u00e9s megpr\u00f3b\u00e1lta megsebes\u00edteni az \u0151t k\u00eds\u00e9r\u0151 elad\u00f3t, azonban s\u00e9r\u00fcl\u00e9seket nem tudott okozni, \u00edgy a rend\u0151rs\u00e9g ki\u00e9rkez\u00e9s\u00e9ig visszatartott\u00e1k.<\/p>\n<p>Az egyenruh\u00e1sok el\u0151\u00e1ll\u00edtott\u00e1k a Gy\u00f6ngy\u00f6si Rend\u0151rkapit\u00e1nys\u00e1gra F. Zolt\u00e1n 39 \u00e9ves helyi lakost, ahol ellene &#8211; \u0151rizetbe v\u00e9tele mellett &#8211; s\u00falyos testi s\u00e9rt\u00e9s b\u0171ntett k\u00eds\u00e9rlet\u00e9nek megalapozott gyan\u00faja miatt indult elj\u00e1r\u00e1s.Kider\u00fclt tov\u00e1bb\u00e1, hogy a f\u00e9rfi\u00a0 szerd\u00e1n a d\u00e9lel\u0151tti \u00f3r\u00e1kban k\u00e9t m\u00e1sik gy\u00f6ngy\u00f6si \u00fczletben is pr\u00f3b\u00e1lt meg kozmetikai szereket \u00e9s j\u00e1t\u00e9kokat eltulajdon\u00edtani, ahol szint\u00e9n tetten \u00e9rt\u00e9k az elad\u00f3k, azonban mind a k\u00e9tszer elszaladt a helysz\u00ednr\u0151l.<\/p>\n<p>Ezen esetek kapcs\u00e1n k\u00e9t rendbeli lop\u00e1s v\u00e9ts\u00e9g elk\u00f6vet\u00e9s\u00e9nek megalapozott gyan\u00faja miatt is elj\u00e1r\u00e1s indult a f\u00e9rfi ellen.<\/p>\n<\/div>\n<p style=\"text-align: justify;\"><strong><div class=\"wordtube\">\n<div class=\"wordtube single1362\" id=\"WT1_1\" style=\"width:320px; height:240px;\">\n<a href=\"http:\/\/www.macromedia.com\/go\/getflashplayer\">Get the Flash Player<\/a> to see the wordTube Media Player.\n<\/div><\/div>\n\t<script type=\"text\/javascript\" defer=\"defer\">\nvar WT1_1 = {\n\tparams : {\n\t\twmode : \"opaque\",\n\t\tallowscriptaccess : \"always\",\n\t\tallownetworking : \"all\",\n\t\tallowfullscreen : \"true\"},\n\tflashvars : {\n\t\tfile : \"http%3A%2F%2Fwww.agriatv.hu%2Fwp-content%2Fuploads%2F2014%2F11%2F1106keses_gyongyos.flv\",\n\t\tvolume : \"80\",\n\t\tbufferlength : \"5\",\n\t\tquality : \"false\",\n\t\t'logo.hide' : \"false\",\n\t\timage : \"http%3A%2F%2Fwww.agriatv.hu%2Fwp-content%2Fuploads%2F2014%2F11%2F1106keses_gyongyos.Still001.jpg\",\n\t\ttitle : \"1106keses_gyongyos.flv\",\n\t\tlinktarget : \"_self\"},\n\tattr : {\n\t\tid : \"WT1\",\n\t\tname : \"WT1\"},\n\tstart : function() {\n\t\tswfobject.embedSWF(\"https:\/\/www.agriatv.hu\/\/player.swf\", \"WT1_1\", \"320\", \"240\", \"9.0.0\", false, this.flashvars, this.params , this.attr );\n\t}\n}\nWT1_1.start();\n\t<\/script>\n<\/strong><\/p>\n","protected":false},"excerpt":{"rendered":"<p>H\u00e1rom gy\u00f6ngy\u00f6si \u00fczletben is tetten \u00e9rt\u00e9k a lop\u00e1st tervez\u0151 f\u00e9rfit egyetlen nap alatt.<br \/>\nA Heves Megyei Rend\u0151r-f\u0151kapit\u00e1nys\u00e1g \u00fcgyelet\u00e9re szerd\u00e1n 12 \u00f3ra 20 perckor \u00e9rkezett bejelent\u00e9s, miszerint egy gy\u00f6ngy\u00f6si \u00e9lelmiszer\u00fczletben tetten \u00e9rtek egy f\u00e9rfit, aki kozmetikai term\u00e9keket pr\u00f3b\u00e1lt meg eltulajdon\u00edtani.<\/p>\n<p>A bejelent\u0151 a helysz\u00ednen elmondta a rend\u0151r\u00f6knek, hogy egy f\u00e9rfi az \u00fczletben k\u00fcl\u00f6nb\u00f6z\u0151 kozmetikai term\u00e9keket \u00e9s gy\u00fcm\u00f6lcs\u00f6ket pr\u00f3b\u00e1lt [&#8230;]<\/p>\n","protected":false},"author":4,"featured_media":0,"comment_status":"closed","ping_status":"closed","sticky":false,"template":"","format":"standard","meta":{"footnotes":""},"categories":[5],"tags":[235,1329,242,122],"class_list":["post-13389","post","type-post","status-publish","format-standard","hentry","category-kek-hirek","tag-gyongyos","tag-kes","tag-lopas","tag-rendorseg"],"_links":{"self":[{"href":"https:\/\/www.agriatv.hu\/index.php?rest_route=\/wp\/v2\/posts\/13389","targetHints":{"allow":["GET"]}}],"collection":[{"href":"https:\/\/www.agriatv.hu\/index.php?rest_route=\/wp\/v2\/posts"}],"about":[{"href":"https:\/\/www.agriatv.hu\/index.php?rest_route=\/wp\/v2\/types\/post"}],"author":[{"embeddable":true,"href":"https:\/\/www.agriatv.hu\/index.php?rest_route=\/wp\/v2\/users\/4"}],"replies":[{"embeddable":true,"href":"https:\/\/www.agriatv.hu\/index.php?rest_route=%2Fwp%2Fv2%2Fcomments&post=13389"}],"version-history":[{"count":1,"href":"https:\/\/www.agriatv.hu\/index.php?rest_route=\/wp\/v2\/posts\/13389\/revisions"}],"predecessor-version":[{"id":13391,"href":"https:\/\/www.agriatv.hu\/index.php?rest_route=\/wp\/v2\/posts\/13389\/revisions\/13391"}],"wp:attachment":[{"href":"https:\/\/www.agriatv.hu\/index.php?rest_route=%2Fwp%2Fv2%2Fmedia&parent=13389"}],"wp:term":[{"taxonomy":"category","embeddable":true,"href":"https:\/\/www.agriatv.hu\/index.php?rest_route=%2Fwp%2Fv2%2Fcategories&post=13389"},{"taxonomy":"post_tag","embeddable":true,"href":"https:\/\/www.agriatv.hu\/index.php?rest_route=%2Fwp%2Fv2%2Ftags&post=13389"}],"curies":[{"name":"wp","href":"https:\/\/api.w.org\/{rel}","templated":true}]}}