{"id":13419,"date":"2014-11-11T17:39:52","date_gmt":"2014-11-11T17:39:52","guid":{"rendered":"http:\/\/www.agriatv.hu\/?p=13419"},"modified":"2014-11-11T19:48:29","modified_gmt":"2014-11-11T19:48:29","slug":"marton-nap-az-ovi-varban","status":"publish","type":"post","link":"https:\/\/www.agriatv.hu\/?p=13419","title":{"rendered":"M\u00e1rton nap az Ovi-V\u00e1rban"},"content":{"rendered":"<p style=\"text-align: justify;\"><strong><a href=\"https:\/\/www.agriatv.hu\/wp-content\/uploads\/2014\/11\/1111ovoda._v.jpg\"><img loading=\"lazy\" decoding=\"async\" class=\"alignleft  wp-image-13422\" src=\"https:\/\/www.agriatv.hu\/wp-content\/uploads\/2014\/11\/1111ovoda._v-300x240.jpg\" alt=\"1111ovoda._v\" width=\"128\" height=\"102\" srcset=\"https:\/\/www.agriatv.hu\/wp-content\/uploads\/2014\/11\/1111ovoda._v-300x240.jpg 300w, https:\/\/www.agriatv.hu\/wp-content\/uploads\/2014\/11\/1111ovoda._v-100x80.jpg 100w, https:\/\/www.agriatv.hu\/wp-content\/uploads\/2014\/11\/1111ovoda._v.jpg 720w\" sizes=\"auto, (max-width: 128px) 100vw, 128px\" \/><\/a>M\u00e1r hagyom\u00e1nny\u00e1 v\u00e1lt a M\u00e1rton napi \u00fcnnepl\u00e9s az egri Ovi-V\u00e1r \u00f3vod\u00e1ban.<\/strong><\/p>\n<p style=\"text-align: justify;\">N\u00e9gy \u00e9vvel ezel\u0151tt indult \u00fatj\u00e1ra a kezdem\u00e9nyez\u00e9s, els\u0151 alkalommal Fazekas Mih\u00e1ly:Ludas Matyi c\u00edm\u0171 m\u0171v\u00e9t adt\u00e1k el\u0151 a k\u00f6rzet \u00f3vod\u00e1sainak. A k\u00f6z\u00f6ns\u00e9g nyitott volt a vid\u00e1m el\u0151ad\u00e1sra, az igazs\u00e1goszt\u00f3 Ludas Matyira \u00e9s a p\u00f3rul j\u00e1rt D\u00f6br\u00f6gire mindenki figyelt. A nagy lakom\u00e1n \u2013 libatepert\u0151, libacomb \u00e9s forr\u00f3 tea volt.<\/p>\n<p style=\"text-align: justify;\">Az id\u00e9n a liba\u00f3lak voltak porondon.<\/p>\n<p style=\"text-align: justify;\">K\u00fcl\u00f6nb\u00f6z\u0151 helysz\u00edneken m\u00e1s-m\u00e1s tev\u00e9kenys\u00e9ggel kedveskedtek az \u00f3vod\u00e1soknak.<\/p>\n<p style=\"text-align: justify;\">Interakt\u00edv j\u00e1t\u00e9k a gyerekekkel, lib\u00e1s \u00fcgyess\u00e9gi j\u00e1t\u00e9kok: libateke, kirak\u00f3, libacs\u0151r\u00f6s elkap\u00f3, \u00fatveszt\u0151, t\u00e1rsasj\u00e1t\u00e9k, Sportvet\u00e9lked\u0151 \u201eNe kukoric\u00e1zz!\u201d c\u00edmmel. A\u00a0 gyerekek m\u00e9g a libatollal val\u00f3 fest\u00e9st is kipr\u00f3b\u00e1lhatt\u00e1k.<\/p>\n<p style=\"text-align: justify;\">Egy kedves sz\u00fcl\u0151 \u00e1ltal k\u00e9sz\u00edtett libaform\u00e1j\u00fa m\u00e1zas s\u00fctem\u00e9ny aj\u00e1nd\u00e9koz\u00e1sa z\u00e1rja az idei M\u00e1rton napot az Ovi-V\u00e1r Tag\u00f3vod\u00e1ban.<strong><div class=\"wordtube\">\n<div class=\"wordtube single1367\" id=\"WT1_1\" style=\"width:320px; height:240px;\">\n<a href=\"http:\/\/www.macromedia.com\/go\/getflashplayer\">Get the Flash Player<\/a> to see the wordTube Media Player.\n<\/div><\/div>\n\t<script type=\"text\/javascript\" defer=\"defer\">\nvar WT1_1 = {\n\tparams : {\n\t\twmode : \"opaque\",\n\t\tallowscriptaccess : \"always\",\n\t\tallownetworking : \"all\",\n\t\tallowfullscreen : \"true\"},\n\tflashvars : {\n\t\tfile : \"http%3A%2F%2Fwww.agriatv.hu%2Fwp-content%2Fuploads%2F2014%2F11%2F1111ovoda.flv\",\n\t\tvolume : \"80\",\n\t\tbufferlength : \"5\",\n\t\tquality : \"false\",\n\t\t'logo.hide' : \"false\",\n\t\timage : \"http%3A%2F%2Fwww.agriatv.hu%2Fwp-content%2Fuploads%2F2014%2F11%2F1111ovoda.Still001.jpg\",\n\t\ttitle : \"1111ovoda.flv\",\n\t\tlinktarget : \"_self\"},\n\tattr : {\n\t\tid : \"WT1\",\n\t\tname : \"WT1\"},\n\tstart : function() {\n\t\tswfobject.embedSWF(\"https:\/\/www.agriatv.hu\/\/player.swf\", \"WT1_1\", \"320\", \"240\", \"9.0.0\", false, this.flashvars, this.params , this.attr );\n\t}\n}\nWT1_1.start();\n\t<\/script>\n<\/strong><\/p>\n","protected":false},"excerpt":{"rendered":"<p>M\u00e1r hagyom\u00e1nny\u00e1 v\u00e1lt a M\u00e1rton napi \u00fcnnepl\u00e9s az egri Ovi-V\u00e1r \u00f3vod\u00e1ban.<br \/>\nN\u00e9gy \u00e9vvel ezel\u0151tt indult \u00fatj\u00e1ra a kezdem\u00e9nyez\u00e9s, els\u0151 alkalommal Fazekas Mih\u00e1ly:Ludas Matyi c\u00edm\u0171 m\u0171v\u00e9t adt\u00e1k el\u0151 a k\u00f6rzet \u00f3vod\u00e1sainak. A k\u00f6z\u00f6ns\u00e9g nyitott volt a vid\u00e1m el\u0151ad\u00e1sra, az igazs\u00e1goszt\u00f3 Ludas Matyira \u00e9s a p\u00f3rul j\u00e1rt D\u00f6br\u00f6gire mindenki figyelt. A nagy lakom\u00e1n \u2013 libatepert\u0151, libacomb \u00e9s forr\u00f3 [&#8230;]<\/p>\n","protected":false},"author":4,"featured_media":0,"comment_status":"closed","ping_status":"closed","sticky":false,"template":"","format":"standard","meta":{"footnotes":""},"categories":[9,4],"tags":[36,2130,2129],"class_list":["post-13419","post","type-post","status-publish","format-standard","hentry","category-oktatas","category-szabadido","tag-eger","tag-martonnap","tag-ovi-var"],"_links":{"self":[{"href":"https:\/\/www.agriatv.hu\/index.php?rest_route=\/wp\/v2\/posts\/13419","targetHints":{"allow":["GET"]}}],"collection":[{"href":"https:\/\/www.agriatv.hu\/index.php?rest_route=\/wp\/v2\/posts"}],"about":[{"href":"https:\/\/www.agriatv.hu\/index.php?rest_route=\/wp\/v2\/types\/post"}],"author":[{"embeddable":true,"href":"https:\/\/www.agriatv.hu\/index.php?rest_route=\/wp\/v2\/users\/4"}],"replies":[{"embeddable":true,"href":"https:\/\/www.agriatv.hu\/index.php?rest_route=%2Fwp%2Fv2%2Fcomments&post=13419"}],"version-history":[{"count":4,"href":"https:\/\/www.agriatv.hu\/index.php?rest_route=\/wp\/v2\/posts\/13419\/revisions"}],"predecessor-version":[{"id":13424,"href":"https:\/\/www.agriatv.hu\/index.php?rest_route=\/wp\/v2\/posts\/13419\/revisions\/13424"}],"wp:attachment":[{"href":"https:\/\/www.agriatv.hu\/index.php?rest_route=%2Fwp%2Fv2%2Fmedia&parent=13419"}],"wp:term":[{"taxonomy":"category","embeddable":true,"href":"https:\/\/www.agriatv.hu\/index.php?rest_route=%2Fwp%2Fv2%2Fcategories&post=13419"},{"taxonomy":"post_tag","embeddable":true,"href":"https:\/\/www.agriatv.hu\/index.php?rest_route=%2Fwp%2Fv2%2Ftags&post=13419"}],"curies":[{"name":"wp","href":"https:\/\/api.w.org\/{rel}","templated":true}]}}