{"id":13425,"date":"2014-11-13T15:55:49","date_gmt":"2014-11-13T15:55:49","guid":{"rendered":"http:\/\/www.agriatv.hu\/?p=13425"},"modified":"2014-11-13T15:55:49","modified_gmt":"2014-11-13T15:55:49","slug":"sulimoped-program-indul","status":"publish","type":"post","link":"https:\/\/www.agriatv.hu\/?p=13425","title":{"rendered":"Sulimoped program indul"},"content":{"rendered":"<p><a href=\"https:\/\/www.agriatv.hu\/wp-content\/uploads\/2013\/04\/himzettgolya2.jpg\"><img loading=\"lazy\" decoding=\"async\" class=\"alignleft  wp-image-9940\" src=\"https:\/\/www.agriatv.hu\/wp-content\/uploads\/2013\/04\/himzettgolya2-217x300.jpg\" alt=\"himzettgolya2\" width=\"132\" height=\"182\" srcset=\"https:\/\/www.agriatv.hu\/wp-content\/uploads\/2013\/04\/himzettgolya2-217x300.jpg 217w, https:\/\/www.agriatv.hu\/wp-content\/uploads\/2013\/04\/himzettgolya2.jpg 640w\" sizes=\"auto, (max-width: 132px) 100vw, 132px\" \/><\/a>A 2012\/2013-as tan\u00e9vben az Orsz\u00e1gos Rend\u0151r-f\u0151kapit\u00e1nys\u00e1g Orsz\u00e1gos Baleset-megel\u0151z\u00e9si Bizotts\u00e1ga 5 megy\u00e9ben (B\u00e9k\u00e9s, N\u00f3gr\u00e1d, Borsod-Aba\u00faj-Zempl\u00e9n, Szabolcs-Szatm\u00e1r-Bereg \u00e9s Pest) k\u00eds\u00e9rleti jelleggel ind\u00edtotta el a <strong>\u201eSuliMoped\u201d<\/strong> elnevez\u00e9s\u0171 programot.<\/p>\n<p><strong>A program c\u00e9lja, hogy \u00e1ltal\u00e1nos iskol\u00e1s di\u00e1kok az ORFK-OBB finansz\u00edroz\u00e1sa mellett, ingyenes k\u00e9pz\u00e9s keretein bel\u00fcl seg\u00e9dmotoros ker\u00e9kp\u00e1r \u2013 AM kateg\u00f3ri\u00e1ra \u2013 vezet\u0151i enged\u00e9lyt szerezhessenek.<\/strong><\/p>\n<p>A k\u00eds\u00e9rleti Program megval\u00f3sul\u00e1s\u00e1nak \u00e9rt\u00e9kel\u00e9s\u00e9t k\u00f6vet\u0151en Dr. Pint\u00e9r S\u00e1ndor Bel\u00fcgyminiszter \u00far elrendelte a kezdem\u00e9nyez\u00e9s orsz\u00e1gos v\u00e9grehajt\u00e1s\u00e1t a 2013\/14-es tan\u00e9vben, melynek k\u00f6sz\u00f6nhet\u0151en Heves megy\u00e9ben 30 f\u0151 \u00e1ltal\u00e1nos iskolai di\u00e1k juthatott ingyenesen seg\u00e9dmotorker\u00e9kp\u00e1r vezet\u0151i enged\u00e9lyhez.<\/p>\n<p><strong>A program nem csak megyei, de orsz\u00e1gos szinten is rendk\u00edv\u00fcl sikeresnek bizonyult, ez\u00e9rt az ORFK-OBB az idei, 2014\/2015-\u00f6s tan\u00e9vre is meghirdeti azt.<\/strong><\/p>\n<p>A tavalyi tan\u00e9vt\u0151l elt\u00e9r\u0151en az id\u00e9n m\u00e1r nem csak 30, hanem 50 gyermekkel ind\u00edtjuk a programot, ami azt jelenti, hogy Egerben 30 f\u0151 egri, illetve Eger k\u00f6rny\u00e9ki, Gy\u00f6ngy\u00f6s\u00f6sn pedig 20 f\u0151 gy\u00f6ngy\u00f6si \u00e9s Gy\u00f6ngy\u00f6s k\u00f6rny\u00e9ki \u00e1ltal\u00e1nos iskolai 8. oszt\u00e1lyos tanul\u00f3nak szeretn\u00e9nk lehet\u0151s\u00e9get biztos\u00edtani a seg\u00e9dmotorker\u00e9kp\u00e1r vezet\u0151i enged\u00e9ly ingyenes megszerz\u00e9s\u00e9hez.<\/p>\n<p><strong>A k\u00e9pz\u00e9sben r\u00e9szt vev\u0151 gyermekeknek az al\u00e1bbi felt\u00e9teleknek kell megfelelni:<\/strong><\/p>\n<ul>\n<li>Magyarorsz\u00e1gon az \u201eAM\u201d kateg\u00f3ri\u00e1s seg\u00e9dmotoros ker\u00e9kp\u00e1r vezet\u0151i enged\u00e9ly megszerz\u00e9s\u00e9nek als\u00f3 korhat\u00e1ra bet\u00f6lt\u00f6tt 14. \u00e9let\u00e9v.<\/li>\n<li>A tanul\u00f3kat k\u00fcld\u0151 iskol\u00e1k feladata ellen\u0151rizni, hogy a k\u00e9pz\u00e9sben r\u00e9szt vev\u0151k bet\u00f6lts\u00e9k a 13 \u00be \u00e9let\u00e9v\u00fcket, az elm\u00e9leti vizsga napj\u00e1ra (mely v\u00e1rhat\u00f3an a j\u00f6v\u0151 \u00e9v febru\u00e1rja lesz).<\/li>\n<li>A vezet\u0151i enged\u00e9ly megszerz\u00e9s\u00e9hez a tanul\u00f3nak \u00e9rv\u00e9nyes szem\u00e9lyi igazolv\u00e1nnyal kell rendelkezni, amely nem helyettes\u00edthet\u0151 di\u00e1kigazolv\u00e1nnyal.<\/li>\n<\/ul>\n<p><strong>A programra jelentkez\u0151knek legk\u00e9s\u0151bb 2014. november 26-ig el kell k\u00fcldeni\u00fck a nev\u00fcket \u00e9s a v\u00e1lasztott k\u00e9pz\u00e9s hely\u00e9t (Eger vagy Gy\u00f6ngy\u00f6s) az <a href=\"mailto:erdelyir@heves.police.hu\">erdelyir@heves.police.hu<\/a> c\u00edmre.<\/strong><\/p>\n<p>A Programra jelentkez\u0151 gyermekek r\u00e9sz\u00e9re ezt k\u00f6vet\u0151en 2014. november 28-\u00e1n 14.00 \u00f3r\u00e1t\u00f3l Egerben, a Heves Megyei Rend\u0151r-f\u0151kapit\u00e1nys\u00e1g nagyterm\u00e9ben (Eszterh\u00e1zy t\u00e9r 2.), illetve december 03-\u00e1n 16.30-t\u00f3l Gy\u00f6ngy\u00f6s\u00f6n, a Vak Botty\u00e1n J\u00e1nos Katolikus M\u0171szaki \u00e9s K\u00f6zgazdas\u00e1gi K\u00f6z\u00e9piskol\u00e1ban (Than K\u00e1roly u. 1.) egy ny\u00edlt napot szervez\u00fcnk, ahol kiv\u00e1laszt\u00e1sra ker\u00fcl az a 30, illetve 20 f\u0151 gyermek, aki r\u00e9szt vehet a programban.<\/p>\n<p>A ny\u00edlt napon megjelen\u0151 tanul\u00f3knak egy KRESZ elm\u00e9leti tesztlapot (gyalogos \u00e9s ker\u00e9kp\u00e1ros k\u00f6zleked\u00e9s) kell kit\u00f6lteni\u00fck, mellyel szeretn\u00e9nk felm\u00e9rni a jelentkez\u0151k KRESZ elm\u00e9leti tud\u00e1sszintj\u00e9t.<\/p>\n<p>Az elm\u00e9leti szintfelm\u00e9r\u0151n k\u00edv\u00fcl sz\u00fcks\u00e9ges a <strong>pedag\u00f3gus \u00edr\u00e1sbeli nyilatkozata<\/strong>, melyben a gyermek tanulm\u00e1nyi teljes\u00edtm\u00e9nye, \u00e9retts\u00e9ge, \u00f6nszorgalma, illetve terhelhet\u0151s\u00e9ge alapj\u00e1n javasolja a programra. A pedag\u00f3gusoknak k\u00fcl\u00f6n felh\u00edvn\u00e1nk a figyelm\u00e9t, hogy csak azon di\u00e1kok r\u00e9szv\u00e9tel\u00e9t t\u00e1mogass\u00e1k, akik megfelel\u0151 \u00e9retts\u00e9ggel rendelkeznek arra, hogy r\u00e9szt vegyenek a k\u00f6z\u00fati k\u00f6zleked\u00e9sben, mint g\u00e9pj\u00e1rm\u0171vezet\u0151.<\/p>\n<p>Ezen k\u00edv\u00fcl a <strong>sz\u00fcl\u0151nek vagy gondvisel\u0151nek beleegyez\u0151 nyilatkozattal<\/strong> is hozz\u00e1 kell j\u00e1rulni ahhoz, hogy gyermeke r\u00e9szt vegyen a Programban.<\/p>\n<p>A kiv\u00e1laszt\u00e1s sor\u00e1n nagy hangs\u00falyt fektet\u00fcnk a gyakorlati r\u00e9szre is, \u00edgy kiz\u00e1r\u00f3lag azok a gyermekek vehetnek r\u00e9szt a Programban, akik ker\u00e9kp\u00e1rozni tudnak. <strong>A Program bemutat\u00e1sa alkalm\u00e1val egy motor szimul\u00e1tor seg\u00edts\u00e9g\u00e9vel, ker\u00fcl felm\u00e9r\u00e9sre a gyermekek \u201e\u00e9retts\u00e9ge\u201d, milyen m\u00f3don \u00e9s hogyan k\u00e9pesek egy-egy k\u00f6zleked\u00e9si helyzetet\/szitu\u00e1ci\u00f3t lereag\u00e1lni. <\/strong><\/p>\n<p><strong>\u00d6sszefoglalva:<\/strong><\/p>\n<p><strong>A KRESZ elm\u00e9leti tesztet kit\u00f6lt\u0151k k\u00f6z\u00fcl a legjobb 30, illetve 20 eredm\u00e9nyt produk\u00e1l\u00f3 tanul\u00f3, aki rendelkezik a pedag\u00f3gus \u00edr\u00e1sbeli t\u00e1mogat\u00f3 javaslat\u00e1val, a sz\u00fcl\u0151i beleegyez\u0151 nyilatkozattal, valamint tud ker\u00e9kp\u00e1rozni, ingyenesen r\u00e9szt vehet a 2014. december\u00e9ben indul\u00f3 mopedes KRESZ \u00e9s eg\u00e9szs\u00e9g\u00fcgyi elm\u00e9leti, illetve a gyakorlati tanfolyamon. R\u00e9sz\u00fckre a Heves Megyei Rend\u0151r-f\u0151kapit\u00e1nys\u00e1g \u2013 Megyei Baleset-megel\u0151z\u00e9si Bizotts\u00e1ga a vizsgad\u00edjakat is ingyenesen biztos\u00edtja.<\/strong><\/p>\n<p>A \u201eSuliMoped\u201d program tan\u00f3r\u00e1n k\u00edv\u00fcli elfoglalts\u00e1got jelent a di\u00e1kok sz\u00e1m\u00e1ra. Csak azok a tanul\u00f3k v\u00e1llalj\u00e1k ezt a k\u00f6telezetts\u00e9get, akik d\u00e9lut\u00e1nonk\u00e9nt el\u00e9g szabadid\u0151vel rendelkeznek a felk\u00e9sz\u00fcl\u00e9sre \u00e9s az eredm\u00e9nyes v\u00e9grehajt\u00e1sra.<\/p>\n<p>Az elm\u00e9leti k\u00e9pz\u00e9st koordin\u00e1l\u00f3 oktat\u00f3 meghat\u00e1rozott id\u0151pontok szerint biztos\u00edtja a \u201etananyag\u201d lead\u00e1s\u00e1t, mely alapj\u00e1n a tanul\u00f3knak lehet\u0151s\u00e9ge ny\u00edlik a vizsg\u00e1n el\u0151fordul\u00f3 k\u00e9rd\u00e9sek \u00e1tbesz\u00e9l\u00e9s\u00e9re is.<\/p>\n<p><strong>Abban az esetben, ha valaki sikertelen, nem megfelelt eredm\u00e9nnyel z\u00e1rja b\u00e1rmelyik vizsg\u00e1t, csup\u00e1n egyszer kap lehet\u0151s\u00e9get ingyenes p\u00f3tvizsg\u00e1ra a Program id\u0151tartama alatt. Ezt k\u00f6vet\u0151en minden tov\u00e1bbi p\u00f3tvizsga \u00f6nk\u00f6lts\u00e9ges.<\/strong><\/p>\n","protected":false},"excerpt":{"rendered":"<p>A 2012\/2013-as tan\u00e9vben az Orsz\u00e1gos Rend\u0151r-f\u0151kapit\u00e1nys\u00e1g Orsz\u00e1gos Baleset-megel\u0151z\u00e9si Bizotts\u00e1ga 5 megy\u00e9ben (B\u00e9k\u00e9s, N\u00f3gr\u00e1d, Borsod-Aba\u00faj-Zempl\u00e9n, Szabolcs-Szatm\u00e1r-Bereg \u00e9s Pest) k\u00eds\u00e9rleti jelleggel ind\u00edtotta el a \u201eSuliMoped\u201d elnevez\u00e9s\u0171 programot.<br \/>\nA program c\u00e9lja, hogy \u00e1ltal\u00e1nos iskol\u00e1s di\u00e1kok az ORFK-OBB finansz\u00edroz\u00e1sa mellett, ingyenes k\u00e9pz\u00e9s keretein bel\u00fcl seg\u00e9dmotoros ker\u00e9kp\u00e1r \u2013 AM kateg\u00f3ri\u00e1ra \u2013 vezet\u0151i enged\u00e9lyt szerezhessenek.<br \/>\nA k\u00eds\u00e9rleti Program megval\u00f3sul\u00e1s\u00e1nak \u00e9rt\u00e9kel\u00e9s\u00e9t k\u00f6vet\u0151en Dr. Pint\u00e9r [&#8230;]<\/p>\n","protected":false},"author":4,"featured_media":0,"comment_status":"closed","ping_status":"closed","sticky":false,"template":"","format":"standard","meta":{"footnotes":""},"categories":[1],"tags":[],"class_list":["post-13425","post","type-post","status-publish","format-standard","hentry","category-nincs-kategorizalva"],"_links":{"self":[{"href":"https:\/\/www.agriatv.hu\/index.php?rest_route=\/wp\/v2\/posts\/13425","targetHints":{"allow":["GET"]}}],"collection":[{"href":"https:\/\/www.agriatv.hu\/index.php?rest_route=\/wp\/v2\/posts"}],"about":[{"href":"https:\/\/www.agriatv.hu\/index.php?rest_route=\/wp\/v2\/types\/post"}],"author":[{"embeddable":true,"href":"https:\/\/www.agriatv.hu\/index.php?rest_route=\/wp\/v2\/users\/4"}],"replies":[{"embeddable":true,"href":"https:\/\/www.agriatv.hu\/index.php?rest_route=%2Fwp%2Fv2%2Fcomments&post=13425"}],"version-history":[{"count":1,"href":"https:\/\/www.agriatv.hu\/index.php?rest_route=\/wp\/v2\/posts\/13425\/revisions"}],"predecessor-version":[{"id":13426,"href":"https:\/\/www.agriatv.hu\/index.php?rest_route=\/wp\/v2\/posts\/13425\/revisions\/13426"}],"wp:attachment":[{"href":"https:\/\/www.agriatv.hu\/index.php?rest_route=%2Fwp%2Fv2%2Fmedia&parent=13425"}],"wp:term":[{"taxonomy":"category","embeddable":true,"href":"https:\/\/www.agriatv.hu\/index.php?rest_route=%2Fwp%2Fv2%2Fcategories&post=13425"},{"taxonomy":"post_tag","embeddable":true,"href":"https:\/\/www.agriatv.hu\/index.php?rest_route=%2Fwp%2Fv2%2Ftags&post=13425"}],"curies":[{"name":"wp","href":"https:\/\/api.w.org\/{rel}","templated":true}]}}