{"id":13465,"date":"2014-11-24T16:05:38","date_gmt":"2014-11-24T16:05:38","guid":{"rendered":"http:\/\/www.agriatv.hu\/?p=13465"},"modified":"2014-11-24T16:05:38","modified_gmt":"2014-11-24T16:05:38","slug":"betorot-fogtak-szucsiben","status":"publish","type":"post","link":"https:\/\/www.agriatv.hu\/?p=13465","title":{"rendered":"Bet\u00f6r\u0151t fogtak Sz\u0171csiben"},"content":{"rendered":"<div class=\"cikklead\" style=\"text-align: justify;\"><strong><a href=\"https:\/\/www.agriatv.hu\/wp-content\/uploads\/2014\/11\/1124szucsi_betoro_v.jpg\"><img loading=\"lazy\" decoding=\"async\" class=\"alignleft  wp-image-13466\" src=\"https:\/\/www.agriatv.hu\/wp-content\/uploads\/2014\/11\/1124szucsi_betoro_v-300x240.jpg\" alt=\"1124szucsi_betoro_v\" width=\"146\" height=\"117\" srcset=\"https:\/\/www.agriatv.hu\/wp-content\/uploads\/2014\/11\/1124szucsi_betoro_v-300x240.jpg 300w, https:\/\/www.agriatv.hu\/wp-content\/uploads\/2014\/11\/1124szucsi_betoro_v-100x80.jpg 100w, https:\/\/www.agriatv.hu\/wp-content\/uploads\/2014\/11\/1124szucsi_betoro_v.jpg 720w\" sizes=\"auto, (max-width: 146px) 100vw, 146px\" \/><\/a>Az elk\u00f6vet\u0151 a tulajdonos haza\u00e9rkez\u00e9sekor az ajt\u00f3n kiszaladva menek\u00fclt el a lak\u00e1sb\u00f3l.<\/strong><\/div>\n<div class=\"cikkleft cikktext\" style=\"text-align: justify;\">\n<p>Egy sz\u00fccsi lakos tett bejelent\u00e9st a Heves Megyei Rend\u0151r-f\u0151kapit\u00e1nys\u00e1g Tev\u00e9kenys\u00e9g- ir\u00e1ny\u00edt\u00e1si K\u00f6zpontj\u00e1ba, miszerint vas\u00e1rnap este ismeretlen szem\u00e9ly bement lak\u00e1s\u00e1ba, majd onnan k\u00fcl\u00f6nb\u00f6z\u0151 \u00e9rt\u00e9keket tulajdon\u00edtott el. Az elk\u00f6vet\u0151\u00a0a tulajdonos haza\u00e9rkez\u00e9sekor az ajt\u00f3n kiszaladva menek\u00fclt el a lak\u00e1sb\u00f3l.<\/p>\n<p>A Gy\u00f6ngy\u00f6si Rend\u0151rkapit\u00e1nys\u00e1g egyenruh\u00e1sai r\u00f6viddel a bejelent\u00e9st k\u00f6vet\u0151en elfogtak egy 25 \u00e9ves helyi f\u00e9rfit, akit el\u0151\u00e1ll\u00edtottak a rend\u0151rkapit\u00e1nys\u00e1gra. H. Roland ellen lop\u00e1s v\u00e9ts\u00e9ge elk\u00f6vet\u00e9s\u00e9nek megalapozott gyan\u00faja miatt indult elj\u00e1r\u00e1s.<\/p>\n<div class=\"minipadtop\"><\/div>\n<\/div>\n<p style=\"text-align: justify;\"><strong><div class=\"wordtube\">\n<div class=\"wordtube single1372\" id=\"WT1_1\" style=\"width:320px; height:240px;\">\n<a href=\"http:\/\/www.macromedia.com\/go\/getflashplayer\">Get the Flash Player<\/a> to see the wordTube Media Player.\n<\/div><\/div>\n\t<script type=\"text\/javascript\" defer=\"defer\">\nvar WT1_1 = {\n\tparams : {\n\t\twmode : \"opaque\",\n\t\tallowscriptaccess : \"always\",\n\t\tallownetworking : \"all\",\n\t\tallowfullscreen : \"true\"},\n\tflashvars : {\n\t\tfile : \"http%3A%2F%2Fwww.agriatv.hu%2Fwp-content%2Fuploads%2F2014%2F11%2F1124szucsi_betoro.flv\",\n\t\tvolume : \"80\",\n\t\tbufferlength : \"5\",\n\t\tquality : \"false\",\n\t\t'logo.hide' : \"false\",\n\t\timage : \"http%3A%2F%2Fwww.agriatv.hu%2Fwp-content%2Fuploads%2F2014%2F11%2F1124szucsi_betoro.Still002.jpg\",\n\t\ttitle : \"1124szucsi_betoro.flv\",\n\t\tlinktarget : \"_self\"},\n\tattr : {\n\t\tid : \"WT1\",\n\t\tname : \"WT1\"},\n\tstart : function() {\n\t\tswfobject.embedSWF(\"https:\/\/www.agriatv.hu\/\/player.swf\", \"WT1_1\", \"320\", \"240\", \"9.0.0\", false, this.flashvars, this.params , this.attr );\n\t}\n}\nWT1_1.start();\n\t<\/script>\n<\/strong><\/p>\n","protected":false},"excerpt":{"rendered":"<p>Az elk\u00f6vet\u0151 a tulajdonos haza\u00e9rkez\u00e9sekor az ajt\u00f3n kiszaladva menek\u00fclt el a lak\u00e1sb\u00f3l.<\/p>\n<p>Egy sz\u00fccsi lakos tett bejelent\u00e9st a Heves Megyei Rend\u0151r-f\u0151kapit\u00e1nys\u00e1g Tev\u00e9kenys\u00e9g- ir\u00e1ny\u00edt\u00e1si K\u00f6zpontj\u00e1ba, miszerint vas\u00e1rnap este ismeretlen szem\u00e9ly bement lak\u00e1s\u00e1ba, majd onnan k\u00fcl\u00f6nb\u00f6z\u0151 \u00e9rt\u00e9keket tulajdon\u00edtott el. Az elk\u00f6vet\u0151\u00a0a tulajdonos haza\u00e9rkez\u00e9sekor az ajt\u00f3n kiszaladva menek\u00fclt el a lak\u00e1sb\u00f3l.<br \/>\nA Gy\u00f6ngy\u00f6si Rend\u0151rkapit\u00e1nys\u00e1g egyenruh\u00e1sai r\u00f6viddel a bejelent\u00e9st k\u00f6vet\u0151en elfogtak [&#8230;]<\/p>\n","protected":false},"author":4,"featured_media":0,"comment_status":"closed","ping_status":"closed","sticky":false,"template":"","format":"standard","meta":{"footnotes":""},"categories":[5],"tags":[748,122,2136],"class_list":["post-13465","post","type-post","status-publish","format-standard","hentry","category-kek-hirek","tag-betores","tag-rendorseg","tag-szucsi"],"_links":{"self":[{"href":"https:\/\/www.agriatv.hu\/index.php?rest_route=\/wp\/v2\/posts\/13465","targetHints":{"allow":["GET"]}}],"collection":[{"href":"https:\/\/www.agriatv.hu\/index.php?rest_route=\/wp\/v2\/posts"}],"about":[{"href":"https:\/\/www.agriatv.hu\/index.php?rest_route=\/wp\/v2\/types\/post"}],"author":[{"embeddable":true,"href":"https:\/\/www.agriatv.hu\/index.php?rest_route=\/wp\/v2\/users\/4"}],"replies":[{"embeddable":true,"href":"https:\/\/www.agriatv.hu\/index.php?rest_route=%2Fwp%2Fv2%2Fcomments&post=13465"}],"version-history":[{"count":1,"href":"https:\/\/www.agriatv.hu\/index.php?rest_route=\/wp\/v2\/posts\/13465\/revisions"}],"predecessor-version":[{"id":13467,"href":"https:\/\/www.agriatv.hu\/index.php?rest_route=\/wp\/v2\/posts\/13465\/revisions\/13467"}],"wp:attachment":[{"href":"https:\/\/www.agriatv.hu\/index.php?rest_route=%2Fwp%2Fv2%2Fmedia&parent=13465"}],"wp:term":[{"taxonomy":"category","embeddable":true,"href":"https:\/\/www.agriatv.hu\/index.php?rest_route=%2Fwp%2Fv2%2Fcategories&post=13465"},{"taxonomy":"post_tag","embeddable":true,"href":"https:\/\/www.agriatv.hu\/index.php?rest_route=%2Fwp%2Fv2%2Ftags&post=13465"}],"curies":[{"name":"wp","href":"https:\/\/api.w.org\/{rel}","templated":true}]}}