{"id":13468,"date":"2014-11-24T18:49:35","date_gmt":"2014-11-24T18:49:35","guid":{"rendered":"http:\/\/www.agriatv.hu\/?p=13468"},"modified":"2014-11-24T18:50:24","modified_gmt":"2014-11-24T18:50:24","slug":"a-kemenysepro-szakszervezet-kozlemenye","status":"publish","type":"post","link":"https:\/\/www.agriatv.hu\/?p=13468","title":{"rendered":"A K\u00e9m\u00e9nysepr\u0151 Szakszervezet k\u00f6zlem\u00e9nye"},"content":{"rendered":"<div class=\"feature_image\" style=\"text-align: justify;\"><a href=\"http:\/\/www.budaorsiinfo.hu\/blog\/2014\/03\/14\/a-rendorseg-sertettek-jelentkezeset-varja-kemenysepro-hamis-iratokkal-budaorson\/\" rel=\"bookmark\"><img loading=\"lazy\" decoding=\"async\" class=\"alignleft\" src=\"http:\/\/www.budaorsiinfo.hu\/wp-content\/themes\/budaorsiinfo\/scripts\/timthumb.php?src=http:\/\/www.budaorsiinfo.hu\/wp-content\/uploads\/2012\/02\/kemenysepro_ill.jpg&amp;w=468&amp;h=290&amp;zc=1\" alt=\"A rend\u0151rs\u00e9g s\u00e9rtettek jelentkez\u00e9s\u00e9t v\u00e1rja \u2013 K\u00e9m\u00e9nysepr\u0151 hamis iratokkal Buda\u00f6rs\u00f6n\" width=\"161\" height=\"100\" \/><\/a>Mint ahogy arr\u00f3l m\u00e1r kor\u00e1bban \u00e9rtes\u00fclhettek, okt\u00f3ber v\u00e9g\u00e9n l\u00e9trej\u00f6tt a Heves Megyei LIGA Szakszervezet K\u00e9m\u00e9nysepr\u0151 Szakszervezeti Csoportja. Megalakul\u00e1sunk legf\u0151bb c\u00e9ljak\u00e9nt azt hat\u00e1roztuk meg, hogy &#8211; egy emberk\u00e9nt &#8211; v\u00e1laszt kapjunk k\u00e9rd\u00e9s\u00fcnkre: a jelenlegi szolg\u00e1ltat\u00f3 megsz\u0171n\u00e9se eset\u00e9n &#8211; amire a fenn\u00e1ll\u00f3 helyzet alapj\u00e1n joggal sz\u00e1m\u00edthatunk \u2013 hogyan fog alakulni a Heves megyei k\u00e9m\u00e9nysepr\u0151-ipari k\u00f6zszolg\u00e1ltat\u00e1s helyzete \u00e9s ez mik\u00e9nt fog minket &#8211; akik a feladat ell\u00e1t\u00e1s\u00e1hoz sz\u00fcks\u00e9ges szakk\u00e9pes\u00edt\u00e9ssel rendelkez\u00fcnk &#8211; \u00e9rinteni.<\/div>\n<p style=\"text-align: justify;\">Sajn\u00e1latos t\u00e9ny, hogy az elm\u00falt id\u0151szakban sok k\u00e9m\u00e9nysepr\u0151 ker\u00fclt elbocs\u00e1t\u00e1sra \u00e9s december k\u00f6zep\u00e9n a m\u00e9g megmaradt, de m\u00e1r felmond\u00e1s hat\u00e1lya alatt \u00e1ll\u00f3 szakember\u00e1llom\u00e1nynak is megkezd\u0151dik a munkav\u00e9gz\u00e9s al\u00f3li felment\u00e9se. Teh\u00e1t az \u00e1ltalunk megfogalmazott k\u00e9rd\u00e9s akkut probl\u00e9m\u00e1kat vet fel, ami miel\u0151bbi hat\u00e1rozott megold\u00e1st ig\u00e9nyel, tekintettel a f\u0171t\u00e9si szezonra \u00e9s &#8211; a m\u00e9di\u00e1ban is egyre gyakrabban megjelen\u0151 &#8211; balesetek, trag\u00e9di\u00e1k megel\u0151z\u00e9s\u00e9re. Megkerest\u00fck Habis L\u00e1szl\u00f3 polg\u00e1rmestert mint az ell\u00e1t\u00e1s\u00e9rt felel\u0151s MJV \u00f6nkorm\u00e1nyzat\u00e1nak vezet\u0151j\u00e9t, tov\u00e1bb\u00e1 a tev\u00e9kenys\u00e9get fel\u00fcgyeleti szervk\u00e9nt koordin\u00e1l\u00f3 Heves Megyei Katasztr\u00f3fav\u00e9delmi Igazgat\u00f3s\u00e1got \u00e9s kezdem\u00e9nyezt\u00fcnk egy kerekasztal besz\u00e9lget\u00e9st, amire 2014. november 21. napj\u00e1n ker\u00fclt sor az egri v\u00e1rosh\u00e1z\u00e1n.<\/p>\n<p style=\"text-align: justify;\">A t\u00e1rgyal\u00e1son a szakszervezet r\u00e9sz\u00e9r\u0151l V\u00e1mos Csaba \u00fcgyviv\u0151, valamint Dr. Krasznay Zs\u00f3fia \u00e9s N\u00e1dassy G\u00e9za a Heves Megyei LIGA Szakszervezet tiszts\u00e9gvisel\u0151i, m\u00edg Eger MJV k\u00e9pviselet\u00e9ben Habis L\u00e1szl\u00f3 polg\u00e1rmester, Dr. Turcs\u00e1nyi D\u00e1niel gazdas\u00e1gi alpolg\u00e1rmester, Dr. B\u00e1nhidy P\u00e9ter aljegyz\u0151, a Heves Megyei Katasztr\u00f3fav\u00e9delmi Igazgat\u00f3s\u00e1g r\u00e9sz\u00e9r\u0151l pedig Csontos Ambrus megyei igazgat\u00f3 vett r\u00e9szt.<\/p>\n<p style=\"text-align: justify;\">Az egyeztet\u00e9s pozit\u00edv hangv\u00e9tel\u0171 volt, a r\u00e9sztvev\u0151k egyet\u00e9rtettek abban, hogy miel\u0151bb megold\u00e1st kell tal\u00e1lni a kialakult helyzetre. A fenn\u00e1ll\u00f3 \u00e1llapot orvosl\u00e1s\u00e1ra t\u00f6bb lehet\u0151s\u00e9g felmer\u00fclt, de egyel\u0151re \u00e9rdemi d\u00f6nt\u00e9s nem sz\u00fcletett \u00e9s az illet\u00e9kesek id\u0151t \u00e9s t\u00fcrelmet k\u00e9rtek, hogy az \u00f6sszes alternat\u00edv\u00e1t r\u00e9szletesen megvizsg\u00e1lhass\u00e1k. A megold\u00e1si javaslat kidolgoz\u00e1s\u00e1hoz mi is felaj\u00e1nlottuk a szakmai seg\u00edts\u00e9g\u00fcnket. A megjelentek egybehangz\u00f3an t\u00e1mogat\u00e1sukr\u00f3l biztos\u00edtott\u00e1k a megye valamennyi k\u00e9m\u00e9nysepr\u0151j\u00e9t, de jelezt\u00e9k, hogy nem akarnak hamis \u00edg\u00e9retekkel b\u00edztatni minket. Mindek\u00f6zben kijelentett\u00e9k azt is, hogy Eger MJV \u00f6nkorm\u00e1nyzata t\u00f6rekedni fog arra, hogy a megy\u00e9ben z\u00f6kken\u0151mentes legyen a k\u00e9m\u00e9nysepr\u0151-ipari k\u00f6zszolg\u00e1ltat\u00e1s, hiszen ez a hat\u00e1lyos 2012. \u00e9vi XC. t\u00f6rv\u00e9ny alapj\u00e1n jogszab\u00e1lyi k\u00f6telezetts\u00e9g\u00fck is.<\/p>\n<p style=\"text-align: justify;\">Az id\u0151 term\u00e9szetesen szor\u00edt minket k\u00e9m\u00e9nysepr\u0151ket, hiszen mindannyiunk meg\u00e9lhet\u00e9se \u00e9s mind a szem\u00e9lyes, mind szakmai megbecs\u00fcl\u00e9se a t\u00e9t, de \u00edg\u00e9retet kaptunk egy \u00fajabb, k\u00f6zel j\u00f6v\u0151beli egyeztet\u00e9sre, ahol &#8211; rem\u00e9nyeink szerint &#8211; m\u00e1r konkr\u00e9t megold\u00e1ssal, vagy legal\u00e1bb annak terv\u00e9vel tudnak szolg\u00e1lni sz\u00e1munkra.<\/p>\n<p style=\"text-align: justify;\">Ez\u00faton k\u00e9rn\u00e9m tisztelettel \u00e9n is valamennyi koll\u00e9g\u00e1m t\u00fcrelem\u00e9t \u00e9s meg\u00e9rt\u00e9s\u00e9t. \u00dagy v\u00e9lem, egybehangz\u00f3 v\u00e9lem\u00e9ny\u00fcnk alapj\u00e1n, legk\u00e9s\u0151bb december k\u00f6zep\u00e9ig, teh\u00e1t a jelenlegi szolg\u00e1ltat\u00f3 biztos m\u0171k\u00f6d\u00e9s\u00e9nek v\u00e9g\u00e9ig v\u00e1rnunk kell a fenn\u00e1ll\u00f3 probl\u00e9ma megold\u00e1s\u00e1ra. Azonban amennyiben 2014. december 15. napj\u00e1ig nem kapunk t\u00e1j\u00e9koztat\u00e1st a konkr\u00e9t k\u00f6zszolg\u00e1ltat\u00e1s-ell\u00e1t\u00e1si tervr\u0151l, vagy megh\u00edv\u00e1st egy \u00fajabb egyeztet\u00e9sre, \u00fagy tov\u00e1bbi l\u00e9p\u00e9seket kell megfontolnunk a Heves megyei k\u00e9m\u00e9nysepr\u0151k j\u00f6v\u0151je \u00e9s a megye lakoss\u00e1g\u00e1nak \u00e9s v\u00e1llalkoz\u00e1sainak biztons\u00e1ga \u00e9rdek\u00e9ben.<\/p>\n<p style=\"text-align: justify;\">Eger, 2014. november 24.<\/p>\n<p style=\"text-align: justify;\">V\u00e1mos Csaba<\/p>\n<p style=\"text-align: justify;\">\u00fcgyviv\u0151<\/p>\n","protected":false},"excerpt":{"rendered":"<p>Mint ahogy arr\u00f3l m\u00e1r kor\u00e1bban \u00e9rtes\u00fclhettek, okt\u00f3ber v\u00e9g\u00e9n l\u00e9trej\u00f6tt a Heves Megyei LIGA Szakszervezet K\u00e9m\u00e9nysepr\u0151 Szakszervezeti Csoportja. Megalakul\u00e1sunk legf\u0151bb c\u00e9ljak\u00e9nt azt hat\u00e1roztuk meg, hogy &#8211; egy emberk\u00e9nt &#8211; v\u00e1laszt kapjunk k\u00e9rd\u00e9s\u00fcnkre: a jelenlegi szolg\u00e1ltat\u00f3 megsz\u0171n\u00e9se eset\u00e9n &#8211; amire a fenn\u00e1ll\u00f3 helyzet alapj\u00e1n joggal sz\u00e1m\u00edthatunk \u2013 hogyan fog alakulni a Heves megyei k\u00e9m\u00e9nysepr\u0151-ipari k\u00f6zszolg\u00e1ltat\u00e1s helyzete \u00e9s [&#8230;]<\/p>\n","protected":false},"author":4,"featured_media":0,"comment_status":"closed","ping_status":"closed","sticky":false,"template":"","format":"standard","meta":{"footnotes":""},"categories":[6,450],"tags":[36,2137],"class_list":["post-13468","post","type-post","status-publish","format-standard","hentry","category-belfold","category-gazdasag-2","tag-eger","tag-kemenysepro"],"_links":{"self":[{"href":"https:\/\/www.agriatv.hu\/index.php?rest_route=\/wp\/v2\/posts\/13468","targetHints":{"allow":["GET"]}}],"collection":[{"href":"https:\/\/www.agriatv.hu\/index.php?rest_route=\/wp\/v2\/posts"}],"about":[{"href":"https:\/\/www.agriatv.hu\/index.php?rest_route=\/wp\/v2\/types\/post"}],"author":[{"embeddable":true,"href":"https:\/\/www.agriatv.hu\/index.php?rest_route=\/wp\/v2\/users\/4"}],"replies":[{"embeddable":true,"href":"https:\/\/www.agriatv.hu\/index.php?rest_route=%2Fwp%2Fv2%2Fcomments&post=13468"}],"version-history":[{"count":3,"href":"https:\/\/www.agriatv.hu\/index.php?rest_route=\/wp\/v2\/posts\/13468\/revisions"}],"predecessor-version":[{"id":13471,"href":"https:\/\/www.agriatv.hu\/index.php?rest_route=\/wp\/v2\/posts\/13468\/revisions\/13471"}],"wp:attachment":[{"href":"https:\/\/www.agriatv.hu\/index.php?rest_route=%2Fwp%2Fv2%2Fmedia&parent=13468"}],"wp:term":[{"taxonomy":"category","embeddable":true,"href":"https:\/\/www.agriatv.hu\/index.php?rest_route=%2Fwp%2Fv2%2Fcategories&post=13468"},{"taxonomy":"post_tag","embeddable":true,"href":"https:\/\/www.agriatv.hu\/index.php?rest_route=%2Fwp%2Fv2%2Ftags&post=13468"}],"curies":[{"name":"wp","href":"https:\/\/api.w.org\/{rel}","templated":true}]}}