{"id":13472,"date":"2014-11-27T07:51:04","date_gmt":"2014-11-27T07:51:04","guid":{"rendered":"http:\/\/www.agriatv.hu\/?p=13472"},"modified":"2014-11-27T08:03:27","modified_gmt":"2014-11-27T08:03:27","slug":"felhivas-eger-lakossagahoz","status":"publish","type":"post","link":"https:\/\/www.agriatv.hu\/?p=13472","title":{"rendered":"Felh\u00edv\u00e1s Eger lakoss\u00e1g\u00e1hoz"},"content":{"rendered":"<p style=\"text-align: justify;\"><a href=\"http:\/\/www.eger.hu\/hu\/\"><img loading=\"lazy\" decoding=\"async\" class=\"logo alignleft\" src=\"http:\/\/www.eger.hu\/public\/images\/mainlogo_1.png\" alt=\"Eger.hu\" width=\"200\" height=\"81\" \/><\/a>A katasztr\u00f3f\u00e1k elleni v\u00e9dekez\u00e9s egyik fontos eleme a j\u00f3l m\u0171k\u00f6d\u0151, sz\u00e9lesk\u00f6r\u0171 t\u00e1rsadalmi alapokon nyugv\u00f3 polg\u00e1ri v\u00e9delem. Ahogy az elnevez\u00e9s is t\u00fckr\u00f6zi, a polg\u00e1rok szervez\u0151d\u00e9s\u00e9vel, egy\u00fcttm\u0171k\u00f6d\u00e9s\u00e9vel l\u00e9trej\u00f6v\u0151, a polg\u00e1rok v\u00e9delm\u00e9re hivatott rendszerr\u0151l van sz\u00f3, mely els\u0151sorban k\u00fcl\u00f6nb\u00f6z\u0151 katasztr\u00f3f\u00e1k, vesz\u00e9lyhelyzetek eset\u00e9n k\u00e9pes seg\u00edts\u00e9get ny\u00fajtani olyan helyzetekben, amikor az esem\u00e9ny kezel\u00e9s\u00e9re rendelt szervezetek (t\u0171zolt\u00f3s\u00e1g, rend\u0151rs\u00e9g, ment\u0151szolg\u00e1lat) kapacit\u00e1sai \u00f6nmagukban m\u00e1r nem elegend\u0151k.<br \/>\nErre adott esetben egy elh\u00faz\u00f3d\u00f3, komoly \u00e1rv\u00edzi helyzet is p\u00e9lda lehet, hiszen egy ilyen v\u00e9dekez\u00e9s egyr\u00e9szt id\u0151ben is elny\u00falik \u2013 a beavatkoz\u00f3kat pihentetni kell, a v\u00e9dekez\u00e9st azonban nem lehet felf\u00fcggeszteni \u2013 m\u00e1sr\u00e9szt sz\u00fcks\u00e9gess\u00e9 v\u00e1lhat olyan g\u00e9pek, eszk\u00f6z\u00f6k ig\u00e9nybe v\u00e9tele, melyekkel a hivat\u00e1sos szervek nem rendelkeznek.<br \/>\nFontos tudni, hogy vannak olyan \u00f6nk\u00e9ntes szervez\u0151d\u00e9sek \u2013 V\u00f6r\u00f6skereszt, Polg\u00e1r\u0151rs\u00e9g -, melyeknek tagjai adott esetben l\u00e9nyeg\u00e9ben ugyanazt a tev\u00e9kenys\u00e9get v\u00e9gzik vesz\u00e9lyhelyzetek idej\u00e9n, mint \u201enorm\u00e1l&#8221; id\u0151szakban, csak a katasztr\u00f3fav\u00e9delem \u00f6nk\u00e9ntes \u00e1llom\u00e1ny\u00e1nak tagjak\u00e9nt, ily m\u00f3don ez a szolg\u00e1lat nem jelent plusz terhet az \u00f6nk\u00e9ntes sz\u00e1m\u00e1ra.<br \/>\nA katasztr\u00f3fav\u00e9delem egyik alappill\u00e9re a polg\u00e1ri v\u00e9delmi szakter\u00fclet. Ez a rendszer munkahelyi -, telep\u00fcl\u00e9si -, ter\u00fcleti illet\u00e9kess\u00e9g\u0171 egys\u00e9gekb\u0151l \u00e1ll, melyek az adott telep\u00fcl\u00e9s, ter\u00fclet vesz\u00e9lyeztetetts\u00e9g\u00e9nek figyelembe v\u00e9tel\u00e9vel j\u00f6ttek l\u00e9tre.<br \/>\nA fenti egys\u00e9gek \u00e1llom\u00e1nya az ut\u00f3bbi \u00e9vtizedekben t\u00f6rv\u00e9nyi felhatalmaz\u00e1s alapj\u00e1n kijel\u00f6l\u00e9ssel ker\u00fcltek felt\u00f6lt\u00e9sre. A meg\u00fajult katasztr\u00f3fav\u00e9delmi szab\u00e1lyoz\u00f3 rendszer azonban lehet\u0151s\u00e9get ad \u00f6nk\u00e9ntes polg\u00e1ri v\u00e9delmi szervezetek l\u00e9trehoz\u00e1s\u00e1ra is.<br \/>\nHeves megy\u00e9ben a k\u00f6teles polg\u00e1ri v\u00e9delmi szervezetek \u00e1llom\u00e1nya t\u00f6bb ezer f\u0151t tesz ki, de az \u00f6nk\u00e9ntesek sz\u00e1ma is dinamikusan n\u00f6vekszik. \u00d6nk\u00e9nteseink olyan emberek, akik v\u00e1llalj\u00e1k, hogy szabadidej\u00fckb\u0151l \u00e1ldoznak a k\u00f6zjav\u00e1ra, illetve felaj\u00e1nlj\u00e1k erej\u00fcket szaktud\u00e1sukat, speci\u00e1lis technikai eszk\u00f6zeiket embert\u00e1rsaik v\u00e9delme \u00e9rdek\u00e9ben. Ebbe a sorba tartoznak az \u00f6nk\u00e9ntes t\u0171zolt\u00f3 egyes\u00fcletek, a j\u00e1r\u00e1si ment\u0151csoportok, vagy \u00e9ppen a M\u00c1TRA Ment\u0151csoport, mely megy\u00e9nk speci\u00e1lis ment\u0151 egys\u00e9ge.<br \/>\nAz \u00f6nk\u00e9ntesek egy r\u00e9sz\u00e9re fizikai munk\u00e1ban sz\u00e1m\u00edthatnak a katasztr\u00f3fav\u00e9d\u0151k, m\u00e1s r\u00e9sz\u00fck pedig speci\u00e1lis szak\u00e9rtelm\u00e9vel (orvos, \u00e9p\u00edt\u00e9sz, b\u00fav\u00e1r, alpinista, kutya kik\u00e9pz\u0151) vagy eszk\u00f6zeivel (quad, terepj\u00e1r\u00f3, l\u00e1nctalpas j\u00e1rm\u0171, v\u00edzi j\u00e1rm\u0171), j\u00e1rul hozz\u00e1 a katasztr\u00f3f\u00e1k elleni v\u00e9dekez\u00e9shez, vagy elt\u0171nt szem\u00e9lyek keres\u00e9s\u00e9hez.<br \/>\nA c\u00e9l az, hogy a polg\u00e1ri v\u00e9delmi szervezetek min\u00e9l nagyobb r\u00e9sze \u00e1lljon \u00f6nk\u00e9ntesekb\u0151l, hiszen az az ember k\u00e9pes legt\u00f6bbet tenni, aki saj\u00e1t akarat\u00e1b\u00f3l cselekszik, mag\u00e1t\u00f3l d\u00f6nt \u00fagy, hogy a k\u00f6z\u00f6ss\u00e9g \u00e9rdek\u00e9ben plusz feladatokat is v\u00e1llal.<br \/>\nEz\u00e9rt d\u00f6nt\u00f6tt\u00fcnk \u00fagy, hogy meghirdetj\u00fck az \u00f6nk\u00e9ntes polg\u00e1ri v\u00e9delmi szervezetekbe, telep\u00fcl\u00e9si ment\u0151csoportokba val\u00f3 jelentkez\u00e9s lehet\u0151s\u00e9g\u00e9t. Csatlakozzon hozz\u00e1nk, legyen tagja egy olyan csapatnak, melyben mindenki egy c\u00e9llal dolgozik: \u00f6nzetlen\u00fcl seg\u00edteni a bajban!<br \/>\n\u00d6nk\u00e9ntes polg\u00e1ri v\u00e9delmi szolg\u00e1latra jelentkezhet olyan szem\u00e9ly is, akinek semmilyen v\u00e9gzetts\u00e9ge, szakk\u00e9pzetts\u00e9ge nincs, hiszen sz\u00e1mos olyan feladat, m\u0171velet ad\u00f3dhat egy alkalmaz\u00e1s sor\u00e1n, amely egy gyors\u00edtott \u00fctem\u0171 felk\u00e9sz\u00edt\u00e9st k\u00f6vet\u0151en v\u00e9gezhet\u0151 (ide tartozik p\u00e9ld\u00e1ul a homokzs\u00e1kos \u00e1rv\u00edzv\u00e9dekez\u00e9s t\u00f6bb r\u00e9szfeladata is). V\u00e1rjuk azok jelentkez\u00e9s\u00e9t is, aki valamilyen speci\u00e1lis tud\u00e1s, szak\u00e9rtelem birtok\u00e1ban vannak. Ez alatt olyan szaktud\u00e1st, k\u00e9pess\u00e9get \u00e9rt\u00fcnk, mint p\u00e9ld\u00e1ul a k\u00fcl\u00f6nb\u00f6z\u0151 m\u00e9rn\u00f6ki szakter\u00fcletek (\u00e9p\u00edt\u00e9sz, vegy\u00e9sz, biol\u00f3gus, fizikus, g\u00e9p\u00e9sz, stb.). Hasonl\u00f3an nagy sz\u00fcks\u00e9g lehet speci\u00e1lis v\u00e9gzetts\u00e9ggel rendelkez\u0151 szakemberekre is, mint amilyen az alpinista, vagy b\u00fav\u00e1r.<br \/>\nNem csak a szem\u00e9lyes tud\u00e1s, fizikai munka, vagy k\u00e9pess\u00e9g alkalmazhat\u00f3 a k\u00e1rfelsz\u00e1mol\u00e1s sor\u00e1n: \u00f3ri\u00e1si seg\u00edts\u00e9g lehet egy technikai eszk\u00f6z, j\u00e1rm\u0171, vagy \u00e9ppen speci\u00e1lis szersz\u00e1m, berendez\u00e9s is. \u00c9ppen ez\u00e9rt v\u00e1rj\u00e1k olyan szem\u00e9lyek jelentkez\u00e9s\u00e9t is, akik ilyen jelleg\u0171 seg\u00edts\u00e9get k\u00e9pesek ny\u00fajtani.<br \/>\nA jelentkez\u0151k saj\u00e1t telep\u00fcl\u00e9s\u00fck vesz\u00e9lyeztet\u0151 hat\u00e1sai elleni v\u00e9dekez\u00e9sben vesznek r\u00e9szt, a polg\u00e1rmester felh\u00edv\u00e1s\u00e1ra.<br \/>\nAki egyet\u00e9rt \u00e9s azonosulni tud a fenti c\u00e9lokkal k\u00e9rj\u00fck jelentkezzen \u00e9s csatlakozzon hozz\u00e1nk!<br \/>\n\u00c9rdekl\u0151dni \u00e9s jelentkezni lehet Eger v\u00e1ros polg\u00e1rmesteri hivatal\u00e1ban (becze.attila@ph.eger.hu tel:36\/ 521-945) valamint az Egri Katasztr\u00f3fav\u00e9delmi Kirendelts\u00e9gen (eger.kvk@katved.gov.hu tel.: +36 36 510-620).<\/p>\n","protected":false},"excerpt":{"rendered":"<p>A katasztr\u00f3f\u00e1k elleni v\u00e9dekez\u00e9s egyik fontos eleme a j\u00f3l m\u0171k\u00f6d\u0151, sz\u00e9lesk\u00f6r\u0171 t\u00e1rsadalmi alapokon nyugv\u00f3 polg\u00e1ri v\u00e9delem. Ahogy az elnevez\u00e9s is t\u00fckr\u00f6zi, a polg\u00e1rok szervez\u0151d\u00e9s\u00e9vel, egy\u00fcttm\u0171k\u00f6d\u00e9s\u00e9vel l\u00e9trej\u00f6v\u0151, a polg\u00e1rok v\u00e9delm\u00e9re hivatott rendszerr\u0151l van sz\u00f3, mely els\u0151sorban k\u00fcl\u00f6nb\u00f6z\u0151 katasztr\u00f3f\u00e1k, vesz\u00e9lyhelyzetek eset\u00e9n k\u00e9pes seg\u00edts\u00e9get ny\u00fajtani olyan helyzetekben, amikor az esem\u00e9ny kezel\u00e9s\u00e9re rendelt szervezetek (t\u0171zolt\u00f3s\u00e1g, rend\u0151rs\u00e9g, ment\u0151szolg\u00e1lat) kapacit\u00e1sai \u00f6nmagukban [&#8230;]<\/p>\n","protected":false},"author":4,"featured_media":0,"comment_status":"closed","ping_status":"closed","sticky":false,"template":"","format":"standard","meta":{"footnotes":""},"categories":[6],"tags":[912],"class_list":["post-13472","post","type-post","status-publish","format-standard","hentry","category-belfold","tag-vedelem"],"_links":{"self":[{"href":"https:\/\/www.agriatv.hu\/index.php?rest_route=\/wp\/v2\/posts\/13472","targetHints":{"allow":["GET"]}}],"collection":[{"href":"https:\/\/www.agriatv.hu\/index.php?rest_route=\/wp\/v2\/posts"}],"about":[{"href":"https:\/\/www.agriatv.hu\/index.php?rest_route=\/wp\/v2\/types\/post"}],"author":[{"embeddable":true,"href":"https:\/\/www.agriatv.hu\/index.php?rest_route=\/wp\/v2\/users\/4"}],"replies":[{"embeddable":true,"href":"https:\/\/www.agriatv.hu\/index.php?rest_route=%2Fwp%2Fv2%2Fcomments&post=13472"}],"version-history":[{"count":2,"href":"https:\/\/www.agriatv.hu\/index.php?rest_route=\/wp\/v2\/posts\/13472\/revisions"}],"predecessor-version":[{"id":13474,"href":"https:\/\/www.agriatv.hu\/index.php?rest_route=\/wp\/v2\/posts\/13472\/revisions\/13474"}],"wp:attachment":[{"href":"https:\/\/www.agriatv.hu\/index.php?rest_route=%2Fwp%2Fv2%2Fmedia&parent=13472"}],"wp:term":[{"taxonomy":"category","embeddable":true,"href":"https:\/\/www.agriatv.hu\/index.php?rest_route=%2Fwp%2Fv2%2Fcategories&post=13472"},{"taxonomy":"post_tag","embeddable":true,"href":"https:\/\/www.agriatv.hu\/index.php?rest_route=%2Fwp%2Fv2%2Ftags&post=13472"}],"curies":[{"name":"wp","href":"https:\/\/api.w.org\/{rel}","templated":true}]}}