{"id":13496,"date":"2014-12-01T16:34:32","date_gmt":"2014-12-01T16:34:32","guid":{"rendered":"http:\/\/www.agriatv.hu\/?p=13496"},"modified":"2014-12-01T16:36:21","modified_gmt":"2014-12-01T16:36:21","slug":"13496","status":"publish","type":"post","link":"https:\/\/www.agriatv.hu\/?p=13496","title":{"rendered":"Jeges \u00e1gak hullanak az \u00fatra a M\u00e1tr\u00e1ban: egy feny\u0151 aut\u00f3kra d\u0151lt"},"content":{"rendered":"<div class=\"cikklead\" style=\"text-align: justify;\"><strong><a href=\"https:\/\/www.agriatv.hu\/wp-content\/uploads\/2014\/12\/1201kekes_jeg_v.jpg\"><img loading=\"lazy\" decoding=\"async\" class=\"alignleft  wp-image-13497\" src=\"https:\/\/www.agriatv.hu\/wp-content\/uploads\/2014\/12\/1201kekes_jeg_v-300x240.jpg\" alt=\"1201kekes_jeg_v\" width=\"121\" height=\"97\" srcset=\"https:\/\/www.agriatv.hu\/wp-content\/uploads\/2014\/12\/1201kekes_jeg_v-300x240.jpg 300w, https:\/\/www.agriatv.hu\/wp-content\/uploads\/2014\/12\/1201kekes_jeg_v-100x80.jpg 100w, https:\/\/www.agriatv.hu\/wp-content\/uploads\/2014\/12\/1201kekes_jeg_v.jpg 720w\" sizes=\"auto, (max-width: 121px) 100vw, 121px\" \/><\/a>Leszakad\u00f3 jeges \u00e1gak vesz\u00e9lyeztetik az aut\u00f3sokat a M\u00e1tr\u00e1ban, a 24-es \u00faton. A k\u00f6z\u00fatkezel\u0151 t\u00e1j\u00e9koztat\u00e1sa szerint teljes az \u00fatz\u00e1r Galyatet\u0151 \u00e9s M\u00e1trah\u00e1za k\u00f6z\u00f6tt.<\/strong><\/div>\n<div id=\"zonakod_1626\" class=\"ad ad468\" style=\"text-align: justify;\">A k\u00f6z\u00fatkezel\u0151 szakemberei folyamatosan dolgoznak a 24-es \u00fat jelenleg legprobl\u00e9m\u00e1sabb\u00a0 Heves megyei szakasz\u00e1n. S\u00f3zz\u00e1k az aszfaltot, \u00edgy a Galyatet\u0151i el\u00e1gaz\u00e1s ut\u00e1n, K\u00e9kestet\u0151 fel\u00e9 is valamennyi szakasz j\u00e1rhat\u00f3, \u00e1m nem \u00e1rt az \u00f3vatoss\u00e1g, foglalta \u00f6ssze k\u00e9rd\u00e9s\u00fcnkre Mikesz Csaba, a k\u00f6z\u00fatkezel\u0151 megyei vezet\u0151je.<\/div>\n<div class=\"cikkleft cikktext\" style=\"text-align: justify;\">\n<p>Az \u00fatfenntart\u00e1s mellett a szakemberek folyamatosan gallyaznak, v\u00e1gj\u00e1k le az \u00fat fel\u00e9 l\u00f3g\u00f3, jeges \u00e1gakat, ugyanis ezekb\u0151l t\u00f6bb is let\u00f6rt \u00e9s az \u00fatp\u00e1ly\u00e1ra zuhant m\u00e1r. Inform\u00e1ci\u00f3ink szerint Galyatet\u0151n egy feny\u0151 is kid\u0151lt, r\u00e1ad\u00e1sul aut\u00f3kat rong\u00e1lt meg, s a k\u00f6zelben villanyvezet\u00e9k is megs\u00e9r\u00fclt. Ezt a f\u00e1t is a k\u00f6z\u00fatkezel\u0151 szakemberei t\u00e1vol\u00edtj\u00e1k el.<\/p>\n<div class=\"cikkpic\"><a>\u00a0<\/a><strong>14.30<\/strong><\/div>\n<p>Heves megy\u00e9ben 14 \u00f3r\u00e1t\u00f3l a Galyatet\u0151 \u00e9s M\u00e1trah\u00e1za k\u00f6z\u00f6tti mell\u00e9k\u00faton a j\u00e9g s\u00falya miatti sorozatos \u00e1gleszakad\u00e1sok \u00e9s fakid\u0151l\u00e9sek miatt van egyel\u0151re \u00e9rv\u00e9nyben teljes \u00fatz\u00e1r, a takar\u00edt\u00e1si munk\u00e1kok m\u00e1r dolgoznak m\u00e9rn\u00f6ks\u00e9gi szakembereink.<\/p>\n<p><strong>15.30<\/strong><\/p>\n<p>Az \u00datinform inform\u00e1ci\u00f3 szerint a 24-es \u00fat M\u00e1trah\u00e1za \u00e9s Par\u00e1dsasv\u00e1r k\u00f6z\u00f6tti szakasz\u00e1t kellett teljes sz\u00e9less\u00e9g\u00e9ben lez\u00e1rni a jeges \u00e1gak, fakid\u0151l\u00e9sek miatt.<\/p>\n<p>Forr\u00e1s :<a href=\"heol.hu\">HEOL<\/a><\/p>\n<\/div>\n<p style=\"text-align: justify;\"><strong><div class=\"wordtube\">\n<div class=\"wordtube single1375\" id=\"WT1_1\" style=\"width:320px; height:240px;\">\n<a href=\"http:\/\/www.macromedia.com\/go\/getflashplayer\">Get the Flash Player<\/a> to see the wordTube Media Player.\n<\/div><\/div>\n\t<script type=\"text\/javascript\" defer=\"defer\">\nvar WT1_1 = {\n\tparams : {\n\t\twmode : \"opaque\",\n\t\tallowscriptaccess : \"always\",\n\t\tallownetworking : \"all\",\n\t\tallowfullscreen : \"true\"},\n\tflashvars : {\n\t\tfile : \"http%3A%2F%2Fwww.agriatv.hu%2Fwp-content%2Fuploads%2F2014%2F12%2F1201kekes_jeg.flv\",\n\t\tvolume : \"80\",\n\t\tbufferlength : \"5\",\n\t\tquality : \"false\",\n\t\t'logo.hide' : \"false\",\n\t\timage : \"http%3A%2F%2Fwww.agriatv.hu%2Fwp-content%2Fuploads%2F2014%2F12%2F1201kekes_jeg.jpg\",\n\t\ttitle : \"1201kekes_jeg.flv\",\n\t\tlinktarget : \"_self\"},\n\tattr : {\n\t\tid : \"WT1\",\n\t\tname : \"WT1\"},\n\tstart : function() {\n\t\tswfobject.embedSWF(\"https:\/\/www.agriatv.hu\/\/player.swf\", \"WT1_1\", \"320\", \"240\", \"9.0.0\", false, this.flashvars, this.params , this.attr );\n\t}\n}\nWT1_1.start();\n\t<\/script>\n<\/strong><\/p>\n","protected":false},"excerpt":{"rendered":"<p>Leszakad\u00f3 jeges \u00e1gak vesz\u00e9lyeztetik az aut\u00f3sokat a M\u00e1tr\u00e1ban, a 24-es \u00faton. A k\u00f6z\u00fatkezel\u0151 t\u00e1j\u00e9koztat\u00e1sa szerint teljes az \u00fatz\u00e1r Galyatet\u0151 \u00e9s M\u00e1trah\u00e1za k\u00f6z\u00f6tt.<br \/>\nA k\u00f6z\u00fatkezel\u0151 szakemberei folyamatosan dolgoznak a 24-es \u00fat jelenleg legprobl\u00e9m\u00e1sabb\u00a0 Heves megyei szakasz\u00e1n. S\u00f3zz\u00e1k az aszfaltot, \u00edgy a Galyatet\u0151i el\u00e1gaz\u00e1s ut\u00e1n, K\u00e9kestet\u0151 fel\u00e9 is valamennyi szakasz j\u00e1rhat\u00f3, \u00e1m nem \u00e1rt az \u00f3vatoss\u00e1g, foglalta \u00f6ssze [&#8230;]<\/p>\n","protected":false},"author":4,"featured_media":0,"comment_status":"closed","ping_status":"closed","sticky":false,"template":"","format":"standard","meta":{"footnotes":""},"categories":[6],"tags":[1304,38,2141,648],"class_list":["post-13496","post","type-post","status-publish","format-standard","hentry","category-belfold","tag-jeg","tag-matra","tag-onos-eso","tag-tel"],"_links":{"self":[{"href":"https:\/\/www.agriatv.hu\/index.php?rest_route=\/wp\/v2\/posts\/13496","targetHints":{"allow":["GET"]}}],"collection":[{"href":"https:\/\/www.agriatv.hu\/index.php?rest_route=\/wp\/v2\/posts"}],"about":[{"href":"https:\/\/www.agriatv.hu\/index.php?rest_route=\/wp\/v2\/types\/post"}],"author":[{"embeddable":true,"href":"https:\/\/www.agriatv.hu\/index.php?rest_route=\/wp\/v2\/users\/4"}],"replies":[{"embeddable":true,"href":"https:\/\/www.agriatv.hu\/index.php?rest_route=%2Fwp%2Fv2%2Fcomments&post=13496"}],"version-history":[{"count":2,"href":"https:\/\/www.agriatv.hu\/index.php?rest_route=\/wp\/v2\/posts\/13496\/revisions"}],"predecessor-version":[{"id":13499,"href":"https:\/\/www.agriatv.hu\/index.php?rest_route=\/wp\/v2\/posts\/13496\/revisions\/13499"}],"wp:attachment":[{"href":"https:\/\/www.agriatv.hu\/index.php?rest_route=%2Fwp%2Fv2%2Fmedia&parent=13496"}],"wp:term":[{"taxonomy":"category","embeddable":true,"href":"https:\/\/www.agriatv.hu\/index.php?rest_route=%2Fwp%2Fv2%2Fcategories&post=13496"},{"taxonomy":"post_tag","embeddable":true,"href":"https:\/\/www.agriatv.hu\/index.php?rest_route=%2Fwp%2Fv2%2Ftags&post=13496"}],"curies":[{"name":"wp","href":"https:\/\/api.w.org\/{rel}","templated":true}]}}