{"id":13548,"date":"2014-12-13T08:35:14","date_gmt":"2014-12-13T08:35:14","guid":{"rendered":"http:\/\/www.agriatv.hu\/?p=13548"},"modified":"2014-12-13T18:23:19","modified_gmt":"2014-12-13T18:23:19","slug":"balesetek-szombat-reggel-keresik-a-cserbenhagyot","status":"publish","type":"post","link":"https:\/\/www.agriatv.hu\/?p=13548","title":{"rendered":"Balesetek szombat reggel: feladta mag\u00e1t a cserbenhagy\u00f3"},"content":{"rendered":"<p style=\"text-align: justify;\"><a href=\"https:\/\/www.agriatv.hu\/wp-content\/uploads\/2014\/12\/1213balesetek_eger_v.jpg\"><img loading=\"lazy\" decoding=\"async\" class=\"alignleft wp-image-13552\" src=\"https:\/\/www.agriatv.hu\/wp-content\/uploads\/2014\/12\/1213balesetek_eger_v-300x240.jpg\" alt=\"1213balesetek_eger_v\" width=\"138\" height=\"110\" srcset=\"https:\/\/www.agriatv.hu\/wp-content\/uploads\/2014\/12\/1213balesetek_eger_v-300x240.jpg 300w, https:\/\/www.agriatv.hu\/wp-content\/uploads\/2014\/12\/1213balesetek_eger_v-100x80.jpg 100w, https:\/\/www.agriatv.hu\/wp-content\/uploads\/2014\/12\/1213balesetek_eger_v.jpg 720w\" sizes=\"auto, (max-width: 138px) 100vw, 138px\" \/><\/a>Keresik a cserbenhagy\u00f3t: egy kocsi nagy sebess\u00e9ggel akart el\u0151zni Egerben a Cifrakapu \u00faton. El\u0151z\u00e9s k\u00f6zben \u00e9szre vette a szemb\u0151l j\u00f6v\u0151 kocsit, hatalmas f\u00e9kez\u00e9ssel visszav\u00e1gott a s\u00e1vj\u00e1ba, ahol az el\u0151z\u00f6tt aut\u00f3t beletolta a szembe j\u00f6v\u0151be. A baleset ut\u00e1n seg\u00edts\u00e9gny\u00fajt\u00e1s, meg\u00e1ll\u00e1s n\u00e9lk\u00fcl vissza tolatott \u00e9s elmenek\u00fclt a helysz\u00ednr\u0151l. \u00dagy tudjuk, a s\u00e9r\u00fclt aut\u00f3t nem messze a baleset helysz\u00edn\u00e9t\u0151l megtal\u00e1lt\u00e1k, a vezet\u0151t m\u00e9g keresik. A m\u00e1sik k\u00e9t kocsib\u00f3l 3 s\u00e9r\u00fcltet vittek k\u00f3rh\u00e1zba. Az anyagi k\u00e1r jelent\u0151s.<\/p>\n<p style=\"text-align: justify;\">Friss\u00edt\u00e9s: A rend\u0151rs\u00e9g beazonos\u00edtotta a cserbenhagy\u00f3 aut\u00f3st, k\u00f6r\u00f6z\u00e9st adtak ki ellene. Az egri rend\u0151rkapit\u00e1nys\u00e1g seg\u00edts\u00e9gny\u00fajt\u00e1s elmulaszt\u00e1sa b\u0171ntett elk\u00f6vet\u00e9s\u00e9nek megalapozott gyan\u00faja miatt ind\u00edtott elj\u00e1r\u00e1st.<\/p>\n<p style=\"text-align: justify;\">18:30 A k\u00f6r\u00f6z\u00f6tt f\u00e9rfi a rend\u0151rs\u00e9gen feladta mag\u00e1t.<\/p>\n<p style=\"text-align: justify;\"><strong><div class=\"wordtube\">\n<div class=\"wordtube single1383\" id=\"WT1_1\" style=\"width:320px; height:240px;\">\n<a href=\"http:\/\/www.macromedia.com\/go\/getflashplayer\">Get the Flash Player<\/a> to see the wordTube Media Player.\n<\/div><\/div>\n\t<script type=\"text\/javascript\" defer=\"defer\">\nvar WT1_1 = {\n\tparams : {\n\t\twmode : \"opaque\",\n\t\tallowscriptaccess : \"always\",\n\t\tallownetworking : \"all\",\n\t\tallowfullscreen : \"true\"},\n\tflashvars : {\n\t\tfile : \"http%3A%2F%2Fwww.agriatv.hu%2Fwp-content%2Fuploads%2F2014%2F12%2F1213balesetek_eger_1.flv\",\n\t\tvolume : \"80\",\n\t\tbufferlength : \"5\",\n\t\tquality : \"false\",\n\t\t'logo.hide' : \"false\",\n\t\timage : \"http%3A%2F%2Fwww.agriatv.hu%2Fwp-content%2Fuploads%2F2014%2F12%2F1213balesetek_eger.Still007.jpg\",\n\t\ttitle : \"1213balesetek_eger_1.flv\",\n\t\tlinktarget : \"_self\"},\n\tattr : {\n\t\tid : \"WT1\",\n\t\tname : \"WT1\"},\n\tstart : function() {\n\t\tswfobject.embedSWF(\"https:\/\/www.agriatv.hu\/\/player.swf\", \"WT1_1\", \"320\", \"240\", \"9.0.0\", false, this.flashvars, this.params , this.attr );\n\t}\n}\nWT1_1.start();\n\t<\/script>\n<\/strong><\/p>\n<p style=\"text-align: justify;\">Egy helyi j\u00e1rat\u00fa busz \u00e9s egy szem\u00e9lyaut\u00f3 \u00fctk\u00f6z\u00f6tt kora reggel Egerben a R\u00e1k\u00f3czi \u00fati viadukton. Az els\u0151dleges adatok alapj\u00e1n az aut\u00f3 a jeges h\u00eddon megcs\u00faszott \u00e9s \u00f6ssze\u00fctk\u00f6z\u00f6tt a szab\u00e1lyosan k\u00f6zleked\u0151 busszal. A szem\u00e9lyg\u00e9pkocsi vezet\u0151je k\u00f3rh\u00e1zba ker\u00fclt. A buszon nem voltak s\u00e9r\u00fcltek.<\/p>\n<p style=\"text-align: justify;\"><strong><div class=\"wordtube\">\n<div class=\"wordtube single1384\" id=\"WT2_2\" style=\"width:320px; height:240px;\">\n<a href=\"http:\/\/www.macromedia.com\/go\/getflashplayer\">Get the Flash Player<\/a> to see the wordTube Media Player.\n<\/div><\/div>\n\t<script type=\"text\/javascript\" defer=\"defer\">\nvar WT2_2 = {\n\tparams : {\n\t\twmode : \"opaque\",\n\t\tallowscriptaccess : \"always\",\n\t\tallownetworking : \"all\",\n\t\tallowfullscreen : \"true\"},\n\tflashvars : {\n\t\tfile : \"http%3A%2F%2Fwww.agriatv.hu%2Fwp-content%2Fuploads%2F2014%2F12%2F1213balesetek_eger_2.flv\",\n\t\tvolume : \"80\",\n\t\tbufferlength : \"5\",\n\t\tquality : \"false\",\n\t\t'logo.hide' : \"false\",\n\t\timage : \"http%3A%2F%2Fwww.agriatv.hu%2Fwp-content%2Fuploads%2F2014%2F12%2F1213balesetek_eger.Still027.jpg\",\n\t\ttitle : \"1213balesetek_eger_2.flv\",\n\t\tlinktarget : \"_self\"},\n\tattr : {\n\t\tid : \"WT2\",\n\t\tname : \"WT2\"},\n\tstart : function() {\n\t\tswfobject.embedSWF(\"https:\/\/www.agriatv.hu\/\/player.swf\", \"WT2_2\", \"320\", \"240\", \"9.0.0\", false, this.flashvars, this.params , this.attr );\n\t}\n}\nWT2_2.start();\n\t<\/script>\n<\/strong><\/p>\n","protected":false},"excerpt":{"rendered":"<p>Keresik a cserbenhagy\u00f3t: egy kocsi nagy sebess\u00e9ggel akart el\u0151zni Egerben a Cifrakapu \u00faton. El\u0151z\u00e9s k\u00f6zben \u00e9szre vette a szemb\u0151l j\u00f6v\u0151 kocsit, hatalmas f\u00e9kez\u00e9ssel visszav\u00e1gott a s\u00e1vj\u00e1ba, ahol az el\u0151z\u00f6tt aut\u00f3t beletolta a szembe j\u00f6v\u0151be. A baleset ut\u00e1n seg\u00edts\u00e9gny\u00fajt\u00e1s, meg\u00e1ll\u00e1s n\u00e9lk\u00fcl vissza tolatott \u00e9s elmenek\u00fclt a helysz\u00ednr\u0151l. \u00dagy tudjuk, a s\u00e9r\u00fclt aut\u00f3t nem messze a baleset [&#8230;]<\/p>\n","protected":false},"author":4,"featured_media":0,"comment_status":"closed","ping_status":"closed","sticky":false,"template":"","format":"standard","meta":{"footnotes":""},"categories":[5],"tags":[41,2150,869,122],"class_list":["post-13548","post","type-post","status-publish","format-standard","hentry","category-kek-hirek","tag-baleset","tag-cserbenhagyo","tag-csuszos-ut","tag-rendorseg"],"_links":{"self":[{"href":"https:\/\/www.agriatv.hu\/index.php?rest_route=\/wp\/v2\/posts\/13548","targetHints":{"allow":["GET"]}}],"collection":[{"href":"https:\/\/www.agriatv.hu\/index.php?rest_route=\/wp\/v2\/posts"}],"about":[{"href":"https:\/\/www.agriatv.hu\/index.php?rest_route=\/wp\/v2\/types\/post"}],"author":[{"embeddable":true,"href":"https:\/\/www.agriatv.hu\/index.php?rest_route=\/wp\/v2\/users\/4"}],"replies":[{"embeddable":true,"href":"https:\/\/www.agriatv.hu\/index.php?rest_route=%2Fwp%2Fv2%2Fcomments&post=13548"}],"version-history":[{"count":9,"href":"https:\/\/www.agriatv.hu\/index.php?rest_route=\/wp\/v2\/posts\/13548\/revisions"}],"predecessor-version":[{"id":13558,"href":"https:\/\/www.agriatv.hu\/index.php?rest_route=\/wp\/v2\/posts\/13548\/revisions\/13558"}],"wp:attachment":[{"href":"https:\/\/www.agriatv.hu\/index.php?rest_route=%2Fwp%2Fv2%2Fmedia&parent=13548"}],"wp:term":[{"taxonomy":"category","embeddable":true,"href":"https:\/\/www.agriatv.hu\/index.php?rest_route=%2Fwp%2Fv2%2Fcategories&post=13548"},{"taxonomy":"post_tag","embeddable":true,"href":"https:\/\/www.agriatv.hu\/index.php?rest_route=%2Fwp%2Fv2%2Ftags&post=13548"}],"curies":[{"name":"wp","href":"https:\/\/api.w.org\/{rel}","templated":true}]}}