{"id":13560,"date":"2014-12-17T02:08:12","date_gmt":"2014-12-17T02:08:12","guid":{"rendered":"http:\/\/www.agriatv.hu\/?p=13560"},"modified":"2014-12-17T02:08:12","modified_gmt":"2014-12-17T02:08:12","slug":"hatalmas-tuz-verpeleten-leegett-a-tesztagyar","status":"publish","type":"post","link":"https:\/\/www.agriatv.hu\/?p=13560","title":{"rendered":"Hatalmas t\u0171z Verpel\u00e9ten: le\u00e9gett a t\u00e9sztagy\u00e1r"},"content":{"rendered":"<p style=\"text-align: justify;\"><a href=\"https:\/\/www.agriatv.hu\/wp-content\/uploads\/2014\/12\/1217verpelet_tuz_v.jpg\"><img loading=\"lazy\" decoding=\"async\" class=\"alignleft wp-image-13561\" src=\"https:\/\/www.agriatv.hu\/wp-content\/uploads\/2014\/12\/1217verpelet_tuz_v-300x240.jpg\" alt=\"1217verpelet_tuz_v\" width=\"159\" height=\"127\" srcset=\"https:\/\/www.agriatv.hu\/wp-content\/uploads\/2014\/12\/1217verpelet_tuz_v-300x240.jpg 300w, https:\/\/www.agriatv.hu\/wp-content\/uploads\/2014\/12\/1217verpelet_tuz_v-100x80.jpg 100w, https:\/\/www.agriatv.hu\/wp-content\/uploads\/2014\/12\/1217verpelet_tuz_v.jpg 720w\" sizes=\"auto, (max-width: 159px) 100vw, 159px\" \/><\/a>Kigyulladt egy csarnok Verpel\u00e9ten, a K\u00f6lcsey Ferenc utc\u00e1ban. Az \u00e9p\u00fcletb\u0151l s\u0171r\u0171 f\u00fcst \u00e1ramlik ki, a tet\u0151 egy r\u00e9sze l\u00e1ngol.<\/p>\n<p style=\"text-align: justify;\">A megye t\u0171zolt\u00f3i nagy er\u0151kkel vonultak ki a helysz\u00ednre, a Heves megyei Katasztr\u00f3fav\u00e9delmi M\u0171veleti Szolg\u00e1lat szakemberei\u00a0is ott vannak a t\u0171zn\u00e9l, t\u00e1j\u00e9koztatott Hevesi Katalin, megyei katasztr\u00f3fav\u00e9delmi sajt\u00f3\u00fcgyeletes.<\/p>\n<p style=\"text-align: justify;\"><strong>A l\u00e1ngol\u00f3 tet\u0151szerkezetet egy v\u00edzsug\u00e1rral oltj\u00e1k. Az \u00e9p\u00fcletet \u00e1ramtalan\u00edtott\u00e1k, \u00e9s a g\u00e1zt is elz\u00e1rt\u00e1k, az \u00e9p\u00fcletben l\u00e9v\u0151 g\u00e1zolajtart\u00e1lyt folyamatosan h\u0171tik. A t\u0171zben az els\u0151dleges inform\u00e1ci\u00f3k szerint nem s\u00e9r\u00fclt meg senki.<\/strong><\/p>\n<p style=\"text-align: justify;\"><strong>1.02<\/strong><\/p>\n<p style=\"text-align: justify;\">Tov\u00e1bbra is nagy er\u0151kkel dolgoznak a t\u0171zolt\u00f3k a verpel\u00e9ti \u00fczemben keletkezett l\u00e1ngok megf\u00e9kez\u00e9s\u00e9n. Hevesi Katalin elmondta: egri, gy\u00f6ngy\u00f6si, hevesi, f\u00fczesabonyi, p\u00e9terv\u00e1s\u00e1rai\u00a0\u00e9s mez\u0151k\u00f6vesdi egys\u00e9gek oltanak, emel\u0151kos\u00e1rb\u00f3l az \u00e9p\u00fclet tetej\u00e9t is v\u00edzsug\u00e1rral locsolj\u00e1k.<\/p>\n<p style=\"text-align: justify;\"><strong>2.35<\/strong><\/p>\n<p style=\"text-align: justify;\">\u00d6sszesen h\u00e9t egys\u00e9g tagjak\u00e9nt mintegy 45 t\u0171zolt\u00f3 dolgozik jelenleg is Verpel\u00e9ten a l\u00e1ngok megf\u00e9kez\u00e9s\u00e9n, jelentette Hevesi Katalin, megyei katasztr\u00f3fav\u00e9delmi sajt\u00f3\u00fcgyeletes. H\u00e9t g\u00e9pj\u00e1rm\u0171, k\u00e9t v\u00edzsz\u00e1ll\u00edt\u00f3 \u00e9s egy magasb\u00f3l ment\u0151 seg\u00edts\u00e9g\u00e9vel k\u00fczdenek a l\u00e1ngokkal. A hivat\u00e1sos t\u0171zolt\u00f3k mellett a verpel\u00e9ti \u00f6nk\u00e9ntesek is oltanak.<\/p>\n<p style=\"text-align: justify;\"><strong><div class=\"wordtube\">\n<div class=\"wordtube single1385\" id=\"WT1_1\" style=\"width:320px; height:240px;\">\n<a href=\"http:\/\/www.macromedia.com\/go\/getflashplayer\">Get the Flash Player<\/a> to see the wordTube Media Player.\n<\/div><\/div>\n\t<script type=\"text\/javascript\" defer=\"defer\">\nvar WT1_1 = {\n\tparams : {\n\t\twmode : \"opaque\",\n\t\tallowscriptaccess : \"always\",\n\t\tallownetworking : \"all\",\n\t\tallowfullscreen : \"true\"},\n\tflashvars : {\n\t\tfile : \"http%3A%2F%2Fwww.agriatv.hu%2Fwp-content%2Fuploads%2F2014%2F12%2F1217verpelet_tuz.flv\",\n\t\tvolume : \"80\",\n\t\tbufferlength : \"5\",\n\t\tquality : \"false\",\n\t\t'logo.hide' : \"false\",\n\t\timage : \"http%3A%2F%2Fwww.agriatv.hu%2Fwp-content%2Fuploads%2F2014%2F12%2F1217verpelet_tuz.Still011.jpg\",\n\t\ttitle : \"1217verpelet_tuz.flv\",\n\t\tlinktarget : \"_self\"},\n\tattr : {\n\t\tid : \"WT1\",\n\t\tname : \"WT1\"},\n\tstart : function() {\n\t\tswfobject.embedSWF(\"https:\/\/www.agriatv.hu\/\/player.swf\", \"WT1_1\", \"320\", \"240\", \"9.0.0\", false, this.flashvars, this.params , this.attr );\n\t}\n}\nWT1_1.start();\n\t<\/script>\n<\/strong><\/p>\n","protected":false},"excerpt":{"rendered":"<p>Kigyulladt egy csarnok Verpel\u00e9ten, a K\u00f6lcsey Ferenc utc\u00e1ban. Az \u00e9p\u00fcletb\u0151l s\u0171r\u0171 f\u00fcst \u00e1ramlik ki, a tet\u0151 egy r\u00e9sze l\u00e1ngol.<br \/>\nA megye t\u0171zolt\u00f3i nagy er\u0151kkel vonultak ki a helysz\u00ednre, a Heves megyei Katasztr\u00f3fav\u00e9delmi M\u0171veleti Szolg\u00e1lat szakemberei\u00a0is ott vannak a t\u0171zn\u00e9l, t\u00e1j\u00e9koztatott Hevesi Katalin, megyei katasztr\u00f3fav\u00e9delmi sajt\u00f3\u00fcgyeletes.<br \/>\nA l\u00e1ngol\u00f3 tet\u0151szerkezetet egy v\u00edzsug\u00e1rral oltj\u00e1k. Az \u00e9p\u00fcletet \u00e1ramtalan\u00edtott\u00e1k, \u00e9s a g\u00e1zt [&#8230;]<\/p>\n","protected":false},"author":4,"featured_media":0,"comment_status":"closed","ping_status":"closed","sticky":false,"template":"","format":"standard","meta":{"footnotes":""},"categories":[5],"tags":[196,484,161,2151,781],"class_list":["post-13560","post","type-post","status-publish","format-standard","hentry","category-kek-hirek","tag-kar","tag-tuz","tag-tuzolto","tag-uzemcsarnok","tag-verpelet"],"_links":{"self":[{"href":"https:\/\/www.agriatv.hu\/index.php?rest_route=\/wp\/v2\/posts\/13560","targetHints":{"allow":["GET"]}}],"collection":[{"href":"https:\/\/www.agriatv.hu\/index.php?rest_route=\/wp\/v2\/posts"}],"about":[{"href":"https:\/\/www.agriatv.hu\/index.php?rest_route=\/wp\/v2\/types\/post"}],"author":[{"embeddable":true,"href":"https:\/\/www.agriatv.hu\/index.php?rest_route=\/wp\/v2\/users\/4"}],"replies":[{"embeddable":true,"href":"https:\/\/www.agriatv.hu\/index.php?rest_route=%2Fwp%2Fv2%2Fcomments&post=13560"}],"version-history":[{"count":1,"href":"https:\/\/www.agriatv.hu\/index.php?rest_route=\/wp\/v2\/posts\/13560\/revisions"}],"predecessor-version":[{"id":13562,"href":"https:\/\/www.agriatv.hu\/index.php?rest_route=\/wp\/v2\/posts\/13560\/revisions\/13562"}],"wp:attachment":[{"href":"https:\/\/www.agriatv.hu\/index.php?rest_route=%2Fwp%2Fv2%2Fmedia&parent=13560"}],"wp:term":[{"taxonomy":"category","embeddable":true,"href":"https:\/\/www.agriatv.hu\/index.php?rest_route=%2Fwp%2Fv2%2Fcategories&post=13560"},{"taxonomy":"post_tag","embeddable":true,"href":"https:\/\/www.agriatv.hu\/index.php?rest_route=%2Fwp%2Fv2%2Ftags&post=13560"}],"curies":[{"name":"wp","href":"https:\/\/api.w.org\/{rel}","templated":true}]}}