{"id":13567,"date":"2014-12-19T22:05:35","date_gmt":"2014-12-19T22:05:35","guid":{"rendered":"http:\/\/www.agriatv.hu\/?p=13567"},"modified":"2014-12-19T22:05:35","modified_gmt":"2014-12-19T22:05:35","slug":"tobb-embert-elsodort-a-cserbenhagyo-gyongyosnel","status":"publish","type":"post","link":"https:\/\/www.agriatv.hu\/?p=13567","title":{"rendered":"T\u00f6bb embert elsodort a cserbenhagy\u00f3 Gy\u00f6ngy\u00f6sn\u00e9l"},"content":{"rendered":"<div class=\"cikklead\" style=\"text-align: justify;\"><strong><a href=\"https:\/\/www.agriatv.hu\/wp-content\/uploads\/2014\/12\/1220baleset_gyongyos_v.jpg\"><img loading=\"lazy\" decoding=\"async\" class=\"alignleft  wp-image-13569\" src=\"https:\/\/www.agriatv.hu\/wp-content\/uploads\/2014\/12\/1220baleset_gyongyos_v-300x240.jpg\" alt=\"1220baleset_gyongyos_v\" width=\"123\" height=\"98\" srcset=\"https:\/\/www.agriatv.hu\/wp-content\/uploads\/2014\/12\/1220baleset_gyongyos_v-300x240.jpg 300w, https:\/\/www.agriatv.hu\/wp-content\/uploads\/2014\/12\/1220baleset_gyongyos_v-100x80.jpg 100w, https:\/\/www.agriatv.hu\/wp-content\/uploads\/2014\/12\/1220baleset_gyongyos_v.jpg 720w\" sizes=\"auto, (max-width: 123px) 100vw, 123px\" \/><\/a>Baleset t\u00f6rt\u00e9nt p\u00e9nteken este a 3-as f\u0151\u00fat Abas\u00e1ri el\u00e1gaz\u00f3j\u00e1ban, Gy\u00f6ngy\u00f6s k\u00f6zel\u00e9ben.<\/strong><\/div>\n<p style=\"text-align: justify;\">Inform\u00e1ci\u00f3ink szerint egy kivil\u00e1g\u00edtatlan szem\u00e9lyaut\u00f3 \u00e1llt a keresztez\u0151d\u00e9sben p\u00e9nteken este.\u00a0 Val\u00f3sz\u00edn\u0171leg m\u0171szaki hiba miatt nem volt kivil\u00e1g\u00edtva az \u00faton \u00e1ll\u00f3 g\u00e9pj\u00e1rm\u0171. Az arra k\u00f6zleked\u0151 szem\u00e9lyaut\u00f3 ez\u00e9rt nem \u00e9szlelte az \u00faton \u00e1ll\u00f3 j\u00e1rm\u0171vet, ez\u00e9rt neki\u00fctk\u00f6z\u00f6tt, majd az \u00e1rokban fejre \u00e1llt.<\/p>\n<div class=\"cikkleft cikktext\">\n<p style=\"text-align: justify;\">Ezt k\u00f6vet\u0151en m\u00e9g egy aut\u00f3 nekiment az \u00e1ll\u00f3 aut\u00f3nak.\u00a0Az arra j\u00e1r\u00f3k a\u00a0szerencs\u00e9tlen\u00fcl j\u00e1rtak seg\u00edts\u00e9g\u00e9re siettek, k\u00f6z\u00fcl\u00fck t\u00f6bbeket elsodort egy arra k\u00f6zleked\u0151 aut\u00f3, mely meg\u00e1ll\u00e1s \u00e9s seg\u00edts\u00e9gny\u00fajt\u00e1s n\u00e9lk\u00fcl elhagyta a helysz\u00ednt.<\/p>\n<p style=\"text-align: justify;\">A rend\u0151rs\u00e9g keresi az egyel\u0151re ismeretlen g\u00e9pj\u00e1rm\u0171vezet\u0151t, t\u00e1j\u00e9koztatott V\u00e1mos Bogl\u00e1rka, megyei rend\u0151rs\u00e9gi sajt\u00f3referens.<strong><div class=\"wordtube\">\n<div class=\"wordtube single1386\" id=\"WT1_1\" style=\"width:320px; height:240px;\">\n<a href=\"http:\/\/www.macromedia.com\/go\/getflashplayer\">Get the Flash Player<\/a> to see the wordTube Media Player.\n<\/div><\/div>\n\t<script type=\"text\/javascript\" defer=\"defer\">\nvar WT1_1 = {\n\tparams : {\n\t\twmode : \"opaque\",\n\t\tallowscriptaccess : \"always\",\n\t\tallownetworking : \"all\",\n\t\tallowfullscreen : \"true\"},\n\tflashvars : {\n\t\tfile : \"http%3A%2F%2Fwww.agriatv.hu%2Fwp-content%2Fuploads%2F2014%2F12%2F1220baleset_gyongyos.flv\",\n\t\tvolume : \"80\",\n\t\tbufferlength : \"5\",\n\t\tquality : \"false\",\n\t\t'logo.hide' : \"false\",\n\t\timage : \"http%3A%2F%2Fwww.agriatv.hu%2Fwp-content%2Fuploads%2F2014%2F12%2F1220baleset_gyongyos.jpg\",\n\t\ttitle : \"1220baleset_gyongyos.flv\",\n\t\tlinktarget : \"_self\"},\n\tattr : {\n\t\tid : \"WT1\",\n\t\tname : \"WT1\"},\n\tstart : function() {\n\t\tswfobject.embedSWF(\"https:\/\/www.agriatv.hu\/\/player.swf\", \"WT1_1\", \"320\", \"240\", \"9.0.0\", false, this.flashvars, this.params , this.attr );\n\t}\n}\nWT1_1.start();\n\t<\/script>\n<\/strong><\/p>\n<\/div>\n","protected":false},"excerpt":{"rendered":"<p>Baleset t\u00f6rt\u00e9nt p\u00e9nteken este a 3-as f\u0151\u00fat Abas\u00e1ri el\u00e1gaz\u00f3j\u00e1ban, Gy\u00f6ngy\u00f6s k\u00f6zel\u00e9ben.<br \/>\nInform\u00e1ci\u00f3ink szerint egy kivil\u00e1g\u00edtatlan szem\u00e9lyaut\u00f3 \u00e1llt a keresztez\u0151d\u00e9sben p\u00e9nteken este.\u00a0 Val\u00f3sz\u00edn\u0171leg m\u0171szaki hiba miatt nem volt kivil\u00e1g\u00edtva az \u00faton \u00e1ll\u00f3 g\u00e9pj\u00e1rm\u0171. Az arra k\u00f6zleked\u0151 szem\u00e9lyaut\u00f3 ez\u00e9rt nem \u00e9szlelte az \u00faton \u00e1ll\u00f3 j\u00e1rm\u0171vet, ez\u00e9rt neki\u00fctk\u00f6z\u00f6tt, majd az \u00e1rokban fejre \u00e1llt.<\/p>\n<p>Ezt k\u00f6vet\u0151en m\u00e9g egy aut\u00f3 nekiment az [&#8230;]<\/p>\n","protected":false},"author":4,"featured_media":0,"comment_status":"closed","ping_status":"closed","sticky":false,"template":"","format":"standard","meta":{"footnotes":""},"categories":[5],"tags":[41,2150,235,122],"class_list":["post-13567","post","type-post","status-publish","format-standard","hentry","category-kek-hirek","tag-baleset","tag-cserbenhagyo","tag-gyongyos","tag-rendorseg"],"_links":{"self":[{"href":"https:\/\/www.agriatv.hu\/index.php?rest_route=\/wp\/v2\/posts\/13567","targetHints":{"allow":["GET"]}}],"collection":[{"href":"https:\/\/www.agriatv.hu\/index.php?rest_route=\/wp\/v2\/posts"}],"about":[{"href":"https:\/\/www.agriatv.hu\/index.php?rest_route=\/wp\/v2\/types\/post"}],"author":[{"embeddable":true,"href":"https:\/\/www.agriatv.hu\/index.php?rest_route=\/wp\/v2\/users\/4"}],"replies":[{"embeddable":true,"href":"https:\/\/www.agriatv.hu\/index.php?rest_route=%2Fwp%2Fv2%2Fcomments&post=13567"}],"version-history":[{"count":2,"href":"https:\/\/www.agriatv.hu\/index.php?rest_route=\/wp\/v2\/posts\/13567\/revisions"}],"predecessor-version":[{"id":13570,"href":"https:\/\/www.agriatv.hu\/index.php?rest_route=\/wp\/v2\/posts\/13567\/revisions\/13570"}],"wp:attachment":[{"href":"https:\/\/www.agriatv.hu\/index.php?rest_route=%2Fwp%2Fv2%2Fmedia&parent=13567"}],"wp:term":[{"taxonomy":"category","embeddable":true,"href":"https:\/\/www.agriatv.hu\/index.php?rest_route=%2Fwp%2Fv2%2Fcategories&post=13567"},{"taxonomy":"post_tag","embeddable":true,"href":"https:\/\/www.agriatv.hu\/index.php?rest_route=%2Fwp%2Fv2%2Ftags&post=13567"}],"curies":[{"name":"wp","href":"https:\/\/api.w.org\/{rel}","templated":true}]}}