{"id":13596,"date":"2015-01-02T14:38:07","date_gmt":"2015-01-02T14:38:07","guid":{"rendered":"http:\/\/www.agriatv.hu\/?p=13596"},"modified":"2015-01-02T14:38:07","modified_gmt":"2015-01-02T14:38:07","slug":"szilveszteri-vigh-laszlo-kupa","status":"publish","type":"post","link":"https:\/\/www.agriatv.hu\/?p=13596","title":{"rendered":"Szilveszteri V\u00edgh L\u00e1szl\u00f3 kupa"},"content":{"rendered":"<p><strong><a href=\"https:\/\/www.agriatv.hu\/wp-content\/uploads\/2015\/01\/foci.jpg\"><img loading=\"lazy\" decoding=\"async\" class=\"alignleft  wp-image-13597\" src=\"https:\/\/www.agriatv.hu\/wp-content\/uploads\/2015\/01\/foci-300x225.jpg\" alt=\"foci\" width=\"163\" height=\"122\" srcset=\"https:\/\/www.agriatv.hu\/wp-content\/uploads\/2015\/01\/foci-300x225.jpg 300w, https:\/\/www.agriatv.hu\/wp-content\/uploads\/2015\/01\/foci-1024x768.jpg 1024w\" sizes=\"auto, (max-width: 163px) 100vw, 163px\" \/><\/a>2014. december 27-28-29-\u00e9n 24 csapat r\u00e9szv\u00e9tel\u00e9vel zajlott az Egri Kultur\u00e1lis \u00e9s M\u0171v\u00e9szeti K\u00f6zpont \u00e9s a Forr\u00e1s Szabadid\u0151s Di\u00e1ksport Egyes\u00fclet \u00e1ltal szervezett X. Jubileumi V\u00edgh L\u00e1szl\u00f3 Szilveszteri Labdar\u00fag\u00f3 Kupatorna.<\/strong><br \/>\nB\u00e1r a sportesem\u00e9ny t\u00f6bb \u00e9vtizedes m\u00falttal b\u00edr, 10 esztendeje viseli egykori szervez\u0151je, V\u00edgh L\u00e1szl\u00f3 nev\u00e9t.<br \/>\nA P\u00e1sztorv\u00f6lgyi \u00c1ltal\u00e1nos Iskola \u00e9s Gimn\u00e1zium tornaterm\u00e9ben a 3 nap alatt 68 m\u00e9rk\u0151z\u00e9s k\u00f6vette egym\u00e1st, melyek sor\u00e1n az al\u00e1bbi eredm\u00e9nyek sz\u00fclettek.<br \/>\n<strong><br \/>\nI. Z\u00f6ldf\u00fcl\u0171ek<\/strong><br \/>\n<em>Balogh Csaba, Dork\u00f3 Istv\u00e1n, Cs\u00f3ka R\u00f3bert, \u00c9rsek Csaba, T\u00f3th Martin, Heged\u0171s Rich\u00e1rd, K\u00f6dm\u00f6n Kriszti\u00e1n, Bal\u00e1zs Lajos<\/em><br \/>\nII. Findzsa FC<br \/>\nIII. Pluto SE<br \/>\nIV. Dream Team<\/p>\n<p style=\"text-align: justify;\"><strong>G\u00f3lkir\u00e1ly: Baji \u00c1d\u00e1m<\/strong> &#8211; Findzsa FC<br \/>\n<strong>Legjobb mez\u0151nyj\u00e1t\u00e9kos: Bata \u00c1rp\u00e1d<\/strong> &#8211; Findzsa FC<br \/>\n<strong>Legjobb kapus: Szil\u00e1gyi D\u00e1niel <\/strong>&#8211; Rocksztar<\/p>\n<p style=\"text-align: justify;\">J\u00e1t\u00e9kvezet\u0151k voltak: Moln\u00e1r L\u00e1szl\u00f3, V\u00e1rallyai Mikl\u00f3s, Gy\u00f6rki Bence, Szigetv\u00e1ri M\u00e1rk<\/p>\n<p style=\"text-align: justify;\">Az \u00e9vfordul\u00f3 tisztelet\u00e9re, a torn\u00e1n r\u00e9sztvev\u0151 csapatoknak hip-hop t\u00e1ncbemutat\u00f3 tartott a Top Dance Company, valamint hast\u00e1nc bemutat\u00f3t a Szemiramisz Vir\u00e1gai Hast\u00e1nc Csoport.<\/p>\n","protected":false},"excerpt":{"rendered":"<p>2014. december 27-28-29-\u00e9n 24 csapat r\u00e9szv\u00e9tel\u00e9vel zajlott az Egri Kultur\u00e1lis \u00e9s M\u0171v\u00e9szeti K\u00f6zpont \u00e9s a Forr\u00e1s Szabadid\u0151s Di\u00e1ksport Egyes\u00fclet \u00e1ltal szervezett X. Jubileumi V\u00edgh L\u00e1szl\u00f3 Szilveszteri Labdar\u00fag\u00f3 Kupatorna.<br \/>\nB\u00e1r a sportesem\u00e9ny t\u00f6bb \u00e9vtizedes m\u00falttal b\u00edr, 10 esztendeje viseli egykori szervez\u0151je, V\u00edgh L\u00e1szl\u00f3 nev\u00e9t.<br \/>\nA P\u00e1sztorv\u00f6lgyi \u00c1ltal\u00e1nos Iskola \u00e9s Gimn\u00e1zium tornaterm\u00e9ben a 3 nap alatt 68 m\u00e9rk\u0151z\u00e9s k\u00f6vette [&#8230;]<\/p>\n","protected":false},"author":4,"featured_media":0,"comment_status":"closed","ping_status":"closed","sticky":false,"template":"","format":"standard","meta":{"footnotes":""},"categories":[11,4],"tags":[1039,2093,2156],"class_list":["post-13596","post","type-post","status-publish","format-standard","hentry","category-sport","category-szabadido","tag-foci","tag-kupa","tag-vigh-laszlo"],"_links":{"self":[{"href":"https:\/\/www.agriatv.hu\/index.php?rest_route=\/wp\/v2\/posts\/13596","targetHints":{"allow":["GET"]}}],"collection":[{"href":"https:\/\/www.agriatv.hu\/index.php?rest_route=\/wp\/v2\/posts"}],"about":[{"href":"https:\/\/www.agriatv.hu\/index.php?rest_route=\/wp\/v2\/types\/post"}],"author":[{"embeddable":true,"href":"https:\/\/www.agriatv.hu\/index.php?rest_route=\/wp\/v2\/users\/4"}],"replies":[{"embeddable":true,"href":"https:\/\/www.agriatv.hu\/index.php?rest_route=%2Fwp%2Fv2%2Fcomments&post=13596"}],"version-history":[{"count":1,"href":"https:\/\/www.agriatv.hu\/index.php?rest_route=\/wp\/v2\/posts\/13596\/revisions"}],"predecessor-version":[{"id":13598,"href":"https:\/\/www.agriatv.hu\/index.php?rest_route=\/wp\/v2\/posts\/13596\/revisions\/13598"}],"wp:attachment":[{"href":"https:\/\/www.agriatv.hu\/index.php?rest_route=%2Fwp%2Fv2%2Fmedia&parent=13596"}],"wp:term":[{"taxonomy":"category","embeddable":true,"href":"https:\/\/www.agriatv.hu\/index.php?rest_route=%2Fwp%2Fv2%2Fcategories&post=13596"},{"taxonomy":"post_tag","embeddable":true,"href":"https:\/\/www.agriatv.hu\/index.php?rest_route=%2Fwp%2Fv2%2Ftags&post=13596"}],"curies":[{"name":"wp","href":"https:\/\/api.w.org\/{rel}","templated":true}]}}